{"id":1020,"date":"2011-10-24T20:29:25","date_gmt":"2011-10-24T20:29:25","guid":{"rendered":"http:\/\/miltonmarchioli.com.br\/blog\/?p=1020"},"modified":"2022-01-04T12:00:31","modified_gmt":"2022-01-04T15:00:31","slug":"casamento-de-fabio-e-nadia-em-marilia","status":"publish","type":"post","link":"https:\/\/miltonmarchioli.com.br\/blog\/casamento-de-fabio-e-nadia-em-marilia\/","title":{"rendered":"Casamento de F\u00e1bio e N\u00e1dia em Mar\u00edlia"},"content":{"rendered":"<p><a href=\"https:\/\/miltonmarchioli.com.br\/blog\/wp-content\/uploads\/FABIO-E-NADIA1.jpg\"><img loading=\"lazy\" decoding=\"async\" class=\"alignleft wp-image-1022\" title=\"FABIO E NADIA\" src=\"https:\/\/miltonmarchioli.com.br\/blog\/wp-content\/uploads\/FABIO-E-NADIA1-300x225.jpg\" alt=\"\" width=\"233\" height=\"175\" srcset=\"https:\/\/miltonmarchioli.com.br\/blog\/wp-content\/uploads\/FABIO-E-NADIA1-300x225.jpg 300w, https:\/\/miltonmarchioli.com.br\/blog\/wp-content\/uploads\/FABIO-E-NADIA1-1024x768.jpg 1024w\" sizes=\"auto, (max-width: 233px) 100vw, 233px\" \/><\/a>No dia\u00a0 22 desse m\u00eas aconteceu o casamento do doutor F\u00e1bio de Araujo Pereira, Residente de Neurologia da Famema, e de sua noiva N\u00e1dia nas depend\u00eancias da ch\u00e1cara Kieza, na cidade de Mar\u00edlia.<\/p>\n<p>Nossos sinceros votos de felicidades ao casal, e que\u00a0 a paz e a harmonia\u00a0 estejam sempre presentes na vida dos rec\u00e9m-casados.<\/p>\n<p>E o que Deus uniu, n\u00e3o separe o homem!<\/p>\n<p>Bela recep\u00e7\u00e3o, e muita m\u00fasica\u00a0 para embalar os convidados.<\/p>\n<p>Devemos registrar as presen\u00e7as dos amigos, o casal\u00a0 Werner Garcia de Souza (Residente de Neurologia da Famema)\u00a0e\u00a0 Dra. Laila\u00a0 (Residente de Anestesiologia da Famema), e ainda da Dra. Vanessa Vieira, Residente de Neurologia da Famema.<\/p>\n<p>E claro,\u00a0mister que se fa\u00e7a o\u00a0registro da\u00a0presen\u00e7a \u00edmpar de Eva Alda Vieira Coelho, que esteve elegantemente vestida para a ocasi\u00e3o t\u00e3o nobre e especial.<\/p>\n<p>Parab\u00e9ns a todos\u00a0 que l\u00e1 estiveram!<\/p>\n<p>Sucesso absoluto ao casal F\u00e1bio e N\u00e1dia !!!<\/p>\n<p><a href=\"https:\/\/miltonmarchioli.com.br\/blog\/wp-content\/uploads\/FESTA-DO-CASAMENTO-DE-FABIO-E-NADIA.jpg\"><img loading=\"lazy\" decoding=\"async\" class=\"aligncenter wp-image-1023\" title=\"FESTA DO CASAMENTO DE FABIO E NADIA\" src=\"https:\/\/miltonmarchioli.com.br\/blog\/wp-content\/uploads\/FESTA-DO-CASAMENTO-DE-FABIO-E-NADIA-300x225.jpg\" alt=\"\" width=\"363\" height=\"273\" srcset=\"https:\/\/miltonmarchioli.com.br\/blog\/wp-content\/uploads\/FESTA-DO-CASAMENTO-DE-FABIO-E-NADIA-300x225.jpg 300w, https:\/\/miltonmarchioli.com.br\/blog\/wp-content\/uploads\/FESTA-DO-CASAMENTO-DE-FABIO-E-NADIA-1024x768.jpg 1024w\" sizes=\"auto, (max-width: 363px) 100vw, 363px\" \/><\/a><\/p>\n","protected":false},"excerpt":{"rendered":"<p>No dia\u00a0 22 desse m\u00eas aconteceu o casamento do doutor F\u00e1bio de Araujo Pereira, Residente de Neurologia da Famema, e de sua noiva N\u00e1dia nas depend\u00eancias da ch\u00e1cara Kieza, na cidade de Mar\u00edlia. Nossos sinceros votos de felicidades ao casal, e que\u00a0 a paz e a harmonia\u00a0 estejam sempre presentes na vida dos rec\u00e9m-casados. E &hellip; <a href=\"https:\/\/miltonmarchioli.com.br\/blog\/casamento-de-fabio-e-nadia-em-marilia\/\" class=\"more-link\">Continue lendo <span class=\"screen-reader-text\">Casamento de F\u00e1bio e N\u00e1dia em Mar\u00edlia<\/span> <span class=\"meta-nav\">&rarr;<\/span><\/a><\/p>\n","protected":false},"author":2,"featured_media":0,"comment_status":"open","ping_status":"open","sticky":false,"template":"","format":"standard","meta":{"rop_custom_images_group":[],"rop_custom_messages_group":[],"rop_publish_now":"initial","rop_publish_now_accounts":[],"rop_publish_now_history":[],"rop_publish_now_status":"pending","footnotes":""},"categories":[13],"tags":[690,689,692,193,693,691],"class_list":["post-1020","post","type-post","status-publish","format-standard","hentry","category-opiniao","tag-eva-alda-vieira-coeho","tag-fabio-araujo-pereira","tag-laila-residente-de-anestesiologia","tag-milton-marchioli","tag-vanessa-vieira-residente-de-neurologia","tag-werner-garcia-de-souza-residente-de-neurologia"],"_links":{"self":[{"href":"https:\/\/miltonmarchioli.com.br\/blog\/wp-json\/wp\/v2\/posts\/1020","targetHints":{"allow":["GET"]}}],"collection":[{"href":"https:\/\/miltonmarchioli.com.br\/blog\/wp-json\/wp\/v2\/posts"}],"about":[{"href":"https:\/\/miltonmarchioli.com.br\/blog\/wp-json\/wp\/v2\/types\/post"}],"author":[{"embeddable":true,"href":"https:\/\/miltonmarchioli.com.br\/blog\/wp-json\/wp\/v2\/users\/2"}],"replies":[{"embeddable":true,"href":"https:\/\/miltonmarchioli.com.br\/blog\/wp-json\/wp\/v2\/comments?post=1020"}],"version-history":[{"count":14,"href":"https:\/\/miltonmarchioli.com.br\/blog\/wp-json\/wp\/v2\/posts\/1020\/revisions"}],"predecessor-version":[{"id":13439,"href":"https:\/\/miltonmarchioli.com.br\/blog\/wp-json\/wp\/v2\/posts\/1020\/revisions\/13439"}],"wp:attachment":[{"href":"https:\/\/miltonmarchioli.com.br\/blog\/wp-json\/wp\/v2\/media?parent=1020"}],"wp:term":[{"taxonomy":"category","embeddable":true,"href":"https:\/\/miltonmarchioli.com.br\/blog\/wp-json\/wp\/v2\/categories?post=1020"},{"taxonomy":"post_tag","embeddable":true,"href":"https:\/\/miltonmarchioli.com.br\/blog\/wp-json\/wp\/v2\/tags?post=1020"}],"curies":[{"name":"wp","href":"https:\/\/api.w.org\/{rel}","templated":true}]}}