{"id":10201,"date":"2015-10-13T19:31:37","date_gmt":"2015-10-13T22:31:37","guid":{"rendered":"http:\/\/miltonmarchioli.com.br\/blog\/?p=10201"},"modified":"2022-02-16T15:17:27","modified_gmt":"2022-02-16T18:17:27","slug":"centro-de-estudos-da-educacao-e-da-saude-da-unesp-marilia-e-inaugurado-com-a-presenca-do-reitor","status":"publish","type":"post","link":"https:\/\/miltonmarchioli.com.br\/blog\/centro-de-estudos-da-educacao-e-da-saude-da-unesp-marilia-e-inaugurado-com-a-presenca-do-reitor\/","title":{"rendered":"Centro de Estudos da Educa\u00e7\u00e3o e da Sa\u00fade da Unesp Mar\u00edlia \u00e9 inaugurado com a presen\u00e7a do reitor"},"content":{"rendered":"<p><a href=\"http:\/\/www.miltonmarchioli.com.br\/blog\/wp-content\/uploads\/julio-cezar-durigan.jpg\"><img loading=\"lazy\" decoding=\"async\" class=\"alignleft size-medium wp-image-13892\" src=\"http:\/\/www.miltonmarchioli.com.br\/blog\/wp-content\/uploads\/julio-cezar-durigan-300x200.jpg\" alt=\"julio cezar durigan\" width=\"300\" height=\"200\" srcset=\"https:\/\/miltonmarchioli.com.br\/blog\/wp-content\/uploads\/julio-cezar-durigan-300x200.jpg 300w, https:\/\/miltonmarchioli.com.br\/blog\/wp-content\/uploads\/julio-cezar-durigan.jpg 550w\" sizes=\"auto, (max-width: 300px) 100vw, 300px\" \/><\/a><\/p>\n<p><span class=\"Capitular\">N<\/span>esta ter\u00e7a-feira, 13 de outubro, a Faculdade de Filosofia e Ci\u00eancias (FFC) da Unesp, C\u00e2mpus de Mar\u00edlia, inaugurou seu novo pr\u00e9dio do CEES &#8211; Centro de Estudos da Educa\u00e7\u00e3o e da Sa\u00fade \u201cDr. Heraldo Lorena Guida\u201d, Unidade Auxiliar que visa apoio ao desenvolvimento das atividades de ensino, pesquisa e extens\u00e3o, voltadas para quest\u00f5es relativas \u00e0 cogni\u00e7\u00e3o, comunica\u00e7\u00e3o, desenvolvimento e educa\u00e7\u00e3o de indiv\u00edduos com necessidades especiais.<\/p>\n<p>A cerim\u00f4nia de inaugura\u00e7\u00e3o aconteceu no hall de entrada do novo pr\u00e9dio pela manh\u00e3, com a presen\u00e7a do Reitor da Unesp, Prof. Julio Cezar Durigan (foto \u00e0 esquerda); Prof. Jos\u00e9 Carlos Miguel, diretor da FFC (foto abaixo); e Profa. Ana Cl\u00e1udia Vieira Cardoso, supervisora do CEES; e autoridades locais e acad\u00eamicas.<\/p>\n<p>Na ocasi\u00e3o, o CESS recebeu oficialmente o nome do Professor Heraldo Lorena Guida,\u00a0<em>in memoriam.\u00a0<\/em><\/p>\n<p>Anunciada em 2011, a obra do CEES\u00a0 com or\u00e7amento em mais de R$7 milh\u00f5es materializa o sonho de toda a comunidade acad\u00eamica unespiana que trabalhou por mais de 20 anos para que o pr\u00e9dio fosse constru\u00eddo.<\/p>\n<p>Atualmente, o CEES funciona no bairro Cascata, em local distante do C\u00e2mpus Universit\u00e1rio, em condi\u00e7\u00f5es prec\u00e1rias.<\/p>\n<p>O novo pr\u00e9dio continuar\u00e1 proporcionando est\u00e1gio e treinamento necess\u00e1rios para a forma\u00e7\u00e3o acad\u00eamica de alunos dos cursos de sa\u00fade, e contribuindo para a especializa\u00e7\u00e3o e aperfei\u00e7oamento de profissionais de sa\u00fade, al\u00e9m de prestar servi\u00e7os diagn\u00f3sticos e de interven\u00e7\u00e3o \u00e0 comunidade de Mar\u00edlia e regi\u00e3o nas \u00e1reas de fisioterapia, fonoaudioloiga e terapia ocupacional, na Av. Hygino Muzzi Filho n\u00ba 737.<\/p>\n<p>Desenvolveram atividades 150 alunos de gradua\u00e7\u00e3o em Fisioterapia, Fonoaudiologia e Terapia Ocupacional; seis alunos do aprimoramento profissional, com bolsa Fundap (Funda\u00e7\u00e3o do Desenvolvimento Administrativo), nas \u00e1reas Fisioterapia, Fonoaudiologia e Terapia Ocupacional e 39 alunos de p\u00f3s-gradua\u00e7\u00e3o, n\u00edvel de mestrado e doutorado, em Educa\u00e7\u00e3o, Fonoaudiologia e Fisioterapia.<\/p>\n<p>Com um aporte de R$250 mil para compra de novos equipamentos e mobili\u00e1rio, o uso completo do novo pr\u00e9dio ser\u00e1 realizado em etapas ao longo dos pr\u00f3ximos meses, sobretudo para que toda a log\u00edstica n\u00e3o interfira nos procedimentos e atendimentos que j\u00e1 est\u00e3o sendo realizados.<\/p>\n<p><span style=\"color: #008000;\"><strong>Hist\u00f3rico do CEES<\/strong><\/span><\/p>\n<p>Em 1978, foi criado na Unesp de Mar\u00edlia o Centro de Orienta\u00e7\u00e3o Educacional (COE) por professores do Departamento de Psicologia da Educa\u00e7\u00e3o e constitu\u00eda-se em um \u00f3rg\u00e3o de extens\u00e3o para presta\u00e7\u00e3o de servi\u00e7os \u00e0 comunidade em atendimento psicopedag\u00f3gico, social e terap\u00eautico a crian\u00e7a carentes da rede p\u00fablica de ensino com dist\u00farbios de de aprendizagem.<\/p>\n<p>Com aumento do volume de atendimentos realizados e da sua repercuss\u00e3o na comunidade regional foi iniciado o processo de sua transforma\u00e7\u00e3o em Unidade Auxiliar, a qual se concretizou em 1988.<\/p>\n<p>Iniciou-se, a partir de 1992, uma extensa discuss\u00e3o para a revis\u00e3o dos crit\u00e9rios e procedimentos de atendimento, em vista da fun\u00e7\u00e3o de Unidade Auxiliar.<\/p>\n<p>Concomitantemente as atividades desenvolvidas no COE havia\u00a0 outro conjunto de atividades de extens\u00e3o, desde 1993, com a cria\u00e7\u00e3o da Cl\u00ednica de Fonoaudiologia (CF) para servir de campos de est\u00e1gio para os alunos daquele curso.<\/p>\n<p>As discuss\u00f5es foram redirecionadas, e a partir de 1998, no sentido de organizar e desenvolver uma \u00fanica Unidade Auxiliar que ent\u00e3o eram desenvolvidas no COE e na CF.<\/p>\n<p>Assim, em 2000, foi aprovada uma reestrutura\u00e7\u00e3o e o COE passou a se chamar Centro de Estudos da Educa\u00e7\u00e3o e da Sa\u00fade (CEES).<\/p>\n<p>Estivemos presentes na inaugura\u00e7\u00e3o do novo CEES , o qual apresenta o ambulat\u00f3rio de neurologia para atendimento da cidade de Mar\u00edlia, e sob nossa supervis\u00e3o desde maio de 2014 com alunos de fisiologia, fisioterapia e terapia ocupacional.<\/p>\n<p>Uma homenagem especial a professora Ana Cl\u00e1udia Vieira Cardoso pela incans\u00e1vel luta na constru\u00e7\u00e3o e supervis\u00e3o do novo CEES.<\/p>\n<p>&nbsp;<\/p>\n<p><a href=\"http:\/\/www.miltonmarchioli.com.br\/blog\/wp-content\/uploads\/JOS\u00c9-MIGUEL-UNESP-MAR\u00cdLIA.jpg\"><img loading=\"lazy\" decoding=\"async\" class=\"aligncenter size-full wp-image-13891\" src=\"http:\/\/www.miltonmarchioli.com.br\/blog\/wp-content\/uploads\/JOS\u00c9-MIGUEL-UNESP-MAR\u00cdLIA.jpg\" alt=\"JOS\u00c9 MIGUEL - UNESP MAR\u00cdLIA\" width=\"550\" height=\"367\" srcset=\"https:\/\/miltonmarchioli.com.br\/blog\/wp-content\/uploads\/JOS\u00c9-MIGUEL-UNESP-MAR\u00cdLIA.jpg 550w, https:\/\/miltonmarchioli.com.br\/blog\/wp-content\/uploads\/JOS\u00c9-MIGUEL-UNESP-MAR\u00cdLIA-300x200.jpg 300w\" sizes=\"auto, (max-width: 550px) 100vw, 550px\" \/><\/a><\/p>\n","protected":false},"excerpt":{"rendered":"<p>Nesta ter\u00e7a-feira, 13 de outubro, a Faculdade de Filosofia e Ci\u00eancias (FFC) da Unesp, C\u00e2mpus de Mar\u00edlia, inaugurou seu novo pr\u00e9dio do CEES &#8211; Centro de Estudos da Educa\u00e7\u00e3o e da Sa\u00fade \u201cDr. Heraldo Lorena Guida\u201d, Unidade Auxiliar que visa apoio ao desenvolvimento das atividades de ensino, pesquisa e extens\u00e3o, voltadas para quest\u00f5es relativas \u00e0 &hellip; <a href=\"https:\/\/miltonmarchioli.com.br\/blog\/centro-de-estudos-da-educacao-e-da-saude-da-unesp-marilia-e-inaugurado-com-a-presenca-do-reitor\/\" class=\"more-link\">Continue lendo <span class=\"screen-reader-text\">Centro de Estudos da Educa\u00e7\u00e3o e da Sa\u00fade da Unesp Mar\u00edlia \u00e9 inaugurado com a presen\u00e7a do reitor<\/span> <span class=\"meta-nav\">&rarr;<\/span><\/a><\/p>\n","protected":false},"author":2,"featured_media":0,"comment_status":"open","ping_status":"closed","sticky":false,"template":"","format":"standard","meta":{"rop_custom_images_group":[],"rop_custom_messages_group":[],"rop_publish_now":"initial","rop_publish_now_accounts":[],"rop_publish_now_history":[],"rop_publish_now_status":"pending","footnotes":""},"categories":[8,332,13,366,9],"tags":[1302,662],"class_list":["post-10201","post","type-post","status-publish","format-standard","hentry","category-direito-e-saude","category-educacao","category-opiniao","category-politica","category-saude-publica","tag-cees","tag-unesp-marilia"],"_links":{"self":[{"href":"https:\/\/miltonmarchioli.com.br\/blog\/wp-json\/wp\/v2\/posts\/10201","targetHints":{"allow":["GET"]}}],"collection":[{"href":"https:\/\/miltonmarchioli.com.br\/blog\/wp-json\/wp\/v2\/posts"}],"about":[{"href":"https:\/\/miltonmarchioli.com.br\/blog\/wp-json\/wp\/v2\/types\/post"}],"author":[{"embeddable":true,"href":"https:\/\/miltonmarchioli.com.br\/blog\/wp-json\/wp\/v2\/users\/2"}],"replies":[{"embeddable":true,"href":"https:\/\/miltonmarchioli.com.br\/blog\/wp-json\/wp\/v2\/comments?post=10201"}],"version-history":[{"count":7,"href":"https:\/\/miltonmarchioli.com.br\/blog\/wp-json\/wp\/v2\/posts\/10201\/revisions"}],"predecessor-version":[{"id":13893,"href":"https:\/\/miltonmarchioli.com.br\/blog\/wp-json\/wp\/v2\/posts\/10201\/revisions\/13893"}],"wp:attachment":[{"href":"https:\/\/miltonmarchioli.com.br\/blog\/wp-json\/wp\/v2\/media?parent=10201"}],"wp:term":[{"taxonomy":"category","embeddable":true,"href":"https:\/\/miltonmarchioli.com.br\/blog\/wp-json\/wp\/v2\/categories?post=10201"},{"taxonomy":"post_tag","embeddable":true,"href":"https:\/\/miltonmarchioli.com.br\/blog\/wp-json\/wp\/v2\/tags?post=10201"}],"curies":[{"name":"wp","href":"https:\/\/api.w.org\/{rel}","templated":true}]}}