{"id":1062,"date":"2011-10-29T20:02:05","date_gmt":"2011-10-29T20:02:05","guid":{"rendered":"http:\/\/miltonmarchioli.com.br\/blog\/?p=1062"},"modified":"2022-01-04T13:28:28","modified_gmt":"2022-01-04T16:28:28","slug":"doenca-de-parkinson-seminario-curso-de-medicina-da-famema-2","status":"publish","type":"post","link":"https:\/\/miltonmarchioli.com.br\/blog\/doenca-de-parkinson-seminario-curso-de-medicina-da-famema-2\/","title":{"rendered":"Doen\u00e7a de Parkinson. Semin\u00e1rio. Curso de Medicina da Famema"},"content":{"rendered":"<p><img loading=\"lazy\" decoding=\"async\" class=\"alignleft wp-image-11905\" src=\"https:\/\/miltonmarchioli.com.br\/blog\/wp-content\/uploads\/doen\u00e7a-de-parkinson-demais-300x300.jpg\" alt=\"doen\u00e7a de parkinson - demais\" width=\"270\" height=\"270\" srcset=\"https:\/\/miltonmarchioli.com.br\/blog\/wp-content\/uploads\/doen\u00e7a-de-parkinson-demais-300x300.jpg 300w, https:\/\/miltonmarchioli.com.br\/blog\/wp-content\/uploads\/doen\u00e7a-de-parkinson-demais-150x150.jpg 150w, https:\/\/miltonmarchioli.com.br\/blog\/wp-content\/uploads\/doen\u00e7a-de-parkinson-demais.jpg 350w\" sizes=\"auto, (max-width: 270px) 100vw, 270px\" \/><a href=\"https:\/\/miltonmarchioli.com.br\/blog\/wp-content\/uploads\/Doen\u00e7a-de-Parkinson-JADE-ZEZZI.pdf\">Semin\u00e1rio da Doen\u00e7a de Parkinson\u00a0\u00a0apresentado brilhantemente pela aluna do 4\u00ba ano do curso de medicina da Famema Jade Zezzi, \u00a0no Ambulat\u00f3rio Neurovascular &#8211; Ambulat\u00f3rio M\u00e1rio Covas- disciplinas\u00a0 Neurologia e Educa\u00e7\u00e3o em Ci\u00eancias da Sa\u00fade.<\/a><\/p>\n<p>No semin\u00e1rio, discute-se epidemiologia, quadro cl\u00ednico, semiologia, fisiopatogenia e tratamento cl\u00ednico.<\/p>\n<p>As doen\u00e7as incapacitantes promovem grande demanda \u00e0 Seguridade Social &#8211;\u00a0 Sa\u00fade e Assist\u00eancia Social.<\/p>\n<p>Incapacidades permanentes precoces podem acontecer pelo tratamento inadequado para a Doen\u00e7a de Parkinson, e que por tal motivo leva aos acometidos\u00a0 apresentarem incapacidade laboral precoce em suas vidas.<\/p>\n<p>O diagn\u00f3stico preciso, e a escolha de tratamento com f\u00e1rmacos corretamente indicados, e em dosagens corretas ameniza a progress\u00e3o acelerada da incapacidade motora e a perda cognitiva dos acometidos com tal enfermidade.<\/p>\n<p>A Doen\u00e7a de Parkinson Idiop\u00e1tica \u00e9 uma doen\u00e7a neurodegenerativa progressiva de v\u00e1rias estruturas e circuitos neuronais.<\/p>\n<p>Em n\u00edvel bioqu\u00edmico caracteriza-se fundamental por diminui\u00e7\u00e3o do neurotransmissor dopamina no circuito nigroestriatal devido \u00e0 \u201cmorte\u201d de c\u00e9lulas dopamin\u00e9rgicas na Subst\u00e2ncia<strong><em> Nigra Pars Compacta.<\/em><\/strong><\/p>\n<p>Desde a d\u00e9cada de 1960, que a medica\u00e7\u00e3o que tem como princ\u00edpio ativo base a levodopa (transformada em dopamina), e mant\u00e9m-se at\u00e9 \u00e0 atualidade como a principal e mais eficaz terap\u00eautica na Doen\u00e7a de Parkinson.<\/p>\n<p>V\u00e1rios estudos t\u00eam indicado que os sintomas e sinais centrais (bradicinesia, tremor, rigidez, instabilidade postural) da Doen\u00e7a de Parkinson s\u00f3 se comecem a manifestar quando o sistema nigroestriatal j\u00e1 perdeu entre 40-60% das suas c\u00e9lulas.<\/p>\n<p>Deste achado cient\u00edfico infere-se que as restantes c\u00e9lulas neuronais dopamin\u00e9rgicas t\u00eam capacidade compensat\u00f3ria nas fases iniciais da doen\u00e7a.<\/p>\n<p>Esta capacidade compensat\u00f3ria cr\u00ea-se que derive das c\u00e9lulas neuronais dopamin\u00e9rgicas conseguirem armazenar a dopamina, fornecida pela medica\u00e7\u00e3o oral, e a \u201clibertarem de forma natural\u201d na fenda sin\u00e1ptica mantendo um normal funcionamento da rede de circuitos envolvidos no controlo de movimentos.<\/p>\n<p>Sendo assim, at\u00e9 est\u00e1dios avan\u00e7ados da doen\u00e7a, a medica\u00e7\u00e3o \u00e9 satisfat\u00f3ria no controlo sintom\u00e1tico.<\/p>\n<p>No entanto, a neurodegeneresc\u00eancia progride, com cada vez menos c\u00e9lulas dopamin\u00e9rgicas, e por conseguinte menor capacidade de armazenamento neuronal de dopamina, e menos capacidade compensat\u00f3ria.<\/p>\n<p>Deste modo, concentra\u00e7\u00f5es n\u00e3o constantes de dopamina no sangue v\u00e3o se refletir em anormal funcionamento da rede neuronal.<\/p>\n<p>O Ambulat\u00f3rio Mario Covas atende os encaminhamentos do Departamento\u00a0 Regional de Sa\u00fade IX do Estado de S\u00e3o Paulo.<\/p>\n<p>Lutemos por uma Sa\u00fade P\u00fablica com qualidade !<\/p>\n<p>Em defesa do SUS !<\/p>\n<p><img loading=\"lazy\" decoding=\"async\" class=\"aligncenter size-full wp-image-11906\" src=\"https:\/\/miltonmarchioli.com.br\/blog\/wp-content\/uploads\/doen\u00e7a-de-parkinson-maos.jpg\" alt=\"doen\u00e7a de parkinson-maos\" width=\"690\" height=\"350\" srcset=\"https:\/\/miltonmarchioli.com.br\/blog\/wp-content\/uploads\/doen\u00e7a-de-parkinson-maos.jpg 690w, https:\/\/miltonmarchioli.com.br\/blog\/wp-content\/uploads\/doen\u00e7a-de-parkinson-maos-300x152.jpg 300w\" sizes=\"auto, (max-width: 690px) 100vw, 690px\" \/><\/p>\n","protected":false},"excerpt":{"rendered":"<p>Semin\u00e1rio da Doen\u00e7a de Parkinson\u00a0\u00a0apresentado brilhantemente pela aluna do 4\u00ba ano do curso de medicina da Famema Jade Zezzi, \u00a0no Ambulat\u00f3rio Neurovascular &#8211; Ambulat\u00f3rio M\u00e1rio Covas- disciplinas\u00a0 Neurologia e Educa\u00e7\u00e3o em Ci\u00eancias da Sa\u00fade. No semin\u00e1rio, discute-se epidemiologia, quadro cl\u00ednico, semiologia, fisiopatogenia e tratamento cl\u00ednico. As doen\u00e7as incapacitantes promovem grande demanda \u00e0 Seguridade Social &#8211;\u00a0 &hellip; <a href=\"https:\/\/miltonmarchioli.com.br\/blog\/doenca-de-parkinson-seminario-curso-de-medicina-da-famema-2\/\" class=\"more-link\">Continue lendo <span class=\"screen-reader-text\">Doen\u00e7a de Parkinson. Semin\u00e1rio. Curso de Medicina da Famema<\/span> <span class=\"meta-nav\">&rarr;<\/span><\/a><\/p>\n","protected":false},"author":2,"featured_media":0,"comment_status":"open","ping_status":"open","sticky":false,"template":"","format":"standard","meta":{"rop_custom_images_group":[],"rop_custom_messages_group":[],"rop_publish_now":"initial","rop_publish_now_accounts":[],"rop_publish_now_history":[],"rop_publish_now_status":"pending","footnotes":""},"categories":[4,13,9],"tags":[392,79],"class_list":["post-1062","post","type-post","status-publish","format-standard","hentry","category-neurologia","category-opiniao","category-saude-publica","tag-ambulatorio-neurovascular-ambulatorio-mario-covas","tag-doenca-de-parkinson"],"_links":{"self":[{"href":"https:\/\/miltonmarchioli.com.br\/blog\/wp-json\/wp\/v2\/posts\/1062","targetHints":{"allow":["GET"]}}],"collection":[{"href":"https:\/\/miltonmarchioli.com.br\/blog\/wp-json\/wp\/v2\/posts"}],"about":[{"href":"https:\/\/miltonmarchioli.com.br\/blog\/wp-json\/wp\/v2\/types\/post"}],"author":[{"embeddable":true,"href":"https:\/\/miltonmarchioli.com.br\/blog\/wp-json\/wp\/v2\/users\/2"}],"replies":[{"embeddable":true,"href":"https:\/\/miltonmarchioli.com.br\/blog\/wp-json\/wp\/v2\/comments?post=1062"}],"version-history":[{"count":16,"href":"https:\/\/miltonmarchioli.com.br\/blog\/wp-json\/wp\/v2\/posts\/1062\/revisions"}],"predecessor-version":[{"id":13447,"href":"https:\/\/miltonmarchioli.com.br\/blog\/wp-json\/wp\/v2\/posts\/1062\/revisions\/13447"}],"wp:attachment":[{"href":"https:\/\/miltonmarchioli.com.br\/blog\/wp-json\/wp\/v2\/media?parent=1062"}],"wp:term":[{"taxonomy":"category","embeddable":true,"href":"https:\/\/miltonmarchioli.com.br\/blog\/wp-json\/wp\/v2\/categories?post=1062"},{"taxonomy":"post_tag","embeddable":true,"href":"https:\/\/miltonmarchioli.com.br\/blog\/wp-json\/wp\/v2\/tags?post=1062"}],"curies":[{"name":"wp","href":"https:\/\/api.w.org\/{rel}","templated":true}]}}