{"id":1077,"date":"2011-10-30T17:34:09","date_gmt":"2011-10-30T17:34:09","guid":{"rendered":"http:\/\/miltonmarchioli.com.br\/blog\/?p=1077"},"modified":"2022-01-04T18:06:06","modified_gmt":"2022-01-04T21:06:06","slug":"cpi-da-fumes-prossegue-em-2011-com-oitivas-e-depoimentos","status":"publish","type":"post","link":"https:\/\/miltonmarchioli.com.br\/blog\/cpi-da-fumes-prossegue-em-2011-com-oitivas-e-depoimentos\/","title":{"rendered":"CPI da Fumes prossegue em 2011 com oitivas e depoimentos"},"content":{"rendered":"<p><a href=\"https:\/\/miltonmarchioli.com.br\/blog\/wp-content\/uploads\/cpi-da-fumes-2.jpg\"><img loading=\"lazy\" decoding=\"async\" class=\"alignleft wp-image-5915\" title=\"cpi da fumes 2\" src=\"https:\/\/miltonmarchioli.com.br\/blog\/wp-content\/uploads\/cpi-da-fumes-2.jpg\" alt=\"\" width=\"333\" height=\"99\" srcset=\"https:\/\/miltonmarchioli.com.br\/blog\/wp-content\/uploads\/cpi-da-fumes-2.jpg 554w, https:\/\/miltonmarchioli.com.br\/blog\/wp-content\/uploads\/cpi-da-fumes-2-300x89.jpg 300w\" sizes=\"auto, (max-width: 333px) 100vw, 333px\" \/><\/a>Ap\u00f3s as oitivas dos dias 07\/10 e 25\/10, a CPI que investiga atos administrativos que ocorreram por servidores da\u00a0 Fumes, estar\u00e1 agendado para o dia 31\/10 nova oitiva a ser realizada pelos vereadores que comp\u00f5em a mesma: Eduardo Gimenes, Wilson Damasceno e\u00a0 L\u00e1zaro da\u00a0 Cruz.<\/p>\n<p>O n\u00e3o recolhimento de INSS \u00e9 crime previsto pelo C\u00f3digo Penal, e\u00a0a Lei 9.983, de 14 de julho de 2000, inseriu no C\u00f3digo Penal Brasileiro por meio do Artigo 168-A o crime de Apropria\u00e7\u00e3o Ind\u00e9bita\u00a0Previdenci\u00e1ria.<\/p>\n<p>O artigo diz que:<\/p>\n<p><strong>\u00a0\u201cDeixar de repassar \u00e0 previd\u00eancia social as\u00a0contribui\u00e7\u00f5es recolhidas dos contribuintes, no prazo e forma legal ou convencional\u201d\u00a0&#8211; Pena \u2013 reclus\u00e3o, de 2 (dois) a 5 (cinco) anos, e multa. Inclusive para os\u00a0administradores p\u00fablicos e seus subordinados.<\/strong><\/p>\n<div>\n<p>&#8216;Deixar de repassar\u201d,\u00a0\u00e9 uma conduta omissiva, ou seja, o que deveria ter sido feito, e n\u00e3o foi,\u00a0o\u00a0que afasta a necessidade jur\u00eddica\u00a0 de dific\u00edlima\u00a0 comprova\u00e7\u00e3o que \u00e9 o &#8220;animus rem sibi habendi &#8221;\u00a0(inten\u00e7\u00e3o de ter a coisa para si), ou seja, da exist\u00eancia do dolo na apropria\u00e7\u00e3o ind\u00e9bita.<\/p>\n<p>Fazer\u00a0acordos\u00a0a posteriori (arrependimento posterior, artigo 16 do C\u00f3digo Penal ), \u00e0s pressas para o pagamento ao INSS, do que lhe \u00e9 devido, n\u00e3o\u00a0anula o il\u00edcito produzido, o qual continuar\u00e1\u00a0pass\u00edvel de ser punido.<\/p>\n<p>O Estado n\u00e3o pode ficar sem os\u00a0500 milh\u00f5es de reais\u00a0\u00a0pela aus\u00eancia\u00a0 de contribui\u00e7\u00f5es previdenci\u00e1rias para o INSS e FGTS, as quais ser\u00e3o essenciais para a sa\u00fade, visando o pagamento de aposentadorias e pens\u00f5es dos segurados do Brasil, ao se considerar\u00a0 a autarquia de e.<\/p>\n<p>Que as\u00a0institui\u00e7\u00f5es p\u00fablicas estejam \u00e0 altura das suas responsabilidades!<\/p>\n<p>Em defesa da impessoalidade, transpar\u00eancia e publicidade nas administra\u00e7\u00f5es p\u00fablicas !<\/p>\n<p><a href=\"https:\/\/miltonmarchioli.com.br\/blog\/wp-content\/uploads\/cpi-da-fumes-1.jpg\"><img loading=\"lazy\" decoding=\"async\" class=\"aligncenter wp-image-5916\" title=\"cpi da fumes 1\" src=\"https:\/\/miltonmarchioli.com.br\/blog\/wp-content\/uploads\/cpi-da-fumes-1.jpg\" alt=\"\" width=\"416\" height=\"307\" srcset=\"https:\/\/miltonmarchioli.com.br\/blog\/wp-content\/uploads\/cpi-da-fumes-1.jpg 552w, https:\/\/miltonmarchioli.com.br\/blog\/wp-content\/uploads\/cpi-da-fumes-1-300x221.jpg 300w\" sizes=\"auto, (max-width: 416px) 100vw, 416px\" \/><\/a><\/p>\n<\/div>\n","protected":false},"excerpt":{"rendered":"<p>Ap\u00f3s as oitivas dos dias 07\/10 e 25\/10, a CPI que investiga atos administrativos que ocorreram por servidores da\u00a0 Fumes, estar\u00e1 agendado para o dia 31\/10 nova oitiva a ser realizada pelos vereadores que comp\u00f5em a mesma: Eduardo Gimenes, Wilson Damasceno e\u00a0 L\u00e1zaro da\u00a0 Cruz. O n\u00e3o recolhimento de INSS \u00e9 crime previsto pelo C\u00f3digo &hellip; <a href=\"https:\/\/miltonmarchioli.com.br\/blog\/cpi-da-fumes-prossegue-em-2011-com-oitivas-e-depoimentos\/\" class=\"more-link\">Continue lendo <span class=\"screen-reader-text\">CPI da Fumes prossegue em 2011 com oitivas e depoimentos<\/span> <span class=\"meta-nav\">&rarr;<\/span><\/a><\/p>\n","protected":false},"author":2,"featured_media":0,"comment_status":"open","ping_status":"open","sticky":false,"template":"","format":"standard","meta":{"rop_custom_images_group":[],"rop_custom_messages_group":[],"rop_publish_now":"initial","rop_publish_now_accounts":[],"rop_publish_now_history":[],"rop_publish_now_status":"pending","footnotes":""},"categories":[18,8,13,9],"tags":[87,202,1196,1195],"class_list":["post-1077","post","type-post","status-publish","format-standard","hentry","category-direito","category-direito-e-saude","category-opiniao","category-saude-publica","tag-cpi-fumes","tag-famema","tag-fgts","tag-inss"],"_links":{"self":[{"href":"https:\/\/miltonmarchioli.com.br\/blog\/wp-json\/wp\/v2\/posts\/1077","targetHints":{"allow":["GET"]}}],"collection":[{"href":"https:\/\/miltonmarchioli.com.br\/blog\/wp-json\/wp\/v2\/posts"}],"about":[{"href":"https:\/\/miltonmarchioli.com.br\/blog\/wp-json\/wp\/v2\/types\/post"}],"author":[{"embeddable":true,"href":"https:\/\/miltonmarchioli.com.br\/blog\/wp-json\/wp\/v2\/users\/2"}],"replies":[{"embeddable":true,"href":"https:\/\/miltonmarchioli.com.br\/blog\/wp-json\/wp\/v2\/comments?post=1077"}],"version-history":[{"count":17,"href":"https:\/\/miltonmarchioli.com.br\/blog\/wp-json\/wp\/v2\/posts\/1077\/revisions"}],"predecessor-version":[{"id":13448,"href":"https:\/\/miltonmarchioli.com.br\/blog\/wp-json\/wp\/v2\/posts\/1077\/revisions\/13448"}],"wp:attachment":[{"href":"https:\/\/miltonmarchioli.com.br\/blog\/wp-json\/wp\/v2\/media?parent=1077"}],"wp:term":[{"taxonomy":"category","embeddable":true,"href":"https:\/\/miltonmarchioli.com.br\/blog\/wp-json\/wp\/v2\/categories?post=1077"},{"taxonomy":"post_tag","embeddable":true,"href":"https:\/\/miltonmarchioli.com.br\/blog\/wp-json\/wp\/v2\/tags?post=1077"}],"curies":[{"name":"wp","href":"https:\/\/api.w.org\/{rel}","templated":true}]}}