{"id":10833,"date":"2013-07-11T22:32:50","date_gmt":"2013-07-12T01:32:50","guid":{"rendered":"http:\/\/miltonmarchioli.com.br\/blog\/?p=10833"},"modified":"2022-01-20T17:32:30","modified_gmt":"2022-01-20T20:32:30","slug":"lei-12-842-lei-do-exercicio-da-medicina-no-brasil","status":"publish","type":"post","link":"https:\/\/miltonmarchioli.com.br\/blog\/lei-12-842-lei-do-exercicio-da-medicina-no-brasil\/","title":{"rendered":"Lei 12.842. Lei do exerc\u00edcio da medicina no Brasil."},"content":{"rendered":"<p><span style=\"color: #000080; font-family: Arial;\"><small><strong><a href=\"https:\/\/miltonmarchioli.com.br\/blog\/wp-content\/uploads\/o-medico-vale-muito.jpg\"><img loading=\"lazy\" decoding=\"async\" class=\"alignleft wp-image-10835\" src=\"https:\/\/miltonmarchioli.com.br\/blog\/wp-content\/uploads\/o-medico-vale-muito-300x212.jpg\" alt=\"o medico vale muito\" width=\"198\" height=\"140\" srcset=\"https:\/\/miltonmarchioli.com.br\/blog\/wp-content\/uploads\/o-medico-vale-muito-300x212.jpg 300w, https:\/\/miltonmarchioli.com.br\/blog\/wp-content\/uploads\/o-medico-vale-muito.jpg 554w\" sizes=\"auto, (max-width: 198px) 100vw, 198px\" \/><\/a><a href=\"http:\/\/www.planalto.gov.br\/ccivil_03\/_Ato2011-2014\/2013\/Lei\/L12842.htm\">LEI N\u00ba 12.842, DE\u00a010 DE JULHO DE 2013.<\/a><\/strong><\/small><\/span><\/p>\n<p>Disp\u00f5e sobre o exerc\u00edcio da medicina.<\/p>\n<p><strong>PRESIDENTA\u00a0DA\u00a0REP\u00daBLICA<\/strong><\/p>\n<p>Fa\u00e7o saber que o Congresso Nacional decreta e eu sanciono a seguinte Lei:<\/p>\n<p>Art. 1<u><sup>o<\/sup><\/u>\u00a0 O exerc\u00edcio da Medicina \u00e9 regido pelas disposi\u00e7\u00f5es desta Lei.<\/p>\n<p>Art. 2<u><sup>o<\/sup><\/u> \u00a0O objeto da atua\u00e7\u00e3o do m\u00e9dico \u00e9 a sa\u00fade do ser humano e das coletividades humanas, em benef\u00edcio da qual dever\u00e1 agir com o m\u00e1ximo de zelo, com o melhor de sua capacidade profissional e sem discrimina\u00e7\u00e3o de qualquer natureza.<\/p>\n<p>Par\u00e1grafo \u00fanico. \u00a0O m\u00e9dico desenvolver\u00e1 suas a\u00e7\u00f5es profissionais no campo da aten\u00e7\u00e3o \u00e0 sa\u00fade para:<\/p>\n<p>I &#8211; a promo\u00e7\u00e3o, a prote\u00e7\u00e3o e a recupera\u00e7\u00e3o da sa\u00fade;<\/p>\n<p>II &#8211; a preven\u00e7\u00e3o, o diagn\u00f3stico e o tratamento das doen\u00e7as;<\/p>\n<p>III &#8211; a reabilita\u00e7\u00e3o dos enfermos e portadores de defici\u00eancias.<\/p>\n<p>Art. 3<u><sup>o<\/sup><\/u> \u00a0O m\u00e9dico integrante da equipe de sa\u00fade que assiste o indiv\u00edduo ou a coletividade atuar\u00e1 em m\u00fatua colabora\u00e7\u00e3o com os demais profissionais de sa\u00fade que a comp\u00f5em.<\/p>\n<p>Art. 4<u><sup>o<\/sup><\/u> \u00a0S\u00e3o atividades privativas do m\u00e9dico:<\/p>\n<p>I &#8211; (VETADO);<\/p>\n<p>II &#8211; indica\u00e7\u00e3o e execu\u00e7\u00e3o da interven\u00e7\u00e3o cir\u00fargica e prescri\u00e7\u00e3o dos cuidados m\u00e9dicos pr\u00e9 e p\u00f3s-operat\u00f3rios;<\/p>\n<p>III &#8211; indica\u00e7\u00e3o da execu\u00e7\u00e3o e execu\u00e7\u00e3o de procedimentos invasivos, sejam diagn\u00f3sticos, terap\u00eauticos ou est\u00e9ticos, incluindo os acessos vasculares profundos, as bi\u00f3psias e as endoscopias;<\/p>\n<p>IV &#8211; intuba\u00e7\u00e3o traqueal;<\/p>\n<p>V &#8211; coordena\u00e7\u00e3o da estrat\u00e9gia ventilat\u00f3ria inicial para a ventila\u00e7\u00e3o mec\u00e2nica invasiva, bem como das mudan\u00e7as necess\u00e1rias diante das intercorr\u00eancias cl\u00ednicas, e do programa de interrup\u00e7\u00e3o da ventila\u00e7\u00e3o mec\u00e2nica invasiva, incluindo a desintuba\u00e7\u00e3o traqueal;<\/p>\n<p>VI &#8211; execu\u00e7\u00e3o de seda\u00e7\u00e3o profunda, bloqueios anest\u00e9sicos e anestesia geral;<\/p>\n<p>VII &#8211; emiss\u00e3o de laudo dos exames endosc\u00f3picos e de imagem, dos procedimentos diagn\u00f3sticos invasivos e dos exames anatomopatol\u00f3gicos;<\/p>\n<p>VIII &#8211; (VETADO);<\/p>\n<p>IX &#8211; (VETADO);<\/p>\n<p>X &#8211; determina\u00e7\u00e3o do progn\u00f3stico relativo ao diagn\u00f3stico nosol\u00f3gico;<\/p>\n<p>XI &#8211; indica\u00e7\u00e3o de interna\u00e7\u00e3o e alta m\u00e9dica nos servi\u00e7os de aten\u00e7\u00e3o \u00e0 sa\u00fade;<\/p>\n<p>XII &#8211; realiza\u00e7\u00e3o de per\u00edcia m\u00e9dica e exames m\u00e9dico-legais, excetuados os exames laboratoriais de an\u00e1lises cl\u00ednicas, toxicol\u00f3gicas, gen\u00e9ticas e de biologia molecular;<\/p>\n<p>XIII &#8211; atesta\u00e7\u00e3o m\u00e9dica de condi\u00e7\u00f5es de sa\u00fade, doen\u00e7as e poss\u00edveis sequelas;<\/p>\n<p>XIV &#8211; atesta\u00e7\u00e3o do \u00f3bito, exceto em casos de morte natural em localidade em que n\u00e3o haja m\u00e9dico.<\/p>\n<ul>\n<li>1<u><sup>o<\/sup><\/u> \u00a0Diagn\u00f3stico nosol\u00f3gico \u00e9 a determina\u00e7\u00e3o da doen\u00e7a que acomete o ser humano, aqui definida como interrup\u00e7\u00e3o, cessa\u00e7\u00e3o ou dist\u00farbio da fun\u00e7\u00e3o do corpo, sistema ou \u00f3rg\u00e3o, caracterizada por, no m\u00ednimo, 2 (dois) dos seguintes crit\u00e9rios:<\/li>\n<\/ul>\n<p>I &#8211; agente etiol\u00f3gico reconhecido;<\/p>\n<p>II &#8211; grupo identific\u00e1vel de sinais ou sintomas;<\/p>\n<p>III &#8211; altera\u00e7\u00f5es anat\u00f4micas ou psicopatol\u00f3gicas.<\/p>\n<ul>\n<li>2<u><sup>o<\/sup><\/u> \u00a0(VETADO).<\/li>\n<li>3<u><sup>o<\/sup><\/u> \u00a0As doen\u00e7as, para os efeitos desta Lei, encontram-se referenciadas na vers\u00e3o atualizada da Classifica\u00e7\u00e3o Estat\u00edstica Internacional de Doen\u00e7as e Problemas Relacionados \u00e0 Sa\u00fade.<\/li>\n<li>4<u><sup>o<\/sup><\/u> \u00a0Procedimentos invasivos, para os efeitos desta Lei, s\u00e3o os caracterizados por quaisquer das seguintes situa\u00e7\u00f5es:<\/li>\n<\/ul>\n<p>I &#8211; (VETADO);<\/p>\n<p>II &#8211; (VETADO);<\/p>\n<p>III &#8211; invas\u00e3o dos orif\u00edcios naturais do corpo, atingindo \u00f3rg\u00e3os internos.<\/p>\n<ul>\n<li>5<u><sup>o<\/sup><\/u> \u00a0Excetuam-se do rol de atividades privativas do m\u00e9dico:<\/li>\n<\/ul>\n<p>I &#8211; (VETADO);<\/p>\n<p>II &#8211; (VETADO);<\/p>\n<p>III &#8211; aspira\u00e7\u00e3o nasofaringeana ou orotraqueal;<\/p>\n<p>IV &#8211; (VETADO);<\/p>\n<p>V &#8211; realiza\u00e7\u00e3o de curativo com desbridamento at\u00e9 o limite do tecido subcut\u00e2neo, sem a necessidade de tratamento cir\u00fargico;<\/p>\n<p>VI &#8211; atendimento \u00e0 pessoa sob risco de morte iminente;<\/p>\n<p>VII &#8211; realiza\u00e7\u00e3o de exames citopatol\u00f3gicos e seus respectivos laudos;<\/p>\n<p>VIII &#8211; coleta de material biol\u00f3gico para realiza\u00e7\u00e3o de an\u00e1lises cl\u00ednico-laboratoriais;<\/p>\n<p>IX &#8211; procedimentos realizados atrav\u00e9s de orif\u00edcios naturais em estruturas anat\u00f4micas visando \u00e0 recupera\u00e7\u00e3o f\u00edsico-funcional e n\u00e3o comprometendo a estrutura celular e tecidual.<\/p>\n<ul>\n<li>6<u><sup>o<\/sup><\/u> \u00a0O disposto neste artigo n\u00e3o se aplica ao exerc\u00edcio da Odontologia, no \u00e2mbito de sua \u00e1rea de atua\u00e7\u00e3o.<\/li>\n<li>7<u><sup>o<\/sup><\/u> \u00a0O disposto neste artigo ser\u00e1 aplicado de forma que sejam resguardadas as compet\u00eancias pr\u00f3prias das profiss\u00f5es de assistente social, bi\u00f3logo, biom\u00e9dico, enfermeiro, farmac\u00eautico, fisioterapeuta, fonoaudi\u00f3logo, nutricionista, profissional de educa\u00e7\u00e3o f\u00edsica, psic\u00f3logo, terapeuta ocupacional e t\u00e9cnico e tecn\u00f3logo de radiologia.<\/li>\n<\/ul>\n<p>Art. 5<u><sup>o<\/sup><\/u> \u00a0S\u00e3o privativos de m\u00e9dico:<\/p>\n<p>I &#8211; (VETADO);<\/p>\n<p>II &#8211; per\u00edcia e auditoria m\u00e9dicas; coordena\u00e7\u00e3o e supervis\u00e3o vinculadas, de forma imediata e direta, \u00e0s atividades privativas de m\u00e9dico;<\/p>\n<p>III &#8211; ensino de disciplinas especificamente m\u00e9dicas;<\/p>\n<p>IV &#8211; coordena\u00e7\u00e3o dos cursos de gradua\u00e7\u00e3o em Medicina, dos programas de resid\u00eancia m\u00e9dica e dos cursos de p\u00f3s-gradua\u00e7\u00e3o espec\u00edficos para m\u00e9dicos.<\/p>\n<p>Par\u00e1grafo \u00fanico. \u00a0A dire\u00e7\u00e3o administrativa de servi\u00e7os de sa\u00fade n\u00e3o constitui fun\u00e7\u00e3o privativa de m\u00e9dico.<\/p>\n<p>Art. 6<u><sup>o<\/sup><\/u> \u00a0A denomina\u00e7\u00e3o de \u201cm\u00e9dico\u201d \u00e9 privativa dos graduados em cursos superiores de Medicina, e o exerc\u00edcio da profiss\u00e3o, dos inscritos no Conselho Regional de Medicina com jurisdi\u00e7\u00e3o na respectiva unidade da Federa\u00e7\u00e3o.<\/p>\n<p>Art. 7<u><sup>o<\/sup><\/u> \u00a0Compreende-se entre as compet\u00eancias do Conselho Federal de Medicina editar normas para definir o car\u00e1ter experimental de procedimentos em Medicina, autorizando ou vedando a sua pr\u00e1tica pelos m\u00e9dicos.<\/p>\n<p>Par\u00e1grafo \u00fanico. \u00a0A compet\u00eancia fiscalizadora dos Conselhos Regionais de Medicina abrange a fiscaliza\u00e7\u00e3o e o controle dos procedimentos especificados no caput, bem como a aplica\u00e7\u00e3o das san\u00e7\u00f5es pertinentes em caso de inobserv\u00e2ncia das normas determinadas pelo Conselho Federal.<\/p>\n<p>Art. 8<u><sup>o<\/sup><\/u> \u00a0Esta Lei entra em vigor 60 (sessenta) dias ap\u00f3s a data de sua publica\u00e7\u00e3o.<\/p>\n<p>Bras\u00edlia, 10 de julho de 2013; 192<u><sup>o<\/sup><\/u> da Independ\u00eancia e 125<u><sup>o<\/sup><\/u> da Rep\u00fablica.<\/p>\n<p>DILMA ROUSSEFF<br \/>\n<em>Guido Mantega<br \/>\nManoel Dias<br \/>\nAlexandre Rocha Santos Padilha<br \/>\nMiriam Belchior<br \/>\nGilberto Carvalho<\/em><\/p>\n<p><a href=\"https:\/\/miltonmarchioli.com.br\/blog\/wp-content\/uploads\/lei-do-ato-medico.png\"><img loading=\"lazy\" decoding=\"async\" class=\"aligncenter size-full wp-image-10834\" src=\"https:\/\/miltonmarchioli.com.br\/blog\/wp-content\/uploads\/lei-do-ato-medico.png\" alt=\"lei do ato medico\" width=\"700\" height=\"340\" srcset=\"https:\/\/miltonmarchioli.com.br\/blog\/wp-content\/uploads\/lei-do-ato-medico.png 700w, https:\/\/miltonmarchioli.com.br\/blog\/wp-content\/uploads\/lei-do-ato-medico-300x146.png 300w\" sizes=\"auto, (max-width: 700px) 100vw, 700px\" \/><\/a><\/p>\n<p>&nbsp;<\/p>\n","protected":false},"excerpt":{"rendered":"<p>LEI N\u00ba 12.842, DE\u00a010 DE JULHO DE 2013. Disp\u00f5e sobre o exerc\u00edcio da medicina. PRESIDENTA\u00a0DA\u00a0REP\u00daBLICA Fa\u00e7o saber que o Congresso Nacional decreta e eu sanciono a seguinte Lei: Art. 1o\u00a0 O exerc\u00edcio da Medicina \u00e9 regido pelas disposi\u00e7\u00f5es desta Lei. Art. 2o \u00a0O objeto da atua\u00e7\u00e3o do m\u00e9dico \u00e9 a sa\u00fade do ser humano e &hellip; <a href=\"https:\/\/miltonmarchioli.com.br\/blog\/lei-12-842-lei-do-exercicio-da-medicina-no-brasil\/\" class=\"more-link\">Continue lendo <span class=\"screen-reader-text\">Lei 12.842. Lei do exerc\u00edcio da medicina no Brasil.<\/span> <span class=\"meta-nav\">&rarr;<\/span><\/a><\/p>\n","protected":false},"author":2,"featured_media":0,"comment_status":"open","ping_status":"closed","sticky":false,"template":"","format":"standard","meta":{"rop_custom_images_group":[],"rop_custom_messages_group":[],"rop_publish_now":"initial","rop_publish_now_accounts":[],"rop_publish_now_history":[],"rop_publish_now_status":"pending","footnotes":""},"categories":[18,8],"tags":[804,803],"class_list":["post-10833","post","type-post","status-publish","format-standard","hentry","category-direito","category-direito-e-saude","tag-lei-12-842","tag-lei-do-exercicio-da-medicina-no-brasil"],"_links":{"self":[{"href":"https:\/\/miltonmarchioli.com.br\/blog\/wp-json\/wp\/v2\/posts\/10833","targetHints":{"allow":["GET"]}}],"collection":[{"href":"https:\/\/miltonmarchioli.com.br\/blog\/wp-json\/wp\/v2\/posts"}],"about":[{"href":"https:\/\/miltonmarchioli.com.br\/blog\/wp-json\/wp\/v2\/types\/post"}],"author":[{"embeddable":true,"href":"https:\/\/miltonmarchioli.com.br\/blog\/wp-json\/wp\/v2\/users\/2"}],"replies":[{"embeddable":true,"href":"https:\/\/miltonmarchioli.com.br\/blog\/wp-json\/wp\/v2\/comments?post=10833"}],"version-history":[{"count":6,"href":"https:\/\/miltonmarchioli.com.br\/blog\/wp-json\/wp\/v2\/posts\/10833\/revisions"}],"predecessor-version":[{"id":12910,"href":"https:\/\/miltonmarchioli.com.br\/blog\/wp-json\/wp\/v2\/posts\/10833\/revisions\/12910"}],"wp:attachment":[{"href":"https:\/\/miltonmarchioli.com.br\/blog\/wp-json\/wp\/v2\/media?parent=10833"}],"wp:term":[{"taxonomy":"category","embeddable":true,"href":"https:\/\/miltonmarchioli.com.br\/blog\/wp-json\/wp\/v2\/categories?post=10833"},{"taxonomy":"post_tag","embeddable":true,"href":"https:\/\/miltonmarchioli.com.br\/blog\/wp-json\/wp\/v2\/tags?post=10833"}],"curies":[{"name":"wp","href":"https:\/\/api.w.org\/{rel}","templated":true}]}}