{"id":11058,"date":"2015-12-18T20:33:27","date_gmt":"2015-12-18T22:33:27","guid":{"rendered":"http:\/\/miltonmarchioli.com.br\/blog\/?p=11058"},"modified":"2022-02-21T08:54:56","modified_gmt":"2022-02-21T11:54:56","slug":"novos-advogados-inscritos-na-oab-sp-31a-subsecao-marilia","status":"publish","type":"post","link":"https:\/\/miltonmarchioli.com.br\/blog\/novos-advogados-inscritos-na-oab-sp-31a-subsecao-marilia\/","title":{"rendered":"Novos advogados inscritos na OAB SP- 31\u00aa Subse\u00e7\u00e3o Mar\u00edlia"},"content":{"rendered":"<p><a href=\"https:\/\/miltonmarchioli.com.br\/blog\/wp-content\/uploads\/OAB-MAR\u00cdLIA.jpg\"><img loading=\"lazy\" decoding=\"async\" class=\"alignleft size-medium wp-image-12305\" src=\"https:\/\/miltonmarchioli.com.br\/blog\/wp-content\/uploads\/OAB-MAR\u00cdLIA-300x188.jpg\" alt=\"OAB MAR\u00cdLIA\" width=\"300\" height=\"188\" srcset=\"https:\/\/miltonmarchioli.com.br\/blog\/wp-content\/uploads\/OAB-MAR\u00cdLIA-300x188.jpg 300w, https:\/\/miltonmarchioli.com.br\/blog\/wp-content\/uploads\/OAB-MAR\u00cdLIA.jpg 400w\" sizes=\"auto, (max-width: 300px) 100vw, 300px\" \/><\/a>Em cerim\u00f4nia realizada OAB\/SP, Subse\u00e7\u00e3o 31\u00aa Mar\u00edlia, nesta sexta-feira (18\/12), novos advogados prestaram o Termo de Compromisso que ratifica a inscri\u00e7\u00e3o nos quadros da Ordem dos Advogados do Brasil.<\/p>\n<p>Integraram a mesa o presidente Tayon Soffener Berlanga, o Procurador de Justi\u00e7a de S\u00e3o Paulo Nadir de Campos J\u00fanior, o conselheiro da OAB Miguel\u00a0 Angelo Guillen Lopes, o advogado decano Nadir de Campos,\u00a0 o advogado\u00a0Bruno Ferrini Manh\u00e3es Bacella, representante da Comiss\u00e3o do Jovem Advogado, e o advogado decano Cristov\u00e3o Castilho<\/p>\n<p>Foi lido o Termo de Compromisso aos bachar\u00e9is integrantes da OAB:<\/p>\n<p><span data-ft=\"{&quot;tn&quot;:&quot;K&quot;}\"><span class=\"UFICommentBody _1n4g\">&#8220;Prometo exercer a advocacia com dignidade e independ\u00eancia, observar a \u00e9tica, os deveres e as prerrogativas profissionais, e defender a Constitui\u00e7\u00e3o, a ordem jur\u00eddica do Estado Democr\u00e1tico, os direitos humanos, a justi\u00e7a social, a boa aplica\u00e7\u00e3o das leis, a r\u00e1pida administra\u00e7\u00e3o da justi\u00e7a e o aperfei\u00e7oamento da cultura e das institui\u00e7\u00f5es jur\u00eddicas&#8221;.<\/span><\/span><\/p>\n<p>O presidente da 31 \u00aa Subse\u00e7\u00e3o- Mar\u00edlia\/S\u00e3o Paulo, transmitiu sua experi\u00eancia aos novos colegas destacando suas motiva\u00e7\u00f5es. \u201cFa\u00e7o esse convite hoje a vossas excel\u00eancias para atuarem com ousadia na luta pelo direito e pela justi\u00e7a neste of\u00edcio de ser advogado. Temos como homens e mulheres, a servi\u00e7o da lei e da justi\u00e7a, a honra de velar pela democracia t\u00e3o batalhada pela nossa sociedade. Ser advogado \u00e9 estar a servi\u00e7o da liberdade\u201d<\/p>\n<p>Ap\u00f3s prestar o Termo de Compromisso na OAB, o bacharel em Direito\u00a0 perante o Conselho Seccional, recebeu a entrega das Carteiras da OAB.<\/p>\n<p>Meus sinceros agradecimentos \u00e0 presid\u00eancia da 31 \u00aa Se\u00e7\u00e3o da OAB de Mar\u00edlia pelo convite para a leitura do Termo de Compromisso diante de todos os Bachar\u00e9is de Direito presentes \u00e0 sess\u00e3o.<\/p>\n<p>Ser advogado \u00e9 exteriorizar os 10 mandamentos do dec\u00e1logo do advogado.<\/p>\n<p>O inesquec\u00edvel mestre uruguaio\u00a0Juan Eduardo Couture Etcheverry\u00a0(1904-1956), que a comunidade jur\u00eddica internacional conhece, admira e identifica como\u00a0Eduardo Couture, Catedr\u00e1tico de Processo Civil, Decano da Faculdade de Direito de Montevid\u00e9u, deixou um not\u00e1vel patrim\u00f4nio de trabalhos jur\u00eddicos em suas atividades de professor e de escritor.<\/p>\n<p>Merecem destaque Os Mandamentos do Advogado:<\/p>\n<p><strong>Primeiro:<\/strong><span class=\"Apple-converted-space\">\u00a0<\/span><br \/>\n<strong>ESTUDE.<\/strong><span class=\"Apple-converted-space\">\u00a0<\/span>O Direito est\u00e1 em constante transforma\u00e7\u00e3o. Se n\u00e3o o acompanha voc\u00ea ser\u00e1 cada dia menos Advogado.<br \/>\n<strong>Segundo:<\/strong><span class=\"Apple-converted-space\">\u00a0<\/span><br \/>\n<strong>PENSE.<\/strong><span class=\"Apple-converted-space\">\u00a0<\/span>O Direito se aprende estudando; por\u00e9m, se pratica pensando.<span class=\"Apple-converted-space\">\u00a0<\/span><br \/>\n<strong>Terceiro:<\/strong><span class=\"Apple-converted-space\">\u00a0<\/span><br \/>\n<strong>TRABALHE.<\/strong><span class=\"Apple-converted-space\">\u00a0<\/span>A advocacia \u00e9 uma fatigante e \u00e1rdua atividade posta a servi\u00e7o da Justi\u00e7a.<span class=\"Apple-converted-space\">\u00a0<\/span><br \/>\n<strong>Quarto:<\/strong><span class=\"Apple-converted-space\">\u00a0<\/span><br \/>\n<strong>LUTE.<\/strong><span class=\"Apple-converted-space\">\u00a0<\/span>O seu dever \u00e9 lutar pelo Direito; por\u00e9m, quando encontrar o Direito em conflito com a Justi\u00e7a, lute pela Justi\u00e7a.<span class=\"Apple-converted-space\">\u00a0<\/span><br \/>\n<strong>Quinto:<\/strong><span class=\"Apple-converted-space\">\u00a0<\/span><br \/>\n<strong>SEJA LEAL.<\/strong><span class=\"Apple-converted-space\">\u00a0<\/span>Leal para com o cliente, a quem n\u00e3o deve abandonar a n\u00e3o ser que perceba que ele \u00e9 indigno do seu patroc\u00ednio. Leal para com o advers\u00e1rio, ainda quando ele seja desleal consigo. Leal para com o Juiz que ignora os fatos e deve confiar no que voc\u00ea lhe diz; e que, mesmo quanto ao Direito, \u00e0s vezes tem de confiar no que voc\u00ea lhe invoca.<span class=\"Apple-converted-space\">\u00a0<\/span><br \/>\n<strong>Sexto:<\/strong><span class=\"Apple-converted-space\">\u00a0<\/span><br \/>\n<strong>TOLERA.<\/strong><span class=\"Apple-converted-space\">\u00a0<\/span>Tolere a verdade alheia como gostaria que a sua fosse tolerada.<br \/>\n<strong>S\u00e9timo:<\/strong><span class=\"Apple-converted-space\">\u00a0<\/span><br \/>\n<strong>TENHA PACI\u00caNCIA.<\/strong><span class=\"Apple-converted-space\">\u00a0<\/span>O tempo vinga-se das coisas que se fazem sem a sua colabora\u00e7\u00e3o.<span class=\"Apple-converted-space\">\u00a0<\/span><br \/>\n<strong>Oitavo:<\/strong><span class=\"Apple-converted-space\">\u00a0<\/span><br \/>\n<strong>TENHA F\u00c9.<\/strong><span class=\"Apple-converted-space\">\u00a0<\/span>Tenha f\u00e9 no Direito como o melhor instrumento para a conviv\u00eancia humana; na Justi\u00e7a, como o destino natural do Direito; na paz, como substitutivo benevolente da Justi\u00e7a; e, sobretudo, tenha f\u00e9 na liberdade, sem a qual n\u00e3o h\u00e1 Direito, nem Justi\u00e7a, nem paz.<span class=\"Apple-converted-space\">\u00a0<\/span><br \/>\n<strong>Nono:<\/strong><span class=\"Apple-converted-space\">\u00a0<\/span><br \/>\n<strong>ESQUE\u00c7A.<\/strong><span class=\"Apple-converted-space\">\u00a0<\/span>A advocacia \u00e9 uma luta de paix\u00f5es. Se a cada batalha for carregando a sua alma de rancor chegar\u00e1 o dia em que a vida ser\u00e1 imposs\u00edvel para voc\u00ea. Terminado o combate esque\u00e7a logo tanto a vit\u00f3ria como a derrota.<br \/>\n<strong>D\u00e9cimo:<\/strong><span class=\"Apple-converted-space\">\u00a0<\/span><br \/>\n<strong>AME A SUA PROFISS\u00c3O.<\/strong><span class=\"Apple-converted-space\">\u00a0<\/span>Procure considerar a advocacia de tal maneira que, no dia em que seu filho lhe pedir conselho sobre o futuro, considere uma honra aconselh\u00e1-lo a ser Advogado\u201d.<\/p>\n<p><span class=\"Apple-converted-space\">\u00a0<\/span>Couture afirma que os mandamentos s\u00e3o \u201c<em>dec\u00e1logos do dever, da cortesia e da nobreza da profiss\u00e3o. Querem significar em poucas palavras a dignidade do minist\u00e9rio do advogado. Ordenam e confortam ao mesmo tempo; mant\u00e9m alerta a consci\u00eancia do dever; procuram ajustar a condi\u00e7\u00e3o humana do advogado \u00e0 miss\u00e3o quase divina da defesa\u201d<\/em>.<\/p>\n<p><em>Os Mandamentos do Advogado- 3\u00aa ed. Porto Alegre, 1987.<\/em><\/p>\n<p><img loading=\"lazy\" decoding=\"async\" class=\"aligncenter size-full wp-image-11076\" src=\"https:\/\/miltonmarchioli.com.br\/blog\/wp-content\/uploads\/DSC01826-2.jpg\" alt=\"DSC01826\" width=\"1728\" height=\"3072\" srcset=\"https:\/\/miltonmarchioli.com.br\/blog\/wp-content\/uploads\/DSC01826-2.jpg 1728w, https:\/\/miltonmarchioli.com.br\/blog\/wp-content\/uploads\/DSC01826-2-169x300.jpg 169w, https:\/\/miltonmarchioli.com.br\/blog\/wp-content\/uploads\/DSC01826-2-768x1365.jpg 768w, https:\/\/miltonmarchioli.com.br\/blog\/wp-content\/uploads\/DSC01826-2-576x1024.jpg 576w\" sizes=\"auto, (max-width: 1728px) 100vw, 1728px\" \/><\/p>\n<p>&#8220;Quem n\u00e3o luta pelos seus direitos, n\u00e3o \u00e9 digno deles&#8221;<\/p>\n<p style=\"text-align: center;\">Rui Barbosa<\/p>\n","protected":false},"excerpt":{"rendered":"<p>Em cerim\u00f4nia realizada OAB\/SP, Subse\u00e7\u00e3o 31\u00aa Mar\u00edlia, nesta sexta-feira (18\/12), novos advogados prestaram o Termo de Compromisso que ratifica a inscri\u00e7\u00e3o nos quadros da Ordem dos Advogados do Brasil. Integraram a mesa o presidente Tayon Soffener Berlanga, o Procurador de Justi\u00e7a de S\u00e3o Paulo Nadir de Campos J\u00fanior, o conselheiro da OAB Miguel\u00a0 Angelo Guillen &hellip; <a href=\"https:\/\/miltonmarchioli.com.br\/blog\/novos-advogados-inscritos-na-oab-sp-31a-subsecao-marilia\/\" class=\"more-link\">Continue lendo <span class=\"screen-reader-text\">Novos advogados inscritos na OAB SP- 31\u00aa Subse\u00e7\u00e3o Mar\u00edlia<\/span> <span class=\"meta-nav\">&rarr;<\/span><\/a><\/p>\n","protected":false},"author":2,"featured_media":0,"comment_status":"open","ping_status":"closed","sticky":false,"template":"","format":"standard","meta":{"rop_custom_images_group":[],"rop_custom_messages_group":[],"rop_publish_now":"initial","rop_publish_now_accounts":[],"rop_publish_now_history":[],"rop_publish_now_status":"pending","footnotes":""},"categories":[18,13],"tags":[193,834,833],"class_list":["post-11058","post","type-post","status-publish","format-standard","hentry","category-direito","category-opiniao","tag-milton-marchioli","tag-oab-sp-31a-subsecao-de-marilia","tag-termo-de-compromisso"],"_links":{"self":[{"href":"https:\/\/miltonmarchioli.com.br\/blog\/wp-json\/wp\/v2\/posts\/11058","targetHints":{"allow":["GET"]}}],"collection":[{"href":"https:\/\/miltonmarchioli.com.br\/blog\/wp-json\/wp\/v2\/posts"}],"about":[{"href":"https:\/\/miltonmarchioli.com.br\/blog\/wp-json\/wp\/v2\/types\/post"}],"author":[{"embeddable":true,"href":"https:\/\/miltonmarchioli.com.br\/blog\/wp-json\/wp\/v2\/users\/2"}],"replies":[{"embeddable":true,"href":"https:\/\/miltonmarchioli.com.br\/blog\/wp-json\/wp\/v2\/comments?post=11058"}],"version-history":[{"count":9,"href":"https:\/\/miltonmarchioli.com.br\/blog\/wp-json\/wp\/v2\/posts\/11058\/revisions"}],"predecessor-version":[{"id":12306,"href":"https:\/\/miltonmarchioli.com.br\/blog\/wp-json\/wp\/v2\/posts\/11058\/revisions\/12306"}],"wp:attachment":[{"href":"https:\/\/miltonmarchioli.com.br\/blog\/wp-json\/wp\/v2\/media?parent=11058"}],"wp:term":[{"taxonomy":"category","embeddable":true,"href":"https:\/\/miltonmarchioli.com.br\/blog\/wp-json\/wp\/v2\/categories?post=11058"},{"taxonomy":"post_tag","embeddable":true,"href":"https:\/\/miltonmarchioli.com.br\/blog\/wp-json\/wp\/v2\/tags?post=11058"}],"curies":[{"name":"wp","href":"https:\/\/api.w.org\/{rel}","templated":true}]}}