{"id":1106,"date":"2011-11-02T13:14:34","date_gmt":"2011-11-02T13:14:34","guid":{"rendered":"http:\/\/miltonmarchioli.com.br\/blog\/?p=1106"},"modified":"2022-01-06T14:57:14","modified_gmt":"2022-01-06T17:57:14","slug":"inaugurado-o-antigo-predio-da-companhia-paulista-de-forca-e-luz-para-funcionar-a-famema","status":"publish","type":"post","link":"https:\/\/miltonmarchioli.com.br\/blog\/inaugurado-o-antigo-predio-da-companhia-paulista-de-forca-e-luz-para-funcionar-a-famema\/","title":{"rendered":"Novas instala\u00e7\u00f5es da Secretaria Geral e Unidade de Educa\u00e7\u00e3o da Famema"},"content":{"rendered":"<p><a href=\"https:\/\/miltonmarchioli.com.br\/blog\/wp-content\/uploads\/cpfl-famema.jpg\"><img loading=\"lazy\" decoding=\"async\" class=\"alignleft wp-image-9286\" src=\"https:\/\/miltonmarchioli.com.br\/blog\/wp-content\/uploads\/cpfl-famema.jpg\" alt=\"cpfl- famema\" width=\"262\" height=\"197\" srcset=\"https:\/\/miltonmarchioli.com.br\/blog\/wp-content\/uploads\/cpfl-famema.jpg 333w, https:\/\/miltonmarchioli.com.br\/blog\/wp-content\/uploads\/cpfl-famema-300x225.jpg 300w\" sizes=\"auto, (max-width: 262px) 100vw, 262px\" \/><\/a>Dia 31 de outubro\u00a0 de 2011 foram inauguradas \u00a0as novas instala\u00e7\u00f5es da Unidade Educacional e Secretaria Geral da Faculdade de Medicina de Marilia (Famema), onde funcionava a sede da Companhia Paulista de For\u00e7a e Luz (CPFL).<\/p>\n<p>As diretorias anteriores da Famema nunca se preocuparam com a infraestrutura no ensino e assist\u00eancia, e praticamente todas as atividades acad\u00eamicas ocorrem em\u00a0 pr\u00e9dios alugados, o que aumenta o custo sensivelmente do or\u00e7amento anual da institui\u00e7\u00e3o, incluindo sal\u00e1rios de docentes,\u00a0 servidores t\u00e9cnico-administrativos e todo o complexo hospitalar &#8211;\u00a0 HC I, HC II e HC III.<\/p>\n<p>Em defesa do ensino superior com qualidade nas faculdades de medicina do Brasil !<\/p>\n<p>&nbsp;<\/p>\n<p><a href=\"http:\/\/www.miltonmarchioli.com.br\/blog\/wp-content\/uploads\/inagura\u00e7\u00e3o.jpg\"><img loading=\"lazy\" decoding=\"async\" class=\"aligncenter size-full wp-image-13454\" src=\"http:\/\/www.miltonmarchioli.com.br\/blog\/wp-content\/uploads\/inagura\u00e7\u00e3o.jpg\" alt=\"inagura\u00e7\u00e3o\" width=\"800\" height=\"617\" srcset=\"https:\/\/miltonmarchioli.com.br\/blog\/wp-content\/uploads\/inagura\u00e7\u00e3o.jpg 800w, https:\/\/miltonmarchioli.com.br\/blog\/wp-content\/uploads\/inagura\u00e7\u00e3o-300x231.jpg 300w, https:\/\/miltonmarchioli.com.br\/blog\/wp-content\/uploads\/inagura\u00e7\u00e3o-768x592.jpg 768w\" sizes=\"auto, (max-width: 800px) 100vw, 800px\" \/><\/a><\/p>\n","protected":false},"excerpt":{"rendered":"<p>Dia 31 de outubro\u00a0 de 2011 foram inauguradas \u00a0as novas instala\u00e7\u00f5es da Unidade Educacional e Secretaria Geral da Faculdade de Medicina de Marilia (Famema), onde funcionava a sede da Companhia Paulista de For\u00e7a e Luz (CPFL). As diretorias anteriores da Famema nunca se preocuparam com a infraestrutura no ensino e assist\u00eancia, e praticamente todas as &hellip; <a href=\"https:\/\/miltonmarchioli.com.br\/blog\/inaugurado-o-antigo-predio-da-companhia-paulista-de-forca-e-luz-para-funcionar-a-famema\/\" class=\"more-link\">Continue lendo <span class=\"screen-reader-text\">Novas instala\u00e7\u00f5es da Secretaria Geral e Unidade de Educa\u00e7\u00e3o da Famema<\/span> <span class=\"meta-nav\">&rarr;<\/span><\/a><\/p>\n","protected":false},"author":2,"featured_media":0,"comment_status":"open","ping_status":"open","sticky":false,"template":"","format":"standard","meta":{"rop_custom_images_group":[],"rop_custom_messages_group":[],"rop_publish_now":"initial","rop_publish_now_accounts":[],"rop_publish_now_history":[],"rop_publish_now_status":"pending","footnotes":""},"categories":[18,8,332],"tags":[1203,1204],"class_list":["post-1106","post","type-post","status-publish","format-standard","hentry","category-direito","category-direito-e-saude","category-educacao","tag-secretaria-geral-da-famema","tag-unidade-educacional-da-famema"],"_links":{"self":[{"href":"https:\/\/miltonmarchioli.com.br\/blog\/wp-json\/wp\/v2\/posts\/1106","targetHints":{"allow":["GET"]}}],"collection":[{"href":"https:\/\/miltonmarchioli.com.br\/blog\/wp-json\/wp\/v2\/posts"}],"about":[{"href":"https:\/\/miltonmarchioli.com.br\/blog\/wp-json\/wp\/v2\/types\/post"}],"author":[{"embeddable":true,"href":"https:\/\/miltonmarchioli.com.br\/blog\/wp-json\/wp\/v2\/users\/2"}],"replies":[{"embeddable":true,"href":"https:\/\/miltonmarchioli.com.br\/blog\/wp-json\/wp\/v2\/comments?post=1106"}],"version-history":[{"count":24,"href":"https:\/\/miltonmarchioli.com.br\/blog\/wp-json\/wp\/v2\/posts\/1106\/revisions"}],"predecessor-version":[{"id":13455,"href":"https:\/\/miltonmarchioli.com.br\/blog\/wp-json\/wp\/v2\/posts\/1106\/revisions\/13455"}],"wp:attachment":[{"href":"https:\/\/miltonmarchioli.com.br\/blog\/wp-json\/wp\/v2\/media?parent=1106"}],"wp:term":[{"taxonomy":"category","embeddable":true,"href":"https:\/\/miltonmarchioli.com.br\/blog\/wp-json\/wp\/v2\/categories?post=1106"},{"taxonomy":"post_tag","embeddable":true,"href":"https:\/\/miltonmarchioli.com.br\/blog\/wp-json\/wp\/v2\/tags?post=1106"}],"curies":[{"name":"wp","href":"https:\/\/api.w.org\/{rel}","templated":true}]}}