{"id":11067,"date":"2015-12-19T12:27:01","date_gmt":"2015-12-19T14:27:01","guid":{"rendered":"http:\/\/miltonmarchioli.com.br\/blog\/?p=11067"},"modified":"2022-02-21T09:04:17","modified_gmt":"2022-02-21T12:04:17","slug":"advogado-profissao-que-luta-pela-justica-sessao-solene-da-31a-subsecao-de-marilia-oab-sp","status":"publish","type":"post","link":"https:\/\/miltonmarchioli.com.br\/blog\/advogado-profissao-que-luta-pela-justica-sessao-solene-da-31a-subsecao-de-marilia-oab-sp\/","title":{"rendered":"Advogado: profiss\u00e3o que luta pela justi\u00e7a ! Sess\u00e3o solene da 31\u00aa Subse\u00e7\u00e3o de Mar\u00edlia OAB SP"},"content":{"rendered":"<p><img loading=\"lazy\" decoding=\"async\" class=\"alignleft size-medium wp-image-11070\" src=\"https:\/\/miltonmarchioli.com.br\/blog\/wp-content\/uploads\/DSC01824-300x169.jpg\" alt=\"DSC01824\" width=\"300\" height=\"169\" srcset=\"https:\/\/miltonmarchioli.com.br\/blog\/wp-content\/uploads\/DSC01824-300x169.jpg 300w, https:\/\/miltonmarchioli.com.br\/blog\/wp-content\/uploads\/DSC01824-768x432.jpg 768w, https:\/\/miltonmarchioli.com.br\/blog\/wp-content\/uploads\/DSC01824-1024x576.jpg 1024w\" sizes=\"auto, (max-width: 300px) 100vw, 300px\" \/>Imaginar que em cinco anos ao terminar o curso de Bacharel em Direito, e logo no primeiro exame da OAB j\u00e1 ter sido aprovado na Ordem dos Advogados do Brasil foi a consolida\u00e7\u00e3o do projeto que almejamos desde o primeiro dia da gradua\u00e7\u00e3o (2010-2014).<\/p>\n<p>A sess\u00e3o solene ocorreu no dia 18 de dezembro de 2015 e integraram a mesa o presidente Tayon Soffener Berlanga, o Procurador de Justi\u00e7a de S\u00e3o Paulo Nadir de Campos J\u00fanior, o conselheiro da OAB Miguel\u00a0 Angelo Guillen Lopes, o advogado decano Nadir de Campos,\u00a0 o advogado\u00a0Bruno Ferrini Manh\u00e3es Bacella, representante da Comiss\u00e3o do Jovem Advogado, e o advogado decano Cristov\u00e3o Castilho<\/p>\n<p>Sem imaginar que a sess\u00e3o solene foi muito especial, j\u00e1 que havia advogados muito jovens em receber a Carteira de Advogado, e outros nem t\u00e3o jovens [inclusive o autor do blog] &#8230;<\/p>\n<p>A verdade \u00e9 que adentrar e fazer parte do mundo jur\u00eddico \u00e9 um desafio enorme para quem realmente quer lutar pela justi\u00e7a, e n\u00e3o apenas pelo Direito, pois a advocacia \u00e9 a \u00fanica profiss\u00e3o expressamente regulamentada em seu exerc\u00edcio, na Constitui\u00e7\u00e3o Federal:<\/p>\n<p><em>Art. 133. O advogado \u00e9 indispens\u00e1vel \u00e0 administra\u00e7\u00e3o da justi\u00e7a, sendo inviol\u00e1vel por seus atos e manifesta\u00e7\u00f5es no exerc\u00edcio da profiss\u00e3o, nos limites da lei.<\/em><\/p>\n<p>Na atual sociedade a cleptocracia impera, e paradoxalmente os honestos s\u00e3o perseguidos nas institui\u00e7\u00f5es onde trabalham, e os pilantras, com face de com mocinho, ocupam os cargos de dire\u00e7\u00e3o, e apenas est\u00e3o ocupando esses cargos para se enriquecerem, mesclando o direito p\u00fablico ao privado.<\/p>\n<p>Os advogados precisam denunciar as administra\u00e7\u00f5es fraudulentas no Minist\u00e9rio P\u00fablico a fim de sanear as diretorias corruptas, truculentas e incompetentes\u00a0 na gest\u00e3o de recursos p\u00fablicos.<\/p>\n<p>Desde que o mundo \u00e9 mundo, o bem e o mal se digladiam, incessantemente.<\/p>\n<p>H\u00e1 milh\u00f5es de pessoas no mundo lutando pelo bem.<\/p>\n<p>Outros defendem o mal.<\/p>\n<p>O bem e o mal s\u00e3o do\u00a0 Ser Humano.<\/p>\n<p>A preponder\u00e2ncia de um ou de outro depende das resist\u00eancias e obst\u00e1culos de um lado, e do outro os favorecimentos e coopta\u00e7\u00f5es\u00a0 pol\u00edticas que encontram, conforme os tempos e os lugares, mais de um e menos do outro.<\/p>\n<p>As pessoas s\u00e3o corruptas at\u00e9 onde as institui\u00e7\u00f5es e as culturas deixam que sejam.<\/p>\n<p>Somos todos iguais perante \u00e0 Constitui\u00e7\u00e3o Federal de 1988 (ricos ou pobres, brancos ou negros).<\/p>\n<p>Nas entranhas do poder pol\u00edtico est\u00e1 sediado o mal da cleptocracia (governo de ladr\u00f5es). O Poder Jur\u00eddico (PF, MPF, MPE e Judici\u00e1rio) deliberou fazer o controle rigoroso do poder pol\u00edtico, de forma independente, e nunca antes na hist\u00f3ria pol\u00edtica do Brasil.<\/p>\n<p>O mal com que a cleptocracia brasileira est\u00e1 nos\u00a0 mutilando \u00e9 do tipo \u201cvil e desprez\u00edvel, \u00e9 o lodo, a baixeza, a degrada\u00e7\u00e3o, a corrup\u00e7\u00e3o, a imoralidade, toda a casta de v\u00edcios, tormento inevit\u00e1vel dos \u00e2nimos generosos que os cegos caprichos do acaso designaram para espectadores destas cenas de opr\u00f3brio e de dor\u201d (LISBOA, 1995).<\/p>\n<p>O mal est\u00e1 presente, e \u00e9 fato em todas as institui\u00e7\u00f5es do Brasil na atual rep\u00fablica.<\/p>\n<p>Uma Rep\u00fablica Velhaca !<\/p>\n<p>E de espertalh\u00f5es !<\/p>\n<p>Tal como uma neoplasia maligna, o sistema democr\u00e1tico brasileiro vai sendo contaminado pela &#8220;cleptomania republicana&#8221;.<\/p>\n<p>Uma vergonha para todos n\u00f3s!<\/p>\n<p>Como aduz Lisboa (1995)\u00a0 \u201cse atarmos os bra\u00e7os a v\u00e3os receios e esperan\u00e7as, deixando-nos atoar ao sabor dos acontecimentos, e aguardando que venha um novo Mois\u00e9s com a m\u00e1gica varinha abrandar o rochedo, e operar o milagre da regenera\u00e7\u00e3o, ficaremos para todo sempre transviados no deserto, sem jamais p\u00f4r os p\u00e9s na cobi\u00e7ada terra de promiss\u00e3o\u201d.<\/p>\n<p>Ser advogado \u00e9 lutar para buscar a justi\u00e7a do que s\u00e3o perseguidos pela cleptocracia presente nas institui\u00e7\u00f5es do Brasil.<\/p>\n<p>A corrup\u00e7\u00e3o, tal como a viol\u00eancia, tamb\u00e9m foi banalizada.<\/p>\n<p>Passou-se a conviver com o cleptoman\u00edaco dos recursos p\u00fablicos nas altas rodas da sociedade brasileira como se ele fosse o s\u00edmbolo e o her\u00f3i do progresso, admirado e bajulado por muitos.<\/p>\n<p>N\u00e3o podemos mais conviver com isso. Basta!<b> <\/b><\/p>\n<p>\u00c9 preciso instalar-se, no Pa\u00eds, uma &#8220;faxina \u00e9tica&#8221; em larga escala, doa em que doer.<\/p>\n<p>N\u00e3o h\u00e1 espa\u00e7os para a corrup\u00e7\u00e3o e comportamento &#8220;cleptocr\u00e1tico&#8221; para o homem de bem.<\/p>\n<p>N\u00e3o podemos assistir a tudo como meros espectadores, sem reagir, sem nos indignar, sem adotar provid\u00eancias urgentes e imediatas, sob pena de tamb\u00e9m sermos atores coadjuvantes neste teatro que encena a pe\u00e7a mais indigna da hist\u00f3ria brasileira, o da corrup\u00e7\u00e3o nacional e da &#8220;Institui\u00e7\u00e3o do Sistema Cleptocr\u00e1tico na Rep\u00fablica Federativa do Brasil&#8221;.<\/p>\n<p><em> LISBOA, J. F. Jornal de Timon. Org.: Jos\u00e9 Murilo de Carvalho. S\u00e3o Paulo: Companhia das Letras, 1995, p. 33 e ss.<\/em><\/p>\n<p><img loading=\"lazy\" decoding=\"async\" class=\"aligncenter size-full wp-image-11069\" src=\"https:\/\/miltonmarchioli.com.br\/blog\/wp-content\/uploads\/DSC01841.jpg\" alt=\"DSC01841\" width=\"3072\" height=\"1728\" srcset=\"https:\/\/miltonmarchioli.com.br\/blog\/wp-content\/uploads\/DSC01841.jpg 3072w, https:\/\/miltonmarchioli.com.br\/blog\/wp-content\/uploads\/DSC01841-300x169.jpg 300w, https:\/\/miltonmarchioli.com.br\/blog\/wp-content\/uploads\/DSC01841-768x432.jpg 768w, https:\/\/miltonmarchioli.com.br\/blog\/wp-content\/uploads\/DSC01841-1024x576.jpg 1024w\" sizes=\"auto, (max-width: 3072px) 100vw, 3072px\" \/><\/p>\n","protected":false},"excerpt":{"rendered":"<p>Imaginar que em cinco anos ao terminar o curso de Bacharel em Direito, e logo no primeiro exame da OAB j\u00e1 ter sido aprovado na Ordem dos Advogados do Brasil foi a consolida\u00e7\u00e3o do projeto que almejamos desde o primeiro dia da gradua\u00e7\u00e3o (2010-2014). A sess\u00e3o solene ocorreu no dia 18 de dezembro de 2015 &hellip; <a href=\"https:\/\/miltonmarchioli.com.br\/blog\/advogado-profissao-que-luta-pela-justica-sessao-solene-da-31a-subsecao-de-marilia-oab-sp\/\" class=\"more-link\">Continue lendo <span class=\"screen-reader-text\">Advogado: profiss\u00e3o que luta pela justi\u00e7a ! Sess\u00e3o solene da 31\u00aa Subse\u00e7\u00e3o de Mar\u00edlia OAB SP<\/span> <span class=\"meta-nav\">&rarr;<\/span><\/a><\/p>\n","protected":false},"author":2,"featured_media":0,"comment_status":"open","ping_status":"closed","sticky":false,"template":"","format":"standard","meta":{"rop_custom_images_group":[],"rop_custom_messages_group":[],"rop_publish_now":"initial","rop_publish_now_accounts":[],"rop_publish_now_history":[],"rop_publish_now_status":"pending","footnotes":""},"categories":[18],"tags":[558,836,193,834,835],"class_list":["post-11067","post","type-post","status-publish","format-standard","hentry","category-direito","tag-eva-alda-coelho-marchioli","tag-marcia-aparecida-de-souza","tag-milton-marchioli","tag-oab-sp-31a-subsecao-de-marilia","tag-tayon-soffener-berlanga"],"_links":{"self":[{"href":"https:\/\/miltonmarchioli.com.br\/blog\/wp-json\/wp\/v2\/posts\/11067","targetHints":{"allow":["GET"]}}],"collection":[{"href":"https:\/\/miltonmarchioli.com.br\/blog\/wp-json\/wp\/v2\/posts"}],"about":[{"href":"https:\/\/miltonmarchioli.com.br\/blog\/wp-json\/wp\/v2\/types\/post"}],"author":[{"embeddable":true,"href":"https:\/\/miltonmarchioli.com.br\/blog\/wp-json\/wp\/v2\/users\/2"}],"replies":[{"embeddable":true,"href":"https:\/\/miltonmarchioli.com.br\/blog\/wp-json\/wp\/v2\/comments?post=11067"}],"version-history":[{"count":1,"href":"https:\/\/miltonmarchioli.com.br\/blog\/wp-json\/wp\/v2\/posts\/11067\/revisions"}],"predecessor-version":[{"id":11071,"href":"https:\/\/miltonmarchioli.com.br\/blog\/wp-json\/wp\/v2\/posts\/11067\/revisions\/11071"}],"wp:attachment":[{"href":"https:\/\/miltonmarchioli.com.br\/blog\/wp-json\/wp\/v2\/media?parent=11067"}],"wp:term":[{"taxonomy":"category","embeddable":true,"href":"https:\/\/miltonmarchioli.com.br\/blog\/wp-json\/wp\/v2\/categories?post=11067"},{"taxonomy":"post_tag","embeddable":true,"href":"https:\/\/miltonmarchioli.com.br\/blog\/wp-json\/wp\/v2\/tags?post=11067"}],"curies":[{"name":"wp","href":"https:\/\/api.w.org\/{rel}","templated":true}]}}