{"id":11087,"date":"2015-12-23T10:11:46","date_gmt":"2015-12-23T12:11:46","guid":{"rendered":"http:\/\/miltonmarchioli.com.br\/blog\/?p=11087"},"modified":"2022-02-21T09:08:19","modified_gmt":"2022-02-21T12:08:19","slug":"apesar-de-tudo-um-bem-maior-de-vida-para-todos-nos-%e2%80%8f","status":"publish","type":"post","link":"https:\/\/miltonmarchioli.com.br\/blog\/apesar-de-tudo-um-bem-maior-de-vida-para-todos-nos-%e2%80%8f\/","title":{"rendered":"Vida: o bem indispon\u00edvel !"},"content":{"rendered":"<p><img loading=\"lazy\" decoding=\"async\" class=\"alignleft wp-image-11088\" src=\"https:\/\/miltonmarchioli.com.br\/blog\/wp-content\/uploads\/life.jpg\" alt=\"OLYMPUS DIGITAL CAMERA\" width=\"285\" height=\"214\" srcset=\"https:\/\/miltonmarchioli.com.br\/blog\/wp-content\/uploads\/life.jpg 320w, https:\/\/miltonmarchioli.com.br\/blog\/wp-content\/uploads\/life-300x225.jpg 300w\" sizes=\"auto, (max-width: 285px) 100vw, 285px\" \/>A vida \u00e9 o bem maior a ser cultivado, ainda que muitos procurem fama, poder e dinheiro, corrompendo-se a si mesmo e aos demais.<\/p>\n<p>Ao receber a missiva do estim\u00e1vel amigo e escritor doutor Jos\u00e9 Ademar Zumioti, a publico no objetivo de refletirmos nossos ideias para 2016: a preserva\u00e7\u00e3o da vida, e vida digna!<\/p>\n<p><span lang=\"PT-BR\">O direito a permanecer vivo \u00e9 sim uma conquista que o tempo, as mudan\u00e7as de comportamento, os novos valores erigidos n\u00e3o poder\u00e3o descartar simplesmente, como uma pe\u00e7a de um antiqu\u00e1rio que foi vendida. <\/span><\/p>\n<p><span lang=\"PT-BR\">A vida \u00e9 a conquista inalien\u00e1vel do ser humano que recusa-se a ser mercadoria de consumo, escambo de troca.<\/span><\/p>\n<p>Viver e viver dignamente !<\/p>\n<p>\u00d3timo 2016 a todos os leitores do blog !<\/p>\n<p><em><span style=\"color: #000000; font-family: Tahoma,sans-serif; font-size: medium;\">Caro amigo Milton,<\/span><\/em><\/p>\n<p><em>Apesar dos efeitos intr\u00ednsecos e extr\u00ednsecos que a atual\u00a0 crise \u00a0de \u00a0transi\u00e7\u00e3o planet\u00e1ria determina para todos n\u00f3s, atingindo pedagogicamente o corpo e a alma deste planeta, assim como o corpo e a alma de cada\u00a0um de n\u00f3s; apesar da sensa\u00e7\u00e3o de pedag\u00f3gico desamparo que atinge as profundezas pouco conhecidas de nosso ser de amor; apesar da sede de beleza e liberdade que a t\u00edmida uni\u00e3o entre todos n\u00f3s \u00e9 ainda incapaz de reconhecer e de saciar; apesar da compreens\u00e3o \u00a0ainda acanhada \u00a0da imensa maioria\u00a0 \u00a0 em\u00a0rela\u00e7\u00e3o ao significado essencial dos fatos e das verdades, que se avolumam de forma dialeticamente avassaladora e pertinente por todos os cantos do planeta; apesar da intensifica\u00e7\u00e3o cat\u00e1rtica da ang\u00fastia de morte em nossos \u00a0meigos cora\u00e7\u00f5es, sem uma evidente contrapartida redentora no aqui e no agora; apesar do bloqueio patol\u00f3gico da compaix\u00e3o, inclusive na interioridade daqueles e daquelas que esperam por cada um de n\u00f3s; apesar da aus\u00eancia aparente de benef\u00edcios secund\u00e1rios para quase todos e da falta\u00a0de sintonia mais ampla com as virtudes de alma que poderiam legitimar\u00a0a express\u00e3o renovadora dos \u00a0benef\u00edcios essenciais para todos \u00a0sem exce\u00e7\u00e3o, at\u00e9 mesmo \u00a0para aqueles que s\u00e3o considerados como deca\u00eddos em esp\u00edrito e verdade; apesar disso tudo e de muito mais que nos desafiam sem meias-medidas, exigindo que amemos al\u00e9m de n\u00f3s; apesar da morte aparente do encanto que amparava a po\u00e9tica de nosso devaneio libert\u00e1rio e a plenitude de \u00a0nossa inoc\u00eancia desvinculada do fulcro do lugar-comum; apesar da agonia de nosso amor que n\u00e3o encontra mais eco no \u00e2mago da comunidade conflagrada em esp\u00edrito e verdade; apesar da intensifica\u00e7\u00e3o natural e necess\u00e1ria dos choques de polaridades e da luta dos contr\u00e1rios, levando \u00e0 amplia\u00e7\u00e3o dos confrontos fratricidas de quase todos entre si; apesar do predom\u00ednio, por mais algum tempo, do ag\u00f4nico e profano sistema mercantilista mundial apoiado de forma criminosa pelas denominadas pot\u00eancias ocidentais, lideradas por fora pelos seus pat\u00e9ticos e caricatos representantes oficiais; apesar daqueles que representam o &#8220;contradit\u00f3rio essencial&#8221; em rela\u00e7\u00e3o \u00e0s pot\u00eancias ocidentais\u00a0se encontrarem dramaticamente encurralados e aparentemente s\u00f3s diante do poder b\u00e9lico mortal das ditas cujas; apesar do aparente sil\u00eancio de Deus, deixando tudo correr pedag\u00f3gica e terapeuticamente \u00e0 solta; apesar de n\u00e3o termos nada a comemorar no plano profano, como quase todos o fazem, em virtude de nossa lucidez divinamente insurrecional; apesar disso tudo e de muito mais que nos assolam sem piedade, mesmo assim,\u00a0no auge de nosso ex\u00edlio de alma pedagogicamente revelador neste rude planeta, desejo a voc\u00ea, sua fam\u00edlia,\u00a0 seus colaboradores, seus amigos, nossos amigos e todos n\u00f3s, caro amigo Milton, um bem maior de vida marcado\u00a0 pelo sublime acalento de alma e pela transmuta\u00e7\u00e3o emblem\u00e1tica de nosso ser\u00a0interior,\u00a0n\u00e3o\u00a0apenas durante as tradicionais festas de fim de ano que\u00a0se aproximam, mas sobretudo por toda a eternidade de nosso aprendizado singular em rela\u00e7\u00e3o \u00e0 plenitude do amor e da compaix\u00e3o.\u00a0<\/em><\/p>\n<p><em>Grato pela sua aten\u00e7\u00e3o especial, caro amigo Milton.<\/em><\/p>\n<p><em>Abra\u00e7o caloroso. Jos\u00e9 Ademar.<\/em><\/p>\n<div><img loading=\"lazy\" decoding=\"async\" class=\"aligncenter size-full wp-image-11091\" src=\"https:\/\/miltonmarchioli.com.br\/blog\/wp-content\/uploads\/life-2.jpg\" alt=\"life 2\" width=\"500\" height=\"366\" srcset=\"https:\/\/miltonmarchioli.com.br\/blog\/wp-content\/uploads\/life-2.jpg 500w, https:\/\/miltonmarchioli.com.br\/blog\/wp-content\/uploads\/life-2-300x220.jpg 300w\" sizes=\"auto, (max-width: 500px) 100vw, 500px\" \/><\/div>\n","protected":false},"excerpt":{"rendered":"<p>A vida \u00e9 o bem maior a ser cultivado, ainda que muitos procurem fama, poder e dinheiro, corrompendo-se a si mesmo e aos demais. Ao receber a missiva do estim\u00e1vel amigo e escritor doutor Jos\u00e9 Ademar Zumioti, a publico no objetivo de refletirmos nossos ideias para 2016: a preserva\u00e7\u00e3o da vida, e vida digna! O &hellip; <a href=\"https:\/\/miltonmarchioli.com.br\/blog\/apesar-de-tudo-um-bem-maior-de-vida-para-todos-nos-%e2%80%8f\/\" class=\"more-link\">Continue lendo <span class=\"screen-reader-text\">Vida: o bem indispon\u00edvel !<\/span> <span class=\"meta-nav\">&rarr;<\/span><\/a><\/p>\n","protected":false},"author":2,"featured_media":0,"comment_status":"open","ping_status":"closed","sticky":false,"template":"","format":"standard","meta":{"rop_custom_images_group":[],"rop_custom_messages_group":[],"rop_publish_now":"initial","rop_publish_now_accounts":[],"rop_publish_now_history":[],"rop_publish_now_status":"pending","footnotes":""},"categories":[18,8,13,366],"tags":[838,193,839],"class_list":["post-11087","post","type-post","status-publish","format-standard","hentry","category-direito","category-direito-e-saude","category-opiniao","category-politica","tag-jose-ademar-zumioti","tag-milton-marchioli","tag-vida-bem-indisponivel"],"_links":{"self":[{"href":"https:\/\/miltonmarchioli.com.br\/blog\/wp-json\/wp\/v2\/posts\/11087","targetHints":{"allow":["GET"]}}],"collection":[{"href":"https:\/\/miltonmarchioli.com.br\/blog\/wp-json\/wp\/v2\/posts"}],"about":[{"href":"https:\/\/miltonmarchioli.com.br\/blog\/wp-json\/wp\/v2\/types\/post"}],"author":[{"embeddable":true,"href":"https:\/\/miltonmarchioli.com.br\/blog\/wp-json\/wp\/v2\/users\/2"}],"replies":[{"embeddable":true,"href":"https:\/\/miltonmarchioli.com.br\/blog\/wp-json\/wp\/v2\/comments?post=11087"}],"version-history":[{"count":10,"href":"https:\/\/miltonmarchioli.com.br\/blog\/wp-json\/wp\/v2\/posts\/11087\/revisions"}],"predecessor-version":[{"id":13896,"href":"https:\/\/miltonmarchioli.com.br\/blog\/wp-json\/wp\/v2\/posts\/11087\/revisions\/13896"}],"wp:attachment":[{"href":"https:\/\/miltonmarchioli.com.br\/blog\/wp-json\/wp\/v2\/media?parent=11087"}],"wp:term":[{"taxonomy":"category","embeddable":true,"href":"https:\/\/miltonmarchioli.com.br\/blog\/wp-json\/wp\/v2\/categories?post=11087"},{"taxonomy":"post_tag","embeddable":true,"href":"https:\/\/miltonmarchioli.com.br\/blog\/wp-json\/wp\/v2\/tags?post=11087"}],"curies":[{"name":"wp","href":"https:\/\/api.w.org\/{rel}","templated":true}]}}