{"id":11160,"date":"2011-10-08T11:48:48","date_gmt":"2011-10-08T14:48:48","guid":{"rendered":"http:\/\/miltonmarchioli.com.br\/blog\/?p=11160"},"modified":"2022-01-03T11:46:26","modified_gmt":"2022-01-03T14:46:26","slug":"semana-juridica-univem-2011-3","status":"publish","type":"post","link":"https:\/\/miltonmarchioli.com.br\/blog\/semana-juridica-univem-2011-3\/","title":{"rendered":"Semana Jur\u00eddica Univem 2011"},"content":{"rendered":"<p><img loading=\"lazy\" decoding=\"async\" class=\"alignleft size-full wp-image-11162\" src=\"https:\/\/miltonmarchioli.com.br\/blog\/wp-content\/uploads\/DR-TOFFOLI-300x225-1.jpg\" alt=\"DR-TOFFOLI-300x225\" width=\"300\" height=\"225\" \/>No dia de ontem, nas depend\u00eancias do Univem, aconteceu o encerramento \u00a0da 28\u00aa\u00a0 Semana\u00a0 Jur\u00eddica do Univem, tendo como fechamento a entrega do t\u00edtulo &#8220;Honoris Causa&#8221; ao ministro do Supremo Tribunal Federal Jos\u00e9 Antonio Dias Toffoli.<\/p>\n<p>Excelentes discuss\u00f5es ao\u00a0longo da\u00a0 semana e os meus votos de congratula\u00e7\u00e3o aos docentes da institui\u00e7\u00e3o: Professora Vivianne Rigoldi Boechat, docente da disciplina de Sociologia Jur\u00eddica, Professor\u00a0\u00a0Te\u00f3filo Marcelo de Ar\u00eaa Le\u00e3o Junior, docente da disciplina de Direito Civil \u00a0e o coordenador do curso de direito do Univem -Professor doutor Edinilson Donisete Machado, docente da disciplina de Direito Constitucional pela organiza\u00e7\u00e3o do evento.<\/p>\n<p>O\u00a0 ministro Toffoli narrou o impacto do AI5 de 1968 sobre a constitui\u00e7\u00e3o vigente \u00e0 \u00e9poca, e a import\u00e2ncia da aplica\u00e7\u00e3o das normas constitucionais na vida dos cidad\u00e3os brasileiros.<\/p>\n<p>O\u00a0 Univem, institui\u00e7\u00e3o na qual sou aluno do curso de direito, meus sinceros votos de congratula\u00e7\u00f5es e muito satisfeito pela riqueza de trocas de experi\u00eancias jur\u00eddicas com todos os professores convidados ao\u00a0 longo das semana.<\/p>\n<p>Semana Jur\u00eddica Univem 2011.<\/p>\n<p>Sucesso absoluto !<\/p>\n<p><img loading=\"lazy\" decoding=\"async\" class=\"aligncenter size-full wp-image-11163\" src=\"https:\/\/miltonmarchioli.com.br\/blog\/wp-content\/uploads\/MARCHIOLI-E-EDINILSON-1.jpg\" alt=\"MARCHIOLI E EDINILSON\" width=\"1944\" height=\"2592\" srcset=\"https:\/\/miltonmarchioli.com.br\/blog\/wp-content\/uploads\/MARCHIOLI-E-EDINILSON-1.jpg 1944w, https:\/\/miltonmarchioli.com.br\/blog\/wp-content\/uploads\/MARCHIOLI-E-EDINILSON-1-225x300.jpg 225w, https:\/\/miltonmarchioli.com.br\/blog\/wp-content\/uploads\/MARCHIOLI-E-EDINILSON-1-768x1024.jpg 768w\" sizes=\"auto, (max-width: 1944px) 100vw, 1944px\" \/><\/p>\n<p>&nbsp;<\/p>\n<p>&nbsp;<\/p>\n","protected":false},"excerpt":{"rendered":"<p>No dia de ontem, nas depend\u00eancias do Univem, aconteceu o encerramento \u00a0da 28\u00aa\u00a0 Semana\u00a0 Jur\u00eddica do Univem, tendo como fechamento a entrega do t\u00edtulo &#8220;Honoris Causa&#8221; ao ministro do Supremo Tribunal Federal Jos\u00e9 Antonio Dias Toffoli. Excelentes discuss\u00f5es ao\u00a0longo da\u00a0 semana e os meus votos de congratula\u00e7\u00e3o aos docentes da institui\u00e7\u00e3o: Professora Vivianne Rigoldi Boechat, &hellip; <a href=\"https:\/\/miltonmarchioli.com.br\/blog\/semana-juridica-univem-2011-3\/\" class=\"more-link\">Continue lendo <span class=\"screen-reader-text\">Semana Jur\u00eddica Univem 2011<\/span> <span class=\"meta-nav\">&rarr;<\/span><\/a><\/p>\n","protected":false},"author":2,"featured_media":0,"comment_status":"open","ping_status":"closed","sticky":false,"template":"","format":"standard","meta":{"rop_custom_images_group":[],"rop_custom_messages_group":[],"rop_publish_now":"initial","rop_publish_now_accounts":[],"rop_publish_now_history":[],"rop_publish_now_status":"pending","footnotes":""},"categories":[18,332,13],"tags":[854,193,683],"class_list":["post-11160","post","type-post","status-publish","format-standard","hentry","category-direito","category-educacao","category-opiniao","tag-edinilson-donisete-machado","tag-milton-marchioli","tag-semana-juridica-univem-2011"],"_links":{"self":[{"href":"https:\/\/miltonmarchioli.com.br\/blog\/wp-json\/wp\/v2\/posts\/11160","targetHints":{"allow":["GET"]}}],"collection":[{"href":"https:\/\/miltonmarchioli.com.br\/blog\/wp-json\/wp\/v2\/posts"}],"about":[{"href":"https:\/\/miltonmarchioli.com.br\/blog\/wp-json\/wp\/v2\/types\/post"}],"author":[{"embeddable":true,"href":"https:\/\/miltonmarchioli.com.br\/blog\/wp-json\/wp\/v2\/users\/2"}],"replies":[{"embeddable":true,"href":"https:\/\/miltonmarchioli.com.br\/blog\/wp-json\/wp\/v2\/comments?post=11160"}],"version-history":[{"count":4,"href":"https:\/\/miltonmarchioli.com.br\/blog\/wp-json\/wp\/v2\/posts\/11160\/revisions"}],"predecessor-version":[{"id":13419,"href":"https:\/\/miltonmarchioli.com.br\/blog\/wp-json\/wp\/v2\/posts\/11160\/revisions\/13419"}],"wp:attachment":[{"href":"https:\/\/miltonmarchioli.com.br\/blog\/wp-json\/wp\/v2\/media?parent=11160"}],"wp:term":[{"taxonomy":"category","embeddable":true,"href":"https:\/\/miltonmarchioli.com.br\/blog\/wp-json\/wp\/v2\/categories?post=11160"},{"taxonomy":"post_tag","embeddable":true,"href":"https:\/\/miltonmarchioli.com.br\/blog\/wp-json\/wp\/v2\/tags?post=11160"}],"curies":[{"name":"wp","href":"https:\/\/api.w.org\/{rel}","templated":true}]}}