{"id":11223,"date":"2016-01-05T20:46:40","date_gmt":"2016-01-05T22:46:40","guid":{"rendered":"http:\/\/miltonmarchioli.com.br\/blog\/?p=11223"},"modified":"2016-01-05T20:56:33","modified_gmt":"2016-01-05T22:56:33","slug":"novas-reflexoes-sobre-a-condicao-humana-no-seculo-xxi","status":"publish","type":"post","link":"https:\/\/miltonmarchioli.com.br\/blog\/novas-reflexoes-sobre-a-condicao-humana-no-seculo-xxi\/","title":{"rendered":"Novas reflex\u00f5es sobre a condi\u00e7\u00e3o humana no S\u00e9culo XXI"},"content":{"rendered":"<p><img loading=\"lazy\" decoding=\"async\" class=\"alignleft wp-image-11225\" src=\"https:\/\/miltonmarchioli.com.br\/blog\/wp-content\/uploads\/SALMO-16.8-CONFIAR-EM-DEUS-300x250.jpg\" alt=\"SALMO 16.8- CONFIAR EM DEUS\" width=\"277\" height=\"231\" srcset=\"https:\/\/miltonmarchioli.com.br\/blog\/wp-content\/uploads\/SALMO-16.8-CONFIAR-EM-DEUS-300x250.jpg 300w, https:\/\/miltonmarchioli.com.br\/blog\/wp-content\/uploads\/SALMO-16.8-CONFIAR-EM-DEUS.jpg 500w\" sizes=\"auto, (max-width: 277px) 100vw, 277px\" \/>Recebi neste final do ano de 2015 a missiva eletr\u00f4nica do psiquiatra e fil\u00f3sofo\u00a0 Jos\u00e9 Ademar Zumioti, a qual publico em meu blog trazendo profunda an\u00e1lise sobre a condi\u00e7\u00e3o humana nesse S\u00e9culo XXI.<\/p>\n<p>A presente an\u00e1lise, a qual concordo em g\u00eanero, n\u00famero e grau, reflete a corrup\u00e7\u00e3o instalada nesse governo, nas institui\u00e7\u00f5es de um modo geral, e principalmente [e isso \u00e9 o que \u00e9 h\u00e1 de pior] nas escolas de ensino, desde pedagogias nefastas at\u00e9 a falta de ensino com qualidade.<\/p>\n<p>Se nada fizermos a colheita ser\u00e1 de frutos amargos e\u00a0 venenosos.<\/p>\n<p>Acorda Brasil !<\/p>\n<p><em>Caro amigo Milton,<\/em><\/p>\n<p><em>Obrigado pela sua aten\u00e7\u00e3o fraterna e especial,\u00a0 indicando a presen\u00e7a preciosa de sua receptividade sens\u00edvel diferenciada e de nosso dom generoso de\u00a0 servir \u00e0 comunidade dos seres humanos em fase marcante de transi\u00e7\u00e3o intr\u00ednseca e essencial.<\/em><\/p>\n<p><em>Como falamos em outra oportunidade, a separa\u00e7\u00e3o, em esp\u00edrito e verdade, entre todos deve dar lugar \u00e0 plenitude do amor e da compaix\u00e3o. Entretanto, as perversas e vampirescas elites profanas dominantes, benefici\u00e1rias do ag\u00f4nico sistema mercantilista mundial, ao\u00a0lado\u00a0 do m\u00f3rbido comodismo dos povos institucional e culturalmente dominados\u00a0por elas, tudo fazem para adiar, por mais algum tempo,\u00a0o salto intr\u00ednseco\u00a0de qualidade que se aproxima de forma incontida em n\u00edvel global, atingindo at\u00e9 mesmo o corpo do planeta.<\/em><\/p>\n<p><em>Sem d\u00favida, se depender do ser humano terreno, este planeta vai se\u00a0 transformar na &#8220;Grande Babil\u00f4nia&#8221; do sistema solar. Que bobagem o ser humano faz, comprando uma briga frontal e irrespons\u00e1vel com as leis da vida!<\/em><\/p>\n<p><em>Apesar da doen\u00e7a an\u00edmica geral, a soberania das\u00a0leis\u00a0 da vida, atrav\u00e9s da sucess\u00e3o de abalos cada vez mais contundentes, vai determinar\u00a0aquilo que dial\u00e9tica e pedagogicamente tem que ser, j\u00e1 \u00e9 e irremediavelmente ser\u00e1.<\/em><\/p>\n<p><em>A sociedade brasileira ter\u00e1 de aprender a ler, meditar, cultivar o sentido fidedigno da cidadania, aceitar a educa\u00e7\u00e3o da alma como fundamento da justi\u00e7a social, eliminar de vez qualquer resqu\u00edcio de explora\u00e7\u00e3o do homem pelo homem, libertar-se da escravid\u00e3o ao primitivo prazer dos\u00a0 sentidos\u00a0e alcan\u00e7ar por\u00a0fim a sintonia plena\u00a0com os\u00a0valores\u00a0 sagrados\u00a0da vida;\u00a0 afastando-se definitivamente do condicionamento antipedag\u00f3gico\u00a0ao antropocentrismo profano que inviabiliza\u00a0o mergulho no resplendor da imortalidade.<\/em><\/p>\n<p><em>Os desmandos pol\u00edticos e sociais s\u00e3o simples consequ\u00eancia da falta de educa\u00e7\u00e3o da alma que atinge a esmagadora maioria das pessoas, independente da profana classe social a que\u00a0se perten\u00e7a. Por outro lado, \u00e9 verdade que nem sempre a educa\u00e7\u00e3o formal vem acompanhada pelo resplendor da verdadeira educa\u00e7\u00e3o da alma.<\/em><\/p>\n<p><em>Al\u00e9m disso, o abismo de fundo psicopedag\u00f3gico ainda existente entre a ci\u00eancia e as religi\u00f5es oficiais determina uma dificuldade suplementar para a busca da supera\u00e7\u00e3o dos paradigmas contingentes predominantes; determinando que a maioria das pessoas, repetindo o comportamento estereotipado e espiritualmente lesivo das profanas elites dominantes,\u00a0torna-se intrinsecamente uma reacion\u00e1ria de marca maior.<\/em><\/p>\n<p><em>Tudo isso leva o ser humano a estabelecer, em geral, com seu semelhante um &#8220;m\u00fatuo parasitismo de fundo vampiresco e estarrecedor&#8221;; levando, como defesa psicol\u00f3gica antifuncional, \u00e0 arrog\u00e2ncia, ao suic\u00eddio e homic\u00eddio inconscientes, \u00e0 frieza\u00a0afetiva e \u00e0 aus\u00eancia de compaix\u00e3o.<\/em><\/p>\n<p><em>Repetindo o que j\u00e1 dissemos anteriormente. Tudo faremos, apesar da falta de apoio infraestrutural para o estabelecimento providencial de novas parcerias de vida magistrais, para continuar\u00a0nosso trabalho a favor da comunidade dos seres humanos\u00a0ainda intrinsecamente t\u00e3o jovem.<\/em><\/p>\n<p><em>Custe o que custar, devemos continuar buscando, acima das injun\u00e7\u00f5es de ordem\u00a0contingente, o resplendor da compreens\u00e3o fidedigna sobre\u00a0nossa destina\u00e7\u00e3o b\u00e1sica de vida e sobre a autenticidade do sentido sagrado da compaix\u00e3o dentro de n\u00f3s.<\/em><\/p>\n<p><em>Apesar de tudo, boa sorte para todos n\u00f3s!<\/em><\/p>\n<p><em>Antes de finalizar, gostaria de dizer o seguinte.<\/em><\/p>\n<p><em>Neste\u00a0 final de ano, durante tr\u00eas semanas, trabalhei de forma redobrada,\u00a0 dedicando-me \u00e0 comunica\u00e7\u00e3o nominal e personalizada, via missiva eletr\u00f4nica\u00a0( isto \u00e9, via e-mail), com quase quatrocentas pessoas amigas que\u00a0residem no Brasil e no exterior. <\/em><\/p>\n<p><em>Projetando a compreens\u00e3o da realidade no contexto geral, pude comprovar que a maioria das pessoas tende a continuar sem conhecimento de causa maior em rela\u00e7\u00e3o \u00e0 aliena\u00e7\u00e3o geral. Mas temos notado que as exce\u00e7\u00f5es aumentam cada vez mais.<\/em><\/p>\n<p><em>\u00c9 verdade que quando encontramos uma exce\u00e7\u00e3o magistral,\u00a0ficamos de novo magicamente joviais, mais do que habitualmente sempre procuramos estar. Por seu lado, o trabalho necessariamente intensificado pode nos redimir de n\u00f3s mesmos ao nos aproximar da ess\u00eancia imortal do Outro.<\/em><\/p>\n<p><em>Entretanto, a dor de existir neste &#8220;rude planeta de provas e expia\u00e7\u00f5es&#8221; n\u00e3o largar\u00e1 jamais nenhum de n\u00f3s enquanto estivermos necessariamente por aqui. Mas \u00e9 verdade que a magia da solid\u00e3o criadora tem o poder de divinamente nos elevar acima de nossas t\u00eanues for\u00e7as.<\/em><\/p>\n<p><em>Grato pela sua aten\u00e7\u00e3o especial, caro amigo Milton.<\/em><\/p>\n<p><em>Abra\u00e7o caloroso. Jos\u00e9 Ademar&#8221;.<\/em><\/p>\n<p><img loading=\"lazy\" decoding=\"async\" class=\"aligncenter size-full wp-image-11226\" src=\"https:\/\/miltonmarchioli.com.br\/blog\/wp-content\/uploads\/SER-LUZ-DO-MUNDO-MATEUS-5-14.jpg\" alt=\"SER LUZ DO MUNDO - MATEUS 5-14\" width=\"1382\" height=\"1062\" srcset=\"https:\/\/miltonmarchioli.com.br\/blog\/wp-content\/uploads\/SER-LUZ-DO-MUNDO-MATEUS-5-14.jpg 1382w, https:\/\/miltonmarchioli.com.br\/blog\/wp-content\/uploads\/SER-LUZ-DO-MUNDO-MATEUS-5-14-300x231.jpg 300w, https:\/\/miltonmarchioli.com.br\/blog\/wp-content\/uploads\/SER-LUZ-DO-MUNDO-MATEUS-5-14-768x590.jpg 768w, https:\/\/miltonmarchioli.com.br\/blog\/wp-content\/uploads\/SER-LUZ-DO-MUNDO-MATEUS-5-14-1024x787.jpg 1024w\" sizes=\"auto, (max-width: 1382px) 100vw, 1382px\" \/><\/p>\n<p style=\"text-align: center;\">&#8220;O temor do Senhor \u00e9 o princ\u00edpio do conhecimento; os loucos desprezam a sabedoria e a instru\u00e7\u00e3o&#8221;.<br \/>\nProv\u00e9rbios 1:7<\/p>\n","protected":false},"excerpt":{"rendered":"<p>Recebi neste final do ano de 2015 a missiva eletr\u00f4nica do psiquiatra e fil\u00f3sofo\u00a0 Jos\u00e9 Ademar Zumioti, a qual publico em meu blog trazendo profunda an\u00e1lise sobre a condi\u00e7\u00e3o humana nesse S\u00e9culo XXI. A presente an\u00e1lise, a qual concordo em g\u00eanero, n\u00famero e grau, reflete a corrup\u00e7\u00e3o instalada nesse governo, nas institui\u00e7\u00f5es de um modo &hellip; <a href=\"https:\/\/miltonmarchioli.com.br\/blog\/novas-reflexoes-sobre-a-condicao-humana-no-seculo-xxi\/\" class=\"more-link\">Continue lendo <span class=\"screen-reader-text\">Novas reflex\u00f5es sobre a condi\u00e7\u00e3o humana no S\u00e9culo XXI<\/span> <span class=\"meta-nav\">&rarr;<\/span><\/a><\/p>\n","protected":false},"author":2,"featured_media":0,"comment_status":"open","ping_status":"closed","sticky":false,"template":"","format":"standard","meta":{"rop_custom_images_group":[],"rop_custom_messages_group":[],"rop_publish_now":"initial","rop_publish_now_accounts":[],"rop_publish_now_history":[],"rop_publish_now_status":"pending","footnotes":""},"categories":[332,13],"tags":[838,870],"class_list":["post-11223","post","type-post","status-publish","format-standard","hentry","category-educacao","category-opiniao","tag-jose-ademar-zumioti","tag-reflexoes-sobre-a-condicao-humana-no-seculo-xxi"],"_links":{"self":[{"href":"https:\/\/miltonmarchioli.com.br\/blog\/wp-json\/wp\/v2\/posts\/11223","targetHints":{"allow":["GET"]}}],"collection":[{"href":"https:\/\/miltonmarchioli.com.br\/blog\/wp-json\/wp\/v2\/posts"}],"about":[{"href":"https:\/\/miltonmarchioli.com.br\/blog\/wp-json\/wp\/v2\/types\/post"}],"author":[{"embeddable":true,"href":"https:\/\/miltonmarchioli.com.br\/blog\/wp-json\/wp\/v2\/users\/2"}],"replies":[{"embeddable":true,"href":"https:\/\/miltonmarchioli.com.br\/blog\/wp-json\/wp\/v2\/comments?post=11223"}],"version-history":[{"count":6,"href":"https:\/\/miltonmarchioli.com.br\/blog\/wp-json\/wp\/v2\/posts\/11223\/revisions"}],"predecessor-version":[{"id":11231,"href":"https:\/\/miltonmarchioli.com.br\/blog\/wp-json\/wp\/v2\/posts\/11223\/revisions\/11231"}],"wp:attachment":[{"href":"https:\/\/miltonmarchioli.com.br\/blog\/wp-json\/wp\/v2\/media?parent=11223"}],"wp:term":[{"taxonomy":"category","embeddable":true,"href":"https:\/\/miltonmarchioli.com.br\/blog\/wp-json\/wp\/v2\/categories?post=11223"},{"taxonomy":"post_tag","embeddable":true,"href":"https:\/\/miltonmarchioli.com.br\/blog\/wp-json\/wp\/v2\/tags?post=11223"}],"curies":[{"name":"wp","href":"https:\/\/api.w.org\/{rel}","templated":true}]}}