{"id":11421,"date":"2016-02-23T20:28:20","date_gmt":"2016-02-23T23:28:20","guid":{"rendered":"http:\/\/miltonmarchioli.com.br\/blog\/?p=11421"},"modified":"2022-03-04T09:03:41","modified_gmt":"2022-03-04T12:03:41","slug":"injustica","status":"publish","type":"post","link":"https:\/\/miltonmarchioli.com.br\/blog\/injustica\/","title":{"rendered":"Injusti\u00e7a no Brasil ?"},"content":{"rendered":"<p><img loading=\"lazy\" decoding=\"async\" class=\"alignleft size-medium wp-image-11422\" src=\"https:\/\/miltonmarchioli.com.br\/blog\/wp-content\/uploads\/lula-e-dilma-charge-300x225.jpg\" alt=\"lula e dilma- charge\" width=\"300\" height=\"225\" srcset=\"https:\/\/miltonmarchioli.com.br\/blog\/wp-content\/uploads\/lula-e-dilma-charge-300x225.jpg 300w, https:\/\/miltonmarchioli.com.br\/blog\/wp-content\/uploads\/lula-e-dilma-charge.jpg 470w\" sizes=\"auto, (max-width: 300px) 100vw, 300px\" \/>No Brasil do PT, as mentiras, e a ideia de que \u00a0Lula, era o Pai dos Pobres, e o &#8220;defensor das minorias&#8221;, literalmente mostrou a grande farsa da esquerda do Brasil.<\/p>\n<p>Vamos ao texto de Humberto Migiolaro, m\u00e9dico, escritor, advogado, e membro da Academia Botucatuense de Letras:<\/p>\n<p><strong><em>Agora eu era o rei, era o bedel e era tamb\u00e9m juiz. E pela minha lei a gente era obrigada a ser feliz..<\/em>. A impress\u00e3o que se tem \u00e9 que o futuro correligion\u00e1rio, poeta e compositor Chico Buarque antevia o esplendor da era Lula da Silva. O rei decretara e o meirinho anunciou solenemente \u00e0 plebe desvairada que se apinhava diante do castelo: \u201cPor determina\u00e7\u00e3o de Sua Alteza a partir desta data fica expressamente proibida a exist\u00eancia e declara\u00e7\u00e3o de pobreza e de infelicidade dentro do reino encantado\u201d. Para tal objetivo alem de criar favorecimentos diretos, protecionismos de bolsas at\u00e9 a detentos e cong\u00eaneres (preveria seu porvir?), benesses e aux\u00edlios incont\u00e1veis em diversas \u00e1reas de extensa visibilidade eleitoral, ordenara por lei que o IBGE alterasse a classifica\u00e7\u00e3o econ\u00f4mica e social das fam\u00edlias, elevando \u00e0 <em>\u201cclasse m\u00e9dia<\/em>\u201d fam\u00edlias com rendimentos de menos de 400 d\u00f3lares mensais.<\/strong><\/p>\n<p><strong>Sua magnanimidade e desprendimento n\u00e3o parou por a\u00ed. Esqueceu do fundo do cora\u00e7\u00e3o todos os ran\u00e7os, \u00f3dios e intrigas da elite que tanto odiara e combatera. Passou a receber no seio de sua santa fam\u00edlia o conv\u00edvio de empres\u00e1rios, milion\u00e1rios e magnatas que antes acusara de \u201cc\u00e2ncer da na\u00e7\u00e3o\u201d. As rela\u00e7\u00f5es foram se estreitando cada vez mais intensamente, e, com seu modesto sal\u00e1rio de presidente da rep\u00fablica tinha a humildade de receber favores, concess\u00f5es pessoais, confortos, presentes e patroc\u00ednios. Lula da Silva mesmo em seus momentos de lazer e relaxamento n\u00e3o olvidava de seus deveres de chefe de estado, e mesmo nos finais de semana sacrificava o merecido repouso recebendo em seu pal\u00e1cio esses terr\u00edveis empres\u00e1rios, que certamente al\u00e9m dos aperitivos e churrasquinhos tinham outros inconfessos interesses. Da Silva tinha ouvido para todos, jamais desprezou um conviva por mais bilhard\u00e1rio que fosse; sempre tinha uma palavra amena para cada novo amigo e em rompantes de simplicidade, que s\u00f3 os grandes conhecem, bebia sacrificadamente com eles, oferecendo a cada um uma ta\u00e7a, sem preconceito, de champanhe franc\u00eas a cacha\u00e7a nacional, Perdoou velhos desafetos e inimigos pol\u00edticos. Gente de express\u00e3o, como Sarney, Maluf, Collor, Delfim, Barbalho, Renan, Kassab, e outros, em arroubo de penit\u00eancia, se tornaram seus modestos aliados e colaboradores.\u00a0<\/strong><\/p>\n<p><strong>Para n\u00e3o ofender ou discriminar brasileiros simples milion\u00e1rios e pessoas das mais diversas forma\u00e7\u00f5es, seu avi\u00e3o, o Aero-Lula era territ\u00f3rio livre onde pol\u00edticos de quaisquer fac\u00e7\u00f5es ligadas ao seu partido, empres\u00e1rios de qualquer etnia branca, ricos, milion\u00e1rios e at\u00e9 auxiliares mais modestos se deliciavam na aeronave aben\u00e7oada a caminho da gloria da na\u00e7\u00e3o, poupando muitas vezes a sacrificada primeira dama de tanta tarefa de anfitri\u00e3, levando outra companhia, que se esfor\u00e7ava, mas nunca atingiria a magnitude da fiel companheira. Cuidadoso com o futuro da p\u00e1tria ap\u00f3s sua esplendorosa era cuidou criteriosamente de preparar sucessor \u00e0 altura do legado de gloria que deixava. Seu fiel escudeiro, companheiro de tantas lutas, profundo intelectual de obscuras composi\u00e7\u00f5es e oportunos favorecimentos, teve a infelicidade de ver seus dias de liberdade tolhidos pela justi\u00e7a terrena, mas que o Poder Maior das Comunas h\u00e1 de restaurar. Em emerg\u00eancia Sua Alteza teve a dignidade de oferecer a seq\u00fc\u00eancia do poder a outra seguidora, menos preparada, mas, por linhas tortas, mais humilde, manipul\u00e1vel, determinada e brilhante oradora com script.\u00a0<\/strong><\/p>\n<p><strong>Hoje o ocaso da exist\u00eancia n\u00e3o lhe obsta os passos. H\u00e1 pouco tempo atingido por terr\u00edvel mol\u00e9stia maligna na laringe, soube superar sua des\u00eddia contando com a desinteressada colabora\u00e7\u00e3o de modesto complexo hospitalar paulistano, onde mesmo em sua contumaz simplicidade era recebido e tratado como digno l\u00edder da na\u00e7\u00e3o assustada com seus males. Superou o processo neopl\u00e1sico, e n\u00e3o se sabe se por fibra, determina\u00e7\u00e3o ou por ironia do destino, \u00e9 esse mesmo \u00f3rg\u00e3o fonador, a laringe, que lhe garante a subsist\u00eancia provendo o sustento de sua fam\u00edlia com milhares de palestras, a maioria virtual, patrocinadas e super remuneradas pelos mesmos amigos que acolhera em seus dom\u00ednios.\u00a0<\/strong><\/p>\n<p><strong>A maldade e perversidade da outra parte da elite, a pensante, a imprensa livre e essa chusma de cidad\u00e3os que insistem na desprez\u00edvel miss\u00e3o de trabalhar, desafetos inconformados contra o Pai dos Pobres, o Supremo Libertador dos Miser\u00e1veis, tratam de turbar seu inatac\u00e1vel passado. N\u00e3o aceitam a gratid\u00e3o e generosidade de empres\u00e1rios at\u00e9 acusados de crimes e falcatruas enormes, mas que no fundo s\u00e3o magn\u00edficas e caridosas almas. Agraciaram-no com o conforto de modesto tr\u00edplex decorado segundo os desejos da fiel companheira, mas aos latidos dos c\u00e3es justiceiros tiveram que retirar o nome do ex-presidente \u00e0s pressas, como se o relativo conforto fosse pecado. Outros mais vorazes ousam acus\u00e1-lo de propriet\u00e1rio de pequeno s\u00edtio em Atibaia reformado graciosamente pelos velhos amigos empreiteiros e que os s\u00f3cios de seu talentoso filho adquiriram dois meses antes para acolher parte da insignificante mudan\u00e7a de 33 caminh\u00f5es com 200 caixas, sendo 37 de bebidas, obras de arte, uma carro\u00e7a, duas varinhas de pescar e um embornal para lanchinho.\u00a0<\/strong><\/p>\n<p><strong>A turba enfurecida cospe seu nome. Uma voz singela e altaneira irrompe do fundo de sua alma, de dentro do Pal\u00e1cio do Planalto, bradando:<\/strong><\/p>\n<p><strong>\u00a0\u00a0\u00a0\u00a0\u00a0\u00a0\u00a0\u00a0\u00a0\u00a0\u00a0\u00a0\u00a0\u00a0\u00a0\u00a0\u00a0\u00a0\u00a0\u00a0\u00a0\u00a0\u00a0\u00a0\u00a0\u00a0\u00a0\u00a0\u00a0\u00a0\u00a0\u00a0\u00a0\u00a0 INJUSTI\u00c7A!<\/strong><\/p>\n<p><a href=\"https:\/\/miltonmarchioli.com.br\/blog\/wp-content\/uploads\/plat\u00e3o-2.jpg\"><img loading=\"lazy\" decoding=\"async\" class=\"aligncenter size-full wp-image-12333\" src=\"https:\/\/miltonmarchioli.com.br\/blog\/wp-content\/uploads\/plat\u00e3o-2.jpg\" alt=\"plat\u00e3o 2\" width=\"500\" height=\"487\" srcset=\"https:\/\/miltonmarchioli.com.br\/blog\/wp-content\/uploads\/plat\u00e3o-2.jpg 500w, https:\/\/miltonmarchioli.com.br\/blog\/wp-content\/uploads\/plat\u00e3o-2-300x292.jpg 300w\" sizes=\"auto, (max-width: 500px) 100vw, 500px\" \/><\/a><\/p>\n","protected":false},"excerpt":{"rendered":"<p>No Brasil do PT, as mentiras, e a ideia de que \u00a0Lula, era o Pai dos Pobres, e o &#8220;defensor das minorias&#8221;, literalmente mostrou a grande farsa da esquerda do Brasil. Vamos ao texto de Humberto Migiolaro, m\u00e9dico, escritor, advogado, e membro da Academia Botucatuense de Letras: Agora eu era o rei, era o bedel &hellip; <a href=\"https:\/\/miltonmarchioli.com.br\/blog\/injustica\/\" class=\"more-link\">Continue lendo <span class=\"screen-reader-text\">Injusti\u00e7a no Brasil ?<\/span> <span class=\"meta-nav\">&rarr;<\/span><\/a><\/p>\n","protected":false},"author":2,"featured_media":0,"comment_status":"open","ping_status":"closed","sticky":false,"template":"","format":"standard","meta":{"rop_custom_images_group":[],"rop_custom_messages_group":[],"rop_publish_now":"initial","rop_publish_now_accounts":[],"rop_publish_now_history":[],"rop_publish_now_status":"pending","footnotes":""},"categories":[11,13,366],"tags":[906,407,474,920],"class_list":["post-11421","post","type-post","status-publish","format-standard","hentry","category-economia","category-opiniao","category-politica","tag-esquerda-caviar","tag-esquerda-rolex","tag-humberto-migiolaro","tag-lula-e-dilma-rousseff"],"_links":{"self":[{"href":"https:\/\/miltonmarchioli.com.br\/blog\/wp-json\/wp\/v2\/posts\/11421","targetHints":{"allow":["GET"]}}],"collection":[{"href":"https:\/\/miltonmarchioli.com.br\/blog\/wp-json\/wp\/v2\/posts"}],"about":[{"href":"https:\/\/miltonmarchioli.com.br\/blog\/wp-json\/wp\/v2\/types\/post"}],"author":[{"embeddable":true,"href":"https:\/\/miltonmarchioli.com.br\/blog\/wp-json\/wp\/v2\/users\/2"}],"replies":[{"embeddable":true,"href":"https:\/\/miltonmarchioli.com.br\/blog\/wp-json\/wp\/v2\/comments?post=11421"}],"version-history":[{"count":8,"href":"https:\/\/miltonmarchioli.com.br\/blog\/wp-json\/wp\/v2\/posts\/11421\/revisions"}],"predecessor-version":[{"id":12334,"href":"https:\/\/miltonmarchioli.com.br\/blog\/wp-json\/wp\/v2\/posts\/11421\/revisions\/12334"}],"wp:attachment":[{"href":"https:\/\/miltonmarchioli.com.br\/blog\/wp-json\/wp\/v2\/media?parent=11421"}],"wp:term":[{"taxonomy":"category","embeddable":true,"href":"https:\/\/miltonmarchioli.com.br\/blog\/wp-json\/wp\/v2\/categories?post=11421"},{"taxonomy":"post_tag","embeddable":true,"href":"https:\/\/miltonmarchioli.com.br\/blog\/wp-json\/wp\/v2\/tags?post=11421"}],"curies":[{"name":"wp","href":"https:\/\/api.w.org\/{rel}","templated":true}]}}