{"id":11445,"date":"2015-12-12T11:26:55","date_gmt":"2015-12-12T13:26:55","guid":{"rendered":"http:\/\/miltonmarchioli.com.br\/blog\/?p=11445"},"modified":"2022-02-18T16:40:38","modified_gmt":"2022-02-18T19:40:38","slug":"seminario-de-bioetica-unesp-marilia-disciplina-etica-profissional","status":"publish","type":"post","link":"https:\/\/miltonmarchioli.com.br\/blog\/seminario-de-bioetica-unesp-marilia-disciplina-etica-profissional\/","title":{"rendered":"Semin\u00e1rios de Bio\u00e9tica &#8211; Unesp Mar\u00edlia. Disciplina \u00c9tica Profissional"},"content":{"rendered":"<p><img loading=\"lazy\" decoding=\"async\" class=\"alignleft wp-image-11453\" src=\"https:\/\/miltonmarchioli.com.br\/blog\/wp-content\/uploads\/seminarios-300x263.jpg\" alt=\"seminarios\" width=\"232\" height=\"203\" srcset=\"https:\/\/miltonmarchioli.com.br\/blog\/wp-content\/uploads\/seminarios-300x263.jpg 300w, https:\/\/miltonmarchioli.com.br\/blog\/wp-content\/uploads\/seminarios.jpg 370w\" sizes=\"auto, (max-width: 232px) 100vw, 232px\" \/>No dia de hoje aconteceu semin\u00e1rios dos alunos do 3\u00ba no do curso de fonoaudiologia da Unesp Mar\u00edlia.<\/p>\n<p>Os semin\u00e1rios aconteceram na sala \u00a005 \u00a0&#8211; Central de Salas &#8211; com os seguintes temas: ortotan\u00e1sia, distan\u00e1sia, aborto e eutan\u00e1sia.<\/p>\n<p><a href=\"https:\/\/miltonmarchioli.com.br\/blog\/wp-content\/uploads\/Aborto-VICTOR-VICENA-10-12-2015.pptx\">O semin\u00e1rio sobre aborto foi apresentado pelo acad\u00eamico \u00a0Victor Oct\u00e1vio Macena Duarte.<\/a><\/p>\n<p>O tema \u00e9 um crime doloso contra a vida, e pune quem faz \u00a0o autoaborto, e o terceiro que faz com ou sem consentimento da v\u00edtima.\u00a0A conduta de aborto esta tipificada pelo C\u00f3digo Penal brasileiro entre os artigos 124 e 126.<\/p>\n<p>O Tribunal do J\u00fari det\u00e9m a compet\u00eancia para julgar os crimes dolosos contra a vida.<\/p>\n<p><a href=\"https:\/\/miltonmarchioli.com.br\/blog\/wp-content\/uploads\/EUTANASIA-Gabriela-10-12-2015.pptx\">O semin\u00e1rio de eutan\u00e1sia foi apresentado pela acad\u00eamica\u00a0Gabriela da Silva Faccini.<\/a><\/p>\n<p>O tema \u00e9 de extrema import\u00e2ncia na bio\u00e9tica, pois alguns pa\u00edses como Holanda e B\u00e9lgica j\u00e1 legalizaram a pr\u00e1tica da eutan\u00e1sia no exerc\u00edcio profissional dos m\u00e9dicos.<\/p>\n<p>A eutan\u00e1sia \u00e9 a a\u00e7\u00e3o ou omiss\u00e3o que acelera a morte de um paciente condenado com o intuito de evitar e prolongar o seu sofrimento. O conceito est\u00e1\u00a0associado a morte sem sofrimento f\u00edsico.<\/p>\n<p><a href=\"https:\/\/miltonmarchioli.com.br\/blog\/wp-content\/uploads\/DISTAN\u00c1SIA-VITOR-BINHARDI-10-12-2015.pptx\">O semin\u00e1rio de distan\u00e1sia foi apresentado pelo acad\u00eamico \u00a0Vitor Della Rovere Binhardi .<\/a><\/p>\n<p>A distan\u00e1sia, ou obstina\u00e7\u00e3o terap\u00eautica, \u00e9 o prolongamento da vida a todo e qualquer custo, ainda que em pacientes terminais, violando o princ\u00edpio da autonomia do paciente, e o princ\u00edpio da n\u00e3o malefic\u00eancia. \u00a0\u00c9 considerada um tratamento f\u00fatil e in\u00fatil.<\/p>\n<p><a href=\"https:\/\/miltonmarchioli.com.br\/blog\/wp-content\/uploads\/Ortotanasia-viviane-garcia.pptx\">E por fim, o semin\u00e1rio de ortotan\u00e1sia foi apresentada pela aluna\u00a0Viviane Lopes Garcia.<\/a><\/p>\n<p>A ortotan\u00e1sia \u00e9 aquela na\u00a0qual o m\u00e9dico, sem provocar diretamente a morte do indiv\u00edduo, suspende os tratamentos extraordin\u00e1rios que apenas trariam mais desconforto e sofrimento ao doente, sem melhorias pr\u00e1ticas.<\/p>\n<p><img loading=\"lazy\" decoding=\"async\" class=\"aligncenter size-full wp-image-11452\" src=\"https:\/\/miltonmarchioli.com.br\/blog\/wp-content\/uploads\/bioetica-logo.jpg\" alt=\"bioetica - logo\" width=\"800\" height=\"303\" srcset=\"https:\/\/miltonmarchioli.com.br\/blog\/wp-content\/uploads\/bioetica-logo.jpg 800w, https:\/\/miltonmarchioli.com.br\/blog\/wp-content\/uploads\/bioetica-logo-300x114.jpg 300w, https:\/\/miltonmarchioli.com.br\/blog\/wp-content\/uploads\/bioetica-logo-768x291.jpg 768w\" sizes=\"auto, (max-width: 800px) 100vw, 800px\" \/><\/p>\n<p id=\"NTk0OTAy\" class=\"frase fr\" style=\"text-align: center;\">&#8220;Quem n\u00e3o tem moral, n\u00e3o tem direitos&#8221;.<\/p>\n<p style=\"text-align: center;\"><span class=\"autor\">S\u00eaneca<\/span><\/p>\n","protected":false},"excerpt":{"rendered":"<p>No dia de hoje aconteceu semin\u00e1rios dos alunos do 3\u00ba no do curso de fonoaudiologia da Unesp Mar\u00edlia. Os semin\u00e1rios aconteceram na sala \u00a005 \u00a0&#8211; Central de Salas &#8211; com os seguintes temas: ortotan\u00e1sia, distan\u00e1sia, aborto e eutan\u00e1sia. O semin\u00e1rio sobre aborto foi apresentado pelo acad\u00eamico \u00a0Victor Oct\u00e1vio Macena Duarte. O tema \u00e9 um crime &hellip; <a href=\"https:\/\/miltonmarchioli.com.br\/blog\/seminario-de-bioetica-unesp-marilia-disciplina-etica-profissional\/\" class=\"more-link\">Continue lendo <span class=\"screen-reader-text\">Semin\u00e1rios de Bio\u00e9tica &#8211; Unesp Mar\u00edlia. Disciplina \u00c9tica Profissional<\/span> <span class=\"meta-nav\">&rarr;<\/span><\/a><\/p>\n","protected":false},"author":2,"featured_media":0,"comment_status":"open","ping_status":"closed","sticky":false,"template":"","format":"standard","meta":{"rop_custom_images_group":[],"rop_custom_messages_group":[],"rop_publish_now":"initial","rop_publish_now_accounts":[],"rop_publish_now_history":[],"rop_publish_now_status":"pending","footnotes":""},"categories":[18,8,332],"tags":[924,922,923,925,926],"class_list":["post-11445","post","type-post","status-publish","format-standard","hentry","category-direito","category-direito-e-saude","category-educacao","tag-gabriela-da-silva-faccini","tag-seminarios-bioetica-unesp-2015","tag-victor-octavio-macena-duarte","tag-vitor-della-rovere-binhardi","tag-viviane-lopes-garcia"],"_links":{"self":[{"href":"https:\/\/miltonmarchioli.com.br\/blog\/wp-json\/wp\/v2\/posts\/11445","targetHints":{"allow":["GET"]}}],"collection":[{"href":"https:\/\/miltonmarchioli.com.br\/blog\/wp-json\/wp\/v2\/posts"}],"about":[{"href":"https:\/\/miltonmarchioli.com.br\/blog\/wp-json\/wp\/v2\/types\/post"}],"author":[{"embeddable":true,"href":"https:\/\/miltonmarchioli.com.br\/blog\/wp-json\/wp\/v2\/users\/2"}],"replies":[{"embeddable":true,"href":"https:\/\/miltonmarchioli.com.br\/blog\/wp-json\/wp\/v2\/comments?post=11445"}],"version-history":[{"count":7,"href":"https:\/\/miltonmarchioli.com.br\/blog\/wp-json\/wp\/v2\/posts\/11445\/revisions"}],"predecessor-version":[{"id":11458,"href":"https:\/\/miltonmarchioli.com.br\/blog\/wp-json\/wp\/v2\/posts\/11445\/revisions\/11458"}],"wp:attachment":[{"href":"https:\/\/miltonmarchioli.com.br\/blog\/wp-json\/wp\/v2\/media?parent=11445"}],"wp:term":[{"taxonomy":"category","embeddable":true,"href":"https:\/\/miltonmarchioli.com.br\/blog\/wp-json\/wp\/v2\/categories?post=11445"},{"taxonomy":"post_tag","embeddable":true,"href":"https:\/\/miltonmarchioli.com.br\/blog\/wp-json\/wp\/v2\/tags?post=11445"}],"curies":[{"name":"wp","href":"https:\/\/api.w.org\/{rel}","templated":true}]}}