{"id":11459,"date":"2016-03-03T22:54:37","date_gmt":"2016-03-04T01:54:37","guid":{"rendered":"http:\/\/miltonmarchioli.com.br\/blog\/?p=11459"},"modified":"2016-06-16T13:41:04","modified_gmt":"2016-06-16T16:41:04","slug":"governo-reduz-investimento-em-saude-publica-em-2013-e-2014","status":"publish","type":"post","link":"https:\/\/miltonmarchioli.com.br\/blog\/governo-reduz-investimento-em-saude-publica-em-2013-e-2014\/","title":{"rendered":"Governo reduziu investimento em Sa\u00fade P\u00fablica em 2013 e 2014"},"content":{"rendered":"<p><img loading=\"lazy\" decoding=\"async\" class=\"alignleft wp-image-11463\" src=\"https:\/\/miltonmarchioli.com.br\/blog\/wp-content\/uploads\/despesa-publica.jpg\" alt=\"despesa publica\" width=\"259\" height=\"259\" srcset=\"https:\/\/miltonmarchioli.com.br\/blog\/wp-content\/uploads\/despesa-publica.jpg 320w, https:\/\/miltonmarchioli.com.br\/blog\/wp-content\/uploads\/despesa-publica-150x150.jpg 150w, https:\/\/miltonmarchioli.com.br\/blog\/wp-content\/uploads\/despesa-publica-300x300.jpg 300w\" sizes=\"auto, (max-width: 259px) 100vw, 259px\" \/>Os governos federal, estaduais e municipais aplicaram, em 2014, por dia <strong>R$ 3,89 per capita<\/strong> para cobrir as despesas com sa\u00fade p\u00fablica dos mais de 204 milh\u00f5es de brasileiros.<\/p>\n<p>Ao todo, o gasto por pessoa em sa\u00fade p\u00fablica no ano de 2014 \u00a0foi de R$ 1.419,84, valor considerado p\u00edfio em rela\u00e7\u00e3o a pa\u00edses desenvolvidos.<\/p>\n<p>\u00c9 o que afirma Conselho Federal de Medicina (CFM), em estudo realizado em parceria com a ONG Contas Abertas, a partir de informa\u00e7\u00f5es sobre as despesas apresentadas pelos gestores \u00e0 Secretaria do Tesouro Nacional, do Minist\u00e9rio da Fazenda, por meio de relat\u00f3rios resumidos de execu\u00e7\u00e3o or\u00e7ament\u00e1ria.<\/p>\n<p>A atua\u00e7\u00e3o do Brasil, segundo os dados mais recentes da Organiza\u00e7\u00e3o Mundial da Sa\u00fade (OMS), est\u00e1 abaixo da m\u00e9dia das Am\u00e9ricas, cujo investimento per capita do setor p\u00fablico em sa\u00fade, em 2013, foi de US$ 1.816 \u2013 enquanto no Brasil foi de US$ 523 (cerca de 70% menor).<\/p>\n<p>Em ritmo regressivo, as aplica\u00e7\u00f5es em sa\u00fade por parte da esfera p\u00fablica, j\u00e1 corrigidas pelo \u00cdndice Nacional de Pre\u00e7os ao Consumidor Amplo (IPCA), ca\u00edram 0,93% entre 2013 e 2014, atingindo a cifra de R$ 290,3 bilh\u00f5es \u2013 cerca de 3 bilh\u00f5es a menos que no ano anterior.<\/p>\n<p>Esse montante agrega todas as despesas destinadas \u00e0 cobertura das a\u00e7\u00f5es de aperfei\u00e7oamento do Sistema \u00danico de Sa\u00fade (SUS) e outras com impacto direto na \u00e1rea.<\/p>\n<p>Parte desse dinheiro \u00e9 usada tamb\u00e9m para o pagamento de funcion\u00e1rios, dentre outras despesas de custeio dos servidores municipais, estaduais e federais.<\/p>\n<p><a href=\"https:\/\/miltonmarchioli.com.br\/blog\/wp-content\/uploads\/SA\u00daDE-GASTOS-2013-E-2014-UNI\u00c3O-ESTADO-E-MUNIC\u00cdPIO.png\"><img loading=\"lazy\" decoding=\"async\" class=\"aligncenter size-full wp-image-12337\" src=\"https:\/\/miltonmarchioli.com.br\/blog\/wp-content\/uploads\/SA\u00daDE-GASTOS-2013-E-2014-UNI\u00c3O-ESTADO-E-MUNIC\u00cdPIO.png\" alt=\"SA\u00daDE - GASTOS 2013 E 2014- UNI\u00c3O - ESTADO E MUNIC\u00cdPIO\" width=\"531\" height=\"303\" srcset=\"https:\/\/miltonmarchioli.com.br\/blog\/wp-content\/uploads\/SA\u00daDE-GASTOS-2013-E-2014-UNI\u00c3O-ESTADO-E-MUNIC\u00cdPIO.png 531w, https:\/\/miltonmarchioli.com.br\/blog\/wp-content\/uploads\/SA\u00daDE-GASTOS-2013-E-2014-UNI\u00c3O-ESTADO-E-MUNIC\u00cdPIO-300x171.png 300w\" sizes=\"auto, (max-width: 531px) 100vw, 531px\" \/><\/a><\/p>\n<p>O decr\u00e9scimo de R$ 10,3 bilh\u00f5es nas despesas municipais (d\u00e9ficit de 8,83% em rela\u00e7\u00e3o ao ano anterior) impulsionou negativamente o desempenho nacional, comprometendo o t\u00edmido aumento de disp\u00eandios por parte dos Estados e da Uni\u00e3o \u2013 da ordem de 3,82% e de 4,84%, respectivamente.<\/p>\n<p><strong>Desempenho do Brasil no cen\u00e1rio mundial<\/strong><\/p>\n<p>Dados do Global Health Observatory Data Repository, mantido pela Organiza\u00e7\u00e3o Mundial da Sa\u00fade (OMS), revelam que do grupo de pa\u00edses com modelos p\u00fablicos de atendimento de acesso universal o Brasil era, em 2013, o que tinha a menor participa\u00e7\u00e3o do Estado (Uni\u00e3o, Estados e Munic\u00edpios) no financiamento da sa\u00fade.<\/p>\n<p>Considerando a fatia p\u00fablica do total das despesas em sa\u00fade, no Brasil, esse percentual \u00e9 de 48,2%.<\/p>\n<p>A propor\u00e7\u00e3o \u00e9 baixa se comparada ao verificado em pa\u00edses como o Reino Unido (83,5%), Fran\u00e7a (77,5%), Alemanha (76,8%), Espanha (70,4%), Canad\u00e1 (69,8%), Argentina (67,7%) e Austr\u00e1lia (66,6%).<\/p>\n<p>Em se tratando de despesas em sa\u00fade <strong>per capita,<\/strong> em d\u00f3lares, o Brasil, que gasta<strong> US$ 1.085,<\/strong> incluindo os gastos feitos pelos <strong>setores p\u00fablico e privado.<\/strong> Seu desempenho s\u00f3 n\u00e3o est\u00e1 pior do que a Argentina (US$ 1.074).<\/p>\n<p>Despesas em outros pa\u00edses: Canad\u00e1 (US$ 5.718), Alemanha (US$ 5.006), Fran\u00e7a (US$ 4.864), Reino Unido (US$ 3.598), Espanha (US$ 2.581).<\/p>\n<p><img loading=\"lazy\" decoding=\"async\" class=\"aligncenter size-full wp-image-11461\" src=\"https:\/\/miltonmarchioli.com.br\/blog\/wp-content\/uploads\/SA\u00daDE-GASTOS-2013-E-2014-PRIVADO-E-P\u00daBLICO.png\" alt=\"SA\u00daDE - GASTOS 2013 E 2014- PRIVADO E P\u00daBLICO\" width=\"576\" height=\"455\" srcset=\"https:\/\/miltonmarchioli.com.br\/blog\/wp-content\/uploads\/SA\u00daDE-GASTOS-2013-E-2014-PRIVADO-E-P\u00daBLICO.png 576w, https:\/\/miltonmarchioli.com.br\/blog\/wp-content\/uploads\/SA\u00daDE-GASTOS-2013-E-2014-PRIVADO-E-P\u00daBLICO-300x237.png 300w\" sizes=\"auto, (max-width: 576px) 100vw, 576px\" \/><\/p>\n","protected":false},"excerpt":{"rendered":"<p>Os governos federal, estaduais e municipais aplicaram, em 2014, por dia R$ 3,89 per capita para cobrir as despesas com sa\u00fade p\u00fablica dos mais de 204 milh\u00f5es de brasileiros. Ao todo, o gasto por pessoa em sa\u00fade p\u00fablica no ano de 2014 \u00a0foi de R$ 1.419,84, valor considerado p\u00edfio em rela\u00e7\u00e3o a pa\u00edses desenvolvidos. \u00c9 &hellip; <a href=\"https:\/\/miltonmarchioli.com.br\/blog\/governo-reduz-investimento-em-saude-publica-em-2013-e-2014\/\" class=\"more-link\">Continue lendo <span class=\"screen-reader-text\">Governo reduziu investimento em Sa\u00fade P\u00fablica em 2013 e 2014<\/span> <span class=\"meta-nav\">&rarr;<\/span><\/a><\/p>\n","protected":false},"author":2,"featured_media":0,"comment_status":"open","ping_status":"closed","sticky":false,"template":"","format":"standard","meta":{"rop_custom_images_group":[],"rop_custom_messages_group":[],"rop_publish_now":"initial","rop_publish_now_accounts":[],"rop_publish_now_history":[],"rop_publish_now_status":"pending","footnotes":""},"categories":[8,9],"tags":[928,927],"class_list":["post-11459","post","type-post","status-publish","format-standard","hentry","category-direito-e-saude","category-saude-publica","tag-despesas-em-saude-publica-2013-e-2014","tag-saude-publica-no-brasil-investimentos-2013-e-2014"],"_links":{"self":[{"href":"https:\/\/miltonmarchioli.com.br\/blog\/wp-json\/wp\/v2\/posts\/11459","targetHints":{"allow":["GET"]}}],"collection":[{"href":"https:\/\/miltonmarchioli.com.br\/blog\/wp-json\/wp\/v2\/posts"}],"about":[{"href":"https:\/\/miltonmarchioli.com.br\/blog\/wp-json\/wp\/v2\/types\/post"}],"author":[{"embeddable":true,"href":"https:\/\/miltonmarchioli.com.br\/blog\/wp-json\/wp\/v2\/users\/2"}],"replies":[{"embeddable":true,"href":"https:\/\/miltonmarchioli.com.br\/blog\/wp-json\/wp\/v2\/comments?post=11459"}],"version-history":[{"count":9,"href":"https:\/\/miltonmarchioli.com.br\/blog\/wp-json\/wp\/v2\/posts\/11459\/revisions"}],"predecessor-version":[{"id":11464,"href":"https:\/\/miltonmarchioli.com.br\/blog\/wp-json\/wp\/v2\/posts\/11459\/revisions\/11464"}],"wp:attachment":[{"href":"https:\/\/miltonmarchioli.com.br\/blog\/wp-json\/wp\/v2\/media?parent=11459"}],"wp:term":[{"taxonomy":"category","embeddable":true,"href":"https:\/\/miltonmarchioli.com.br\/blog\/wp-json\/wp\/v2\/categories?post=11459"},{"taxonomy":"post_tag","embeddable":true,"href":"https:\/\/miltonmarchioli.com.br\/blog\/wp-json\/wp\/v2\/tags?post=11459"}],"curies":[{"name":"wp","href":"https:\/\/api.w.org\/{rel}","templated":true}]}}