{"id":11488,"date":"2016-03-18T08:49:11","date_gmt":"2016-03-18T11:49:11","guid":{"rendered":"http:\/\/miltonmarchioli.com.br\/blog\/?p=11488"},"modified":"2016-06-16T13:44:19","modified_gmt":"2016-06-16T16:44:19","slug":"cfm-divulga-nota-publica-em-defesa-da-etica-e-da-justica","status":"publish","type":"post","link":"https:\/\/miltonmarchioli.com.br\/blog\/cfm-divulga-nota-publica-em-defesa-da-etica-e-da-justica\/","title":{"rendered":"CFM divulga nota p\u00fablica em defesa da \u00e9tica e da justi\u00e7a"},"content":{"rendered":"<div><img loading=\"lazy\" decoding=\"async\" class=\"alignleft size-full wp-image-11491\" src=\"https:\/\/miltonmarchioli.com.br\/blog\/wp-content\/uploads\/etica-palavras-1.jpg\" alt=\"etica - palavras\" width=\"277\" height=\"182\" \/>O Plen\u00e1rio do Conselho Federal de Medicina (CFM) aprovou por aclama\u00e7\u00e3o no dia 17 nota onde, entre outros pontos, manifesta seu rep\u00fadio \u00e0 a\u00e7\u00f5es que dificultem investiga\u00e7\u00f5es em casos de suspeita de irregularidade e conclama os m\u00e9dicos e a popula\u00e7\u00e3o \u00e0 luta pelo restabelecimento da ordem jur\u00eddica no Pa\u00eds.<\/div>\n<div><\/div>\n<div><strong>NOTA EM DEFESA DA \u00c9TICA E DA JUSTI\u00c7A<\/strong><\/div>\n<div><\/div>\n<div><\/div>\n<div>\n<p>Diante das circunst\u00e2ncias governamentais e pol\u00edticas que abalam os pilares do Estado Democr\u00e1tico de Direito na Rep\u00fablica, o Conselho Federal de Medicina (CFM):<\/p>\n<p>1. repudia qualquer a\u00e7\u00e3o que impe\u00e7a ou dificulte as investiga\u00e7\u00f5es da Pol\u00edcia Federal, do Minist\u00e9rio P\u00fablico e as decis\u00f5es da Justi\u00e7a no combate \u00e0 corrup\u00e7\u00e3o no Pa\u00eds;<\/p>\n<p>2. entende que nenhum cidad\u00e3o ou autoridade pode ser beneficiado por subterf\u00fagios para desvios de compet\u00eancias judiciais, constitucionalmente firmadas, em absoluto detrimento dos princ\u00edpios da legalidade e da moralidade;<\/p>\n<\/div>\n<div>3. conclama os m\u00e9dicos e a popula\u00e7\u00e3o ao engajamento na luta pelo restabelecimento da ordem jur\u00eddica determinada na Carta Magna e indispens\u00e1vel \u00e0 reconstru\u00e7\u00e3o da Na\u00e7\u00e3o.<\/div>\n<div><\/div>\n<div><\/div>\n<div>Bras\u00edlia, 17 de mar\u00e7o de 2016.<\/div>\n<div><\/div>\n<div><a href=\"http:\/\/portal.cfm.org.br\/index.php?option=com_content&amp;view=article&amp;id=26041:2016-03-17-20-24-15&amp;catid=3\">\u00a0<strong>Fonte: CONSELHO FEDERAL DE MEDICINA<\/strong><\/a><\/div>\n<div><\/div>\n<div><a href=\"https:\/\/miltonmarchioli.com.br\/blog\/wp-content\/uploads\/CONSELHO-FEDERAL-DE-MEDICINA-IMPEACHEMENT-DE-DILMA-CORRUP\u00c7\u00c3O.jpg\"><img loading=\"lazy\" decoding=\"async\" class=\"aligncenter size-full wp-image-12342\" src=\"https:\/\/miltonmarchioli.com.br\/blog\/wp-content\/uploads\/CONSELHO-FEDERAL-DE-MEDICINA-IMPEACHEMENT-DE-DILMA-CORRUP\u00c7\u00c3O.jpg\" alt=\"CONSELHO FEDERAL DE MEDICINA - IMPEACHEMENT DE DILMA - CORRUP\u00c7\u00c3O\" width=\"600\" height=\"400\" srcset=\"https:\/\/miltonmarchioli.com.br\/blog\/wp-content\/uploads\/CONSELHO-FEDERAL-DE-MEDICINA-IMPEACHEMENT-DE-DILMA-CORRUP\u00c7\u00c3O.jpg 600w, https:\/\/miltonmarchioli.com.br\/blog\/wp-content\/uploads\/CONSELHO-FEDERAL-DE-MEDICINA-IMPEACHEMENT-DE-DILMA-CORRUP\u00c7\u00c3O-300x200.jpg 300w\" sizes=\"auto, (max-width: 600px) 100vw, 600px\" \/><\/a><\/div>\n","protected":false},"excerpt":{"rendered":"<p>O Plen\u00e1rio do Conselho Federal de Medicina (CFM) aprovou por aclama\u00e7\u00e3o no dia 17 nota onde, entre outros pontos, manifesta seu rep\u00fadio \u00e0 a\u00e7\u00f5es que dificultem investiga\u00e7\u00f5es em casos de suspeita de irregularidade e conclama os m\u00e9dicos e a popula\u00e7\u00e3o \u00e0 luta pelo restabelecimento da ordem jur\u00eddica no Pa\u00eds. NOTA EM DEFESA DA \u00c9TICA E &hellip; <a href=\"https:\/\/miltonmarchioli.com.br\/blog\/cfm-divulga-nota-publica-em-defesa-da-etica-e-da-justica\/\" class=\"more-link\">Continue lendo <span class=\"screen-reader-text\">CFM divulga nota p\u00fablica em defesa da \u00e9tica e da justi\u00e7a<\/span> <span class=\"meta-nav\">&rarr;<\/span><\/a><\/p>\n","protected":false},"author":2,"featured_media":0,"comment_status":"open","ping_status":"closed","sticky":false,"template":"","format":"standard","meta":{"rop_custom_images_group":[],"rop_custom_messages_group":[],"rop_publish_now":"initial","rop_publish_now_accounts":[],"rop_publish_now_history":[],"rop_publish_now_status":"pending","footnotes":""},"categories":[366],"tags":[931],"class_list":["post-11488","post","type-post","status-publish","format-standard","hentry","category-politica","tag-conselho-federal-de-medicina-nota-em-defesa-da-etica-e-da-justica"],"_links":{"self":[{"href":"https:\/\/miltonmarchioli.com.br\/blog\/wp-json\/wp\/v2\/posts\/11488","targetHints":{"allow":["GET"]}}],"collection":[{"href":"https:\/\/miltonmarchioli.com.br\/blog\/wp-json\/wp\/v2\/posts"}],"about":[{"href":"https:\/\/miltonmarchioli.com.br\/blog\/wp-json\/wp\/v2\/types\/post"}],"author":[{"embeddable":true,"href":"https:\/\/miltonmarchioli.com.br\/blog\/wp-json\/wp\/v2\/users\/2"}],"replies":[{"embeddable":true,"href":"https:\/\/miltonmarchioli.com.br\/blog\/wp-json\/wp\/v2\/comments?post=11488"}],"version-history":[{"count":4,"href":"https:\/\/miltonmarchioli.com.br\/blog\/wp-json\/wp\/v2\/posts\/11488\/revisions"}],"predecessor-version":[{"id":12343,"href":"https:\/\/miltonmarchioli.com.br\/blog\/wp-json\/wp\/v2\/posts\/11488\/revisions\/12343"}],"wp:attachment":[{"href":"https:\/\/miltonmarchioli.com.br\/blog\/wp-json\/wp\/v2\/media?parent=11488"}],"wp:term":[{"taxonomy":"category","embeddable":true,"href":"https:\/\/miltonmarchioli.com.br\/blog\/wp-json\/wp\/v2\/categories?post=11488"},{"taxonomy":"post_tag","embeddable":true,"href":"https:\/\/miltonmarchioli.com.br\/blog\/wp-json\/wp\/v2\/tags?post=11488"}],"curies":[{"name":"wp","href":"https:\/\/api.w.org\/{rel}","templated":true}]}}