{"id":11494,"date":"2016-03-17T09:41:15","date_gmt":"2016-03-17T12:41:15","guid":{"rendered":"http:\/\/miltonmarchioli.com.br\/blog\/?p=11494"},"modified":"2016-06-16T13:42:58","modified_gmt":"2016-06-16T16:42:58","slug":"lula-o-farsante-idolo-da-esquerdofrenia-e-esquerdopatas-o-forest-gump-da-politica-brasileira","status":"publish","type":"post","link":"https:\/\/miltonmarchioli.com.br\/blog\/lula-o-farsante-idolo-da-esquerdofrenia-e-esquerdopatas-o-forest-gump-da-politica-brasileira\/","title":{"rendered":"Lula &#8211; o farsante. \u00cddolo da Esquerdofrenia e esquerdopatas ! O Forest Gump da pol\u00edtica brasileira !"},"content":{"rendered":"<p><a href=\"https:\/\/miltonmarchioli.com.br\/blog\/wp-content\/uploads\/lula-o-poderoso-chef\u00e3o.jpg\"><img loading=\"lazy\" decoding=\"async\" class=\"alignleft size-medium wp-image-12340\" src=\"https:\/\/miltonmarchioli.com.br\/blog\/wp-content\/uploads\/lula-o-poderoso-chef\u00e3o-233x300.jpg\" alt=\"lula - o poderoso chef\u00e3o\" width=\"233\" height=\"300\" srcset=\"https:\/\/miltonmarchioli.com.br\/blog\/wp-content\/uploads\/lula-o-poderoso-chef\u00e3o-233x300.jpg 233w, https:\/\/miltonmarchioli.com.br\/blog\/wp-content\/uploads\/lula-o-poderoso-chef\u00e3o.jpg 698w\" sizes=\"auto, (max-width: 233px) 100vw, 233px\" \/><\/a><a href=\"https:\/\/www.youtube.com\/watch?v=5MJ71KVgstI\">Vamos lembrar que na Conven\u00e7\u00e3o Nacional do PT, o ex-presidente Lula, o l\u00edder mor do PT, disse em 2014, antes das elei\u00e7\u00f5es, que a corrup\u00e7\u00e3o estava sendo uma arma bastante usada pela oposi\u00e7\u00e3o, j\u00e1 que segundo Lula a oposi\u00e7\u00e3o tentava formar a ideia de que o PT \u00e9 um partido corrupto, e isso deveria ser combatido por Dilma em seus debates eleitorais.<\/a><\/p>\n<p><a href=\"https:\/\/www.youtube.com\/watch?v=UNrUzNGxIVA&amp;ebc=ANyPxKoniEEDbqGwDzGbHjwS3nVbBBRL8LZjEVKa88eF3iWmjl6hPlxGzjMZfXZUTsbjkdgweNUOhHGR7b4R8sq3OU3r6xuMNg\">Nunca houve mensal\u00e3o segundo Lula, em entrevista para a TV, RTP, em Portugal, em 2014.<\/a><\/p>\n<p>Defendeu Genoino, Jos\u00e9 Dirceu, Jos\u00e9 Paulo Cunha, Marcos Val\u00e9rio (pelo seu sil\u00eancio recebeu a mando de Lula R$ 220 milh\u00f5es), e outros criminosos.<\/p>\n<p><a href=\"https:\/\/www.youtube.com\/watch?v=UNrUzNGxIVA&amp;ebc=ANyPxKoniEEDbqGwDzGbHjwS3nVbBBRL8LZjEVKa88eF3iWmjl6hPlxGzjMZfXZUTsbjkdgweNUOhHGR7b4R8sq3OU3r6xuMNg\">Vale lembrar que Genoino e Dirceu, ficaram atr\u00e1s das grades, devido \u00e0 condena\u00e7\u00e3o pelo chamado mensal\u00e3o petista, que aconteceu durante o governo Lula, em que pol\u00edticos eram comprados para apoiar o governo no congresso, com dinheiro p\u00fablico e privado.<\/a><\/p>\n<p>Agora Lula e suas intermin\u00e1veis narrativas, negando tudo: o s\u00edtio, o apartamento, as palestras que existiram, mas n\u00e3o existiram,\u00a0 e a negativa do petrol\u00e3o, embora as provas sejam in\u00fameras apontando uma organiza\u00e7\u00e3o criminosa no Brasil: o\u00a0 PT e seu l\u00edder mor, ou melhor, o Forest Gump da pol\u00edtica brasileira.<\/p>\n<p><a href=\"http:\/\/politica.estadao.com.br\/noticias\/geral,petrolao-pagou-silencio-de-marcos-valerio-no-mensalao--diz-delcidio,10000021343\">Lula mandou comprar o sil\u00eancio de Marcos Val\u00e9rio segundo a dela\u00e7\u00e3o do senador Delc\u00eddio do Amaral.<\/a><\/p>\n<p>Lula afirma que n\u00e3o h\u00e1 Petrol\u00e3o, mas sim um movimento orquestrado: da classe m\u00e9dia, da &#8220;elite&#8221; [dicion\u00e1rio: o que h\u00e1 de mais valorizado e de melhor qualidade, especialmente em um grupo social;\u00a0 minoria que det\u00e9m o prest\u00edgio e o dom\u00ednio sobre o grupo social), dos &#8220;coxinhas&#8221;[dicion\u00e1rio: tendo a sua origem em S\u00e3o Paulo, a palavra coxinha quase sempre tem um <strong>sentido depreciativo<\/strong> e indica um <strong>indiv\u00edduo conservador<\/strong>, que \u00e9 politicamente correto, e que se preocupa em adotar comportamentos que s\u00e3o aceites pela maioria das pessoas], dos meios de comunica\u00e7\u00e3o (TV Globo), da burguesia, dos banqueiros, dos empres\u00e1rios, dos insatisfeitos, etc.<\/p>\n<p><a href=\"https:\/\/www.youtube.com\/watch?v=uhpsgGjDuI4\">Lula odeia a classe m\u00e9dia e aplaude sua &#8220;fil\u00f3sofa&#8221; preferida: Marilena Chaui.<\/a><\/p>\n<p>Lula n\u00e3o passa de um contador de hist\u00f3rias.<\/p>\n<p>E agora ser\u00e1 Ministro da Casa Civil.<\/p>\n<p>Motivo: obter foro privilegiado e fugir da Opera\u00e7\u00e3o Lava Jato, do Juiz S\u00e9rgio Moro.<\/p>\n<p>Um farsante !<\/p>\n<p>O nosso Forest Gump !<\/p>\n<p><img loading=\"lazy\" decoding=\"async\" class=\"alignleft size-full wp-image-11495\" src=\"https:\/\/miltonmarchioli.com.br\/blog\/wp-content\/uploads\/forest-gump.jpg\" alt=\"forest gump\" width=\"350\" height=\"500\" srcset=\"https:\/\/miltonmarchioli.com.br\/blog\/wp-content\/uploads\/forest-gump.jpg 350w, https:\/\/miltonmarchioli.com.br\/blog\/wp-content\/uploads\/forest-gump-210x300.jpg 210w\" sizes=\"auto, (max-width: 350px) 100vw, 350px\" \/><\/p>\n<p>&nbsp;<\/p>\n<p>&nbsp;<\/p>\n<p>&nbsp;<\/p>\n<p>&nbsp;<\/p>\n<p>&nbsp;<\/p>\n","protected":false},"excerpt":{"rendered":"<p>Vamos lembrar que na Conven\u00e7\u00e3o Nacional do PT, o ex-presidente Lula, o l\u00edder mor do PT, disse em 2014, antes das elei\u00e7\u00f5es, que a corrup\u00e7\u00e3o estava sendo uma arma bastante usada pela oposi\u00e7\u00e3o, j\u00e1 que segundo Lula a oposi\u00e7\u00e3o tentava formar a ideia de que o PT \u00e9 um partido corrupto, e isso deveria ser &hellip; <a href=\"https:\/\/miltonmarchioli.com.br\/blog\/lula-o-farsante-idolo-da-esquerdofrenia-e-esquerdopatas-o-forest-gump-da-politica-brasileira\/\" class=\"more-link\">Continue lendo <span class=\"screen-reader-text\">Lula &#8211; o farsante. \u00cddolo da Esquerdofrenia e esquerdopatas ! O Forest Gump da pol\u00edtica brasileira !<\/span> <span class=\"meta-nav\">&rarr;<\/span><\/a><\/p>\n","protected":false},"author":2,"featured_media":0,"comment_status":"open","ping_status":"closed","sticky":false,"template":"","format":"standard","meta":{"rop_custom_images_group":[],"rop_custom_messages_group":[],"rop_publish_now":"initial","rop_publish_now_accounts":[],"rop_publish_now_history":[],"rop_publish_now_status":"pending","footnotes":""},"categories":[13,366],"tags":[932],"class_list":["post-11494","post","type-post","status-publish","format-standard","hentry","category-opiniao","category-politica","tag-forest-gump-lula"],"_links":{"self":[{"href":"https:\/\/miltonmarchioli.com.br\/blog\/wp-json\/wp\/v2\/posts\/11494","targetHints":{"allow":["GET"]}}],"collection":[{"href":"https:\/\/miltonmarchioli.com.br\/blog\/wp-json\/wp\/v2\/posts"}],"about":[{"href":"https:\/\/miltonmarchioli.com.br\/blog\/wp-json\/wp\/v2\/types\/post"}],"author":[{"embeddable":true,"href":"https:\/\/miltonmarchioli.com.br\/blog\/wp-json\/wp\/v2\/users\/2"}],"replies":[{"embeddable":true,"href":"https:\/\/miltonmarchioli.com.br\/blog\/wp-json\/wp\/v2\/comments?post=11494"}],"version-history":[{"count":4,"href":"https:\/\/miltonmarchioli.com.br\/blog\/wp-json\/wp\/v2\/posts\/11494\/revisions"}],"predecessor-version":[{"id":12341,"href":"https:\/\/miltonmarchioli.com.br\/blog\/wp-json\/wp\/v2\/posts\/11494\/revisions\/12341"}],"wp:attachment":[{"href":"https:\/\/miltonmarchioli.com.br\/blog\/wp-json\/wp\/v2\/media?parent=11494"}],"wp:term":[{"taxonomy":"category","embeddable":true,"href":"https:\/\/miltonmarchioli.com.br\/blog\/wp-json\/wp\/v2\/categories?post=11494"},{"taxonomy":"post_tag","embeddable":true,"href":"https:\/\/miltonmarchioli.com.br\/blog\/wp-json\/wp\/v2\/tags?post=11494"}],"curies":[{"name":"wp","href":"https:\/\/api.w.org\/{rel}","templated":true}]}}