{"id":11500,"date":"2016-03-24T00:39:50","date_gmt":"2016-03-24T03:39:50","guid":{"rendered":"http:\/\/miltonmarchioli.com.br\/blog\/?p=11500"},"modified":"2016-06-16T13:45:14","modified_gmt":"2016-06-16T16:45:14","slug":"as-razoes-do-impeachment","status":"publish","type":"post","link":"https:\/\/miltonmarchioli.com.br\/blog\/as-razoes-do-impeachment\/","title":{"rendered":"As raz\u00f5es do impeachment"},"content":{"rendered":"<p class=\"newTitle\"><img loading=\"lazy\" decoding=\"async\" class=\"alignleft wp-image-11501\" src=\"https:\/\/miltonmarchioli.com.br\/blog\/wp-content\/uploads\/claudio-lamachia-300x200.jpg\" alt=\"claudio lamachia\" width=\"276\" height=\"184\" srcset=\"https:\/\/miltonmarchioli.com.br\/blog\/wp-content\/uploads\/claudio-lamachia-300x200.jpg 300w, https:\/\/miltonmarchioli.com.br\/blog\/wp-content\/uploads\/claudio-lamachia.jpg 440w\" sizes=\"auto, (max-width: 276px) 100vw, 276px\" \/>O presidente nacional da OAB comenta as raz\u00f5es da aprova\u00e7\u00e3o do pedido de impeachment em face da presidente do Brasil Dilma Rousseff.<\/p>\n<p><strong>As raz\u00f5es do impeachment<\/strong><\/p>\n<p>Por Claudio Lamachia, advogado e presidente nacional da OAB.<\/p>\n<p>Um amplo processo de consulta democr\u00e1tica \u00e0 advocacia terminou na semana passada, quando os conselheiros federais da OAB, eleitos pelo voto direto dos quase 1 milh\u00e3o de advogados do pa\u00eds, conclu\u00edram que o processo de impeachment da presidente da Rep\u00fablica tem o apoio da Ordem dos Advogados do Brasil. Essa \u00e9 a opini\u00e3o t\u00e9cnico-jur\u00eddica da maior entidade representativa da advocacia no Brasil.<\/p>\n<p>As raz\u00f5es do impeachment, elencadas em detalhado e extenso voto lido em uma sess\u00e3o extraordin\u00e1ria do Conselho Federal da OAB, n\u00e3o incluem as pol\u00eamicas escutas de conversas telef\u00f4nicas entre a presidente e seu antecessor. Levam em considera\u00e7\u00e3o, por exemplo, as pedaladas fiscais, as ren\u00fancias fiscais ilegais em favor da Fifa e a inten\u00e7\u00e3o de beneficiar um aliado, alvo de investiga\u00e7\u00e3o judicial, atribuindo-lhe as prerrogativas de ministro de Estado.<\/p>\n<p>Durante meses, a sociedade esperou um posicionamento da Ordem dos Advogados sobre o impedimento. Nesse per\u00edodo, a entidade estudou atentamente a quest\u00e3o. Integrantes do Conselho Federal e das OABs estaduais analisaram o assunto. O resultado desse minucioso trabalho foi uma decis\u00e3o final quase un\u00e2nime, mostrando o qu\u00e3o unida a classe est\u00e1 em torno da conclus\u00e3o.<\/p>\n<p>Antes que o assunto fosse levado para a plen\u00e1ria nacional, 24 das 27 seccionais da ordem organizaram suas pr\u00f3prias reuni\u00f5es. Todas conclu\u00edram ser necess\u00e1ria a abertura do processo de impeachment da atual chefe do Executivo.<\/p>\n<p>Quando se reuniu o conselho federal, com a presen\u00e7a dos 81 conselheiros federais (tr\u00eas por Estado e Distrito Federal), mais uma vez o entendimento quase un\u00e2nime foi favor\u00e1vel ao impeachment. Essa foi a posi\u00e7\u00e3o de 26 das 27 bancadas, cada uma representando sua unidade federativa.<\/p>\n<p>A Constitui\u00e7\u00e3o \u00e9 clara em seu artigo 85. Ocorre crime de responsabilidade quando o presidente da Rep\u00fablica atenta contra a Carta Magna. O mesmo crime existe quando o mandat\u00e1rio m\u00e1ximo do pa\u00eds pratica atos contra o livre exerc\u00edcio de algum dos Poderes, contra a probidade na administra\u00e7\u00e3o, contra a lei or\u00e7ament\u00e1ria ou contra o cumprimento das leis e das decis\u00f5es judiciais.<\/p>\n<p>O relat\u00f3rio aprovado pelo conselho pleno da OAB cita ainda infra\u00e7\u00f5es \u00e0 lei 1.079\/50, que inclui entre os crimes de responsabilidade a infra\u00e7\u00e3o de normas legais no provimento de cargos p\u00fablicos e o transporte ou excesso, sem autoriza\u00e7\u00e3o legal, das verbas do or\u00e7amento.<\/p>\n<p>A sociedade tem, agora, uma resposta consistente da Ordem dos Advogados do Brasil, baseada em fatos e leis. A entidade n\u00e3o renunciar\u00e1 ao papel de protagonista nesse processo, defendendo a posi\u00e7\u00e3o tomada pela classe.<\/p>\n<p>Ao mesmo tempo, a OAB cumprir\u00e1 sua fun\u00e7\u00e3o, estabelecida pela Constitui\u00e7\u00e3o, de guardi\u00e3 dos direitos e garantias do cidad\u00e3o. Agir\u00e1 como fiscal da legalidade, cobrando o cumprimento dos ritos e o respeito ao devido processo.<\/p>\n<p>\u00c9 preciso garantir \u00e0 presidente da Rep\u00fablica ampla defesa e o devido processo legal. Assim fez a pr\u00f3pria Ordem dos Advogados quando concedeu tempo de fala ao advogado-geral da Uni\u00e3o, que representou a presidente na sess\u00e3o.<\/p>\n<p>A OAB se manter\u00e1 vigilante aos poss\u00edveis abusos e ilegalidades cometidos no processo de apura\u00e7\u00e3o dos esc\u00e2ndalos em curso no pa\u00eds. J\u00e1 foi criada, inclusive, uma comiss\u00e3o para analisar a legitimidade de escutas feitas em telefones de advogados, divulgadas nos \u00faltimos dias. N\u00e3o vamos admitir grampos em conversas entre advogados e seus clientes.<\/p>\n<p>Adotaremos todas as medidas necess\u00e1rias para responsabilizar quem tenha autorizado tais ilegalidades, caso comprovadas. Combater o crime praticando-se outro crime \u00e9 um desvio de rumo que certamente vai tirar do Brasil a chance \u00edmpar, vivida neste momento, de caminhar em dire\u00e7\u00e3o a um futuro melhor.<\/p>\n<p class=\"newTitle\"><a href=\"http:\/\/www.oab.org.br\/noticia\/29411\/artigo-as-razoes-do-impeachment?utm_source=3427&amp;utm_medium=email&amp;utm_campaign=OAB_Informa\">Fonte OAB Nacional<\/a><\/p>\n<p class=\"newTitle\"><img loading=\"lazy\" decoding=\"async\" class=\"aligncenter size-large wp-image-11502\" src=\"https:\/\/miltonmarchioli.com.br\/blog\/wp-content\/uploads\/impeachment-1024x606.jpg\" alt=\"impeachment\" width=\"474\" height=\"281\" srcset=\"https:\/\/miltonmarchioli.com.br\/blog\/wp-content\/uploads\/impeachment.jpg 1024w, https:\/\/miltonmarchioli.com.br\/blog\/wp-content\/uploads\/impeachment-300x178.jpg 300w, https:\/\/miltonmarchioli.com.br\/blog\/wp-content\/uploads\/impeachment-768x455.jpg 768w\" sizes=\"auto, (max-width: 474px) 100vw, 474px\" \/><\/p>\n<p class=\"newTitle\">\n","protected":false},"excerpt":{"rendered":"<p>O presidente nacional da OAB comenta as raz\u00f5es da aprova\u00e7\u00e3o do pedido de impeachment em face da presidente do Brasil Dilma Rousseff. As raz\u00f5es do impeachment Por Claudio Lamachia, advogado e presidente nacional da OAB. Um amplo processo de consulta democr\u00e1tica \u00e0 advocacia terminou na semana passada, quando os conselheiros federais da OAB, eleitos pelo &hellip; <a href=\"https:\/\/miltonmarchioli.com.br\/blog\/as-razoes-do-impeachment\/\" class=\"more-link\">Continue lendo <span class=\"screen-reader-text\">As raz\u00f5es do impeachment<\/span> <span class=\"meta-nav\">&rarr;<\/span><\/a><\/p>\n","protected":false},"author":2,"featured_media":0,"comment_status":"open","ping_status":"closed","sticky":false,"template":"","format":"standard","meta":{"rop_custom_images_group":[],"rop_custom_messages_group":[],"rop_publish_now":"initial","rop_publish_now_accounts":[],"rop_publish_now_history":[],"rop_publish_now_status":"pending","footnotes":""},"categories":[18,13,366],"tags":[933,934],"class_list":["post-11500","post","type-post","status-publish","format-standard","hentry","category-direito","category-opiniao","category-politica","tag-impeachment-de-dilma-rousseff","tag-oab-nacional"],"_links":{"self":[{"href":"https:\/\/miltonmarchioli.com.br\/blog\/wp-json\/wp\/v2\/posts\/11500","targetHints":{"allow":["GET"]}}],"collection":[{"href":"https:\/\/miltonmarchioli.com.br\/blog\/wp-json\/wp\/v2\/posts"}],"about":[{"href":"https:\/\/miltonmarchioli.com.br\/blog\/wp-json\/wp\/v2\/types\/post"}],"author":[{"embeddable":true,"href":"https:\/\/miltonmarchioli.com.br\/blog\/wp-json\/wp\/v2\/users\/2"}],"replies":[{"embeddable":true,"href":"https:\/\/miltonmarchioli.com.br\/blog\/wp-json\/wp\/v2\/comments?post=11500"}],"version-history":[{"count":2,"href":"https:\/\/miltonmarchioli.com.br\/blog\/wp-json\/wp\/v2\/posts\/11500\/revisions"}],"predecessor-version":[{"id":12344,"href":"https:\/\/miltonmarchioli.com.br\/blog\/wp-json\/wp\/v2\/posts\/11500\/revisions\/12344"}],"wp:attachment":[{"href":"https:\/\/miltonmarchioli.com.br\/blog\/wp-json\/wp\/v2\/media?parent=11500"}],"wp:term":[{"taxonomy":"category","embeddable":true,"href":"https:\/\/miltonmarchioli.com.br\/blog\/wp-json\/wp\/v2\/categories?post=11500"},{"taxonomy":"post_tag","embeddable":true,"href":"https:\/\/miltonmarchioli.com.br\/blog\/wp-json\/wp\/v2\/tags?post=11500"}],"curies":[{"name":"wp","href":"https:\/\/api.w.org\/{rel}","templated":true}]}}