{"id":11528,"date":"2016-04-02T00:11:53","date_gmt":"2016-04-02T03:11:53","guid":{"rendered":"http:\/\/miltonmarchioli.com.br\/blog\/?p=11528"},"modified":"2016-06-16T13:48:59","modified_gmt":"2016-06-16T16:48:59","slug":"estudantes-de-medicina-farao-avaliacao-nacional-para-receber-o-diploma","status":"publish","type":"post","link":"https:\/\/miltonmarchioli.com.br\/blog\/estudantes-de-medicina-farao-avaliacao-nacional-para-receber-o-diploma\/","title":{"rendered":"Estudantes de medicina far\u00e3o avalia\u00e7\u00e3o nacional para receber o diploma"},"content":{"rendered":"<p><a href=\"https:\/\/miltonmarchioli.com.br\/blog\/wp-content\/uploads\/avalia\u00e7\u00e3o-3-bot\u00f5es.jpg\"><img loading=\"lazy\" decoding=\"async\" class=\"alignleft  wp-image-12345\" src=\"https:\/\/miltonmarchioli.com.br\/blog\/wp-content\/uploads\/avalia\u00e7\u00e3o-3-bot\u00f5es-300x225.jpg\" alt=\"avalia\u00e7\u00e3o- 3 bot\u00f5es\" width=\"260\" height=\"195\" srcset=\"https:\/\/miltonmarchioli.com.br\/blog\/wp-content\/uploads\/avalia\u00e7\u00e3o-3-bot\u00f5es-300x225.jpg 300w, https:\/\/miltonmarchioli.com.br\/blog\/wp-content\/uploads\/avalia\u00e7\u00e3o-3-bot\u00f5es-768x576.jpg 768w, https:\/\/miltonmarchioli.com.br\/blog\/wp-content\/uploads\/avalia\u00e7\u00e3o-3-bot\u00f5es-1024x768.jpg 1024w, https:\/\/miltonmarchioli.com.br\/blog\/wp-content\/uploads\/avalia\u00e7\u00e3o-3-bot\u00f5es.jpg 1600w\" sizes=\"auto, (max-width: 260px) 100vw, 260px\" \/><\/a>A partir deste ano, alunos de medicina de todo o pa\u00eds far\u00e3o avalia\u00e7\u00f5es nacionais a cada dois anos durante o curso.<\/p>\n<p>As avalia\u00e7\u00f5es, aplicadas no segundo, quarto e sexto ano ser\u00e3o obrigat\u00f3rias.<\/p>\n<p>Aqueles que n\u00e3o obtiverem a nota m\u00ednima definida pelo Minist\u00e9rio da Educa\u00e7\u00e3o (MEC) na \u00faltima avalia\u00e7\u00e3o n\u00e3o poder\u00e3o obter o diploma e tamb\u00e9m n\u00e3o poder\u00e3o ingressar na resid\u00eancia m\u00e9dica.<\/p>\n<p>A chamada Avalia\u00e7\u00e3o Nacional Seriada dos Estudantes de Medicina (Anasem) est\u00e1 prevista no Programa Mais M\u00e9dicos (Lei 12.871\/2013) e em resolu\u00e7\u00e3o do Conselho Nacional de Educa\u00e7\u00e3o (CNE).<\/p>\n<p>Pelas normas, o prazo para que a avalia\u00e7\u00e3o come\u00e7asse a ser aplicada termina este ano.<\/p>\n<p>A aplica\u00e7\u00e3o come\u00e7ar\u00e1 pelos alunos do 2\u00ba ano de medicina em agosto.<\/p>\n<p>A medida em que os alunos avan\u00e7am nos estudos, as demais avalia\u00e7\u00f5es ser\u00e3o implementadas.<\/p>\n<p>A do 6\u00ba ano passar\u00e1 a ser aplicada em 2020.<\/p>\n<p>O an\u00fancio foi feito no dia 01\/04\/2016 pelo ministro da Educa\u00e7\u00e3o, Aloizio Mercadante.<\/p>\n<p>Segundo o Minist\u00e9rio da Educa\u00e7\u00e3o (MEC), cerca de 20 mil estudantes far\u00e3o a prova em 2016.<\/p>\n<p>No sexto ano, o desempenho m\u00ednimo na avalia\u00e7\u00e3o ser\u00e1 necess\u00e1rio para que os alunos se formem e obtenham o diploma.<\/p>\n<p>A m\u00e9dia necess\u00e1ria para a aprova\u00e7\u00e3o ser\u00e1 recalculada ano a ano.<\/p>\n<p>A avalia\u00e7\u00e3o ser\u00e1 tamb\u00e9m pr\u00e9-requisito para que os estudantes rec\u00e9m-formados ingressem na resid\u00eancia m\u00e9dica.<\/p>\n<p>Os estudantes, no entanto, ter\u00e3o mais de uma oportunidade.<\/p>\n<p>Aqueles que n\u00e3o obtiverem a nota necess\u00e1ria poder\u00e3o refazer a prova.<\/p>\n<p>Ser\u00e3o feitas v\u00e1rias provas em um mesmo ano, assim, o estudante que n\u00e3o obtiver a nota m\u00ednima ou aquele que deseja antecipar a prova antes mesmo do fim do curso, poder\u00e1 faz\u00ea-lo.<\/p>\n<p>O Instituto Nacional de Estudos e Pesquisas Educacionais An\u00edsio Teixeira (Inep) ser\u00e1 respons\u00e1vel pela avalia\u00e7\u00e3o.<\/p>\n<p>O exame seguir\u00e1 os moldes do Exame Nacional de Revalida\u00e7\u00e3o de Diplomas M\u00e9dicos expedidos por Institui\u00e7\u00e3o de Educa\u00e7\u00e3o Superior Estrangeira (Revalida).<\/p>\n<p>O ministro assinou hoje portaria que institui a nova avalia\u00e7\u00e3o e cria a Comiss\u00e3o Assessora da Avalia\u00e7\u00e3o, que acompanhar\u00e1 a implementa\u00e7\u00e3o no pa\u00eds.<\/p>\n<p>Comp\u00f5e a comiss\u00e3o, o MEC, o Minist\u00e9rio da Sa\u00fade e o Conselho Federal de Medicina (CFM).<\/p>\n<p>A comiss\u00e3o poder\u00e1 definir se a avalia\u00e7\u00e3o aplicada aos estudantes contar\u00e1 tamb\u00e9m para avaliar os cursos de medicina.<\/p>\n<p><a href=\"http:\/\/agenciabrasil.ebc.com.br\/educacao\/noticia\/2016-04\/estudantes-de-medicina-farao-avaliacao-nacional-para-receberem-o-diploma\">Fonte- Ag\u00eancia Brasil<\/a><\/p>\n<p><img loading=\"lazy\" decoding=\"async\" class=\"aligncenter size-full wp-image-11530\" src=\"https:\/\/miltonmarchioli.com.br\/blog\/wp-content\/uploads\/jaleco.jpg\" alt=\"jaleco\" width=\"600\" height=\"238\" srcset=\"https:\/\/miltonmarchioli.com.br\/blog\/wp-content\/uploads\/jaleco.jpg 600w, https:\/\/miltonmarchioli.com.br\/blog\/wp-content\/uploads\/jaleco-300x119.jpg 300w\" sizes=\"auto, (max-width: 600px) 100vw, 600px\" \/><\/p>\n","protected":false},"excerpt":{"rendered":"<p>A partir deste ano, alunos de medicina de todo o pa\u00eds far\u00e3o avalia\u00e7\u00f5es nacionais a cada dois anos durante o curso. As avalia\u00e7\u00f5es, aplicadas no segundo, quarto e sexto ano ser\u00e3o obrigat\u00f3rias. Aqueles que n\u00e3o obtiverem a nota m\u00ednima definida pelo Minist\u00e9rio da Educa\u00e7\u00e3o (MEC) na \u00faltima avalia\u00e7\u00e3o n\u00e3o poder\u00e3o obter o diploma e tamb\u00e9m &hellip; <a href=\"https:\/\/miltonmarchioli.com.br\/blog\/estudantes-de-medicina-farao-avaliacao-nacional-para-receber-o-diploma\/\" class=\"more-link\">Continue lendo <span class=\"screen-reader-text\">Estudantes de medicina far\u00e3o avalia\u00e7\u00e3o nacional para receber o diploma<\/span> <span class=\"meta-nav\">&rarr;<\/span><\/a><\/p>\n","protected":false},"author":2,"featured_media":0,"comment_status":"open","ping_status":"closed","sticky":false,"template":"","format":"standard","meta":{"rop_custom_images_group":[],"rop_custom_messages_group":[],"rop_publish_now":"initial","rop_publish_now_accounts":[],"rop_publish_now_history":[],"rop_publish_now_status":"pending","footnotes":""},"categories":[18,332,13,9],"tags":[942],"class_list":["post-11528","post","type-post","status-publish","format-standard","hentry","category-direito","category-educacao","category-opiniao","category-saude-publica","tag-avaliacao-de-cursos-de-medicina-mec"],"_links":{"self":[{"href":"https:\/\/miltonmarchioli.com.br\/blog\/wp-json\/wp\/v2\/posts\/11528","targetHints":{"allow":["GET"]}}],"collection":[{"href":"https:\/\/miltonmarchioli.com.br\/blog\/wp-json\/wp\/v2\/posts"}],"about":[{"href":"https:\/\/miltonmarchioli.com.br\/blog\/wp-json\/wp\/v2\/types\/post"}],"author":[{"embeddable":true,"href":"https:\/\/miltonmarchioli.com.br\/blog\/wp-json\/wp\/v2\/users\/2"}],"replies":[{"embeddable":true,"href":"https:\/\/miltonmarchioli.com.br\/blog\/wp-json\/wp\/v2\/comments?post=11528"}],"version-history":[{"count":3,"href":"https:\/\/miltonmarchioli.com.br\/blog\/wp-json\/wp\/v2\/posts\/11528\/revisions"}],"predecessor-version":[{"id":12346,"href":"https:\/\/miltonmarchioli.com.br\/blog\/wp-json\/wp\/v2\/posts\/11528\/revisions\/12346"}],"wp:attachment":[{"href":"https:\/\/miltonmarchioli.com.br\/blog\/wp-json\/wp\/v2\/media?parent=11528"}],"wp:term":[{"taxonomy":"category","embeddable":true,"href":"https:\/\/miltonmarchioli.com.br\/blog\/wp-json\/wp\/v2\/categories?post=11528"},{"taxonomy":"post_tag","embeddable":true,"href":"https:\/\/miltonmarchioli.com.br\/blog\/wp-json\/wp\/v2\/tags?post=11528"}],"curies":[{"name":"wp","href":"https:\/\/api.w.org\/{rel}","templated":true}]}}