{"id":11557,"date":"2016-04-08T10:28:05","date_gmt":"2016-04-08T13:28:05","guid":{"rendered":"http:\/\/miltonmarchioli.com.br\/blog\/?p=11557"},"modified":"2016-04-08T10:31:49","modified_gmt":"2016-04-08T13:31:49","slug":"a-sociedade-orfa","status":"publish","type":"post","link":"https:\/\/miltonmarchioli.com.br\/blog\/a-sociedade-orfa\/","title":{"rendered":"A Sociedade Orf\u00e3"},"content":{"rendered":"<p><img loading=\"lazy\" decoding=\"async\" class=\"alignleft  wp-image-11560\" src=\"https:\/\/miltonmarchioli.com.br\/blog\/wp-content\/uploads\/meritocracia-2-300x180.jpg\" alt=\"\" width=\"263\" height=\"158\" srcset=\"https:\/\/miltonmarchioli.com.br\/blog\/wp-content\/uploads\/meritocracia-2-300x180.jpg 300w, https:\/\/miltonmarchioli.com.br\/blog\/wp-content\/uploads\/meritocracia-2.jpg 632w\" sizes=\"auto, (max-width: 263px) 100vw, 263px\" \/>Divulgamos no blog esse bel\u00edssimo texto do atual Secret\u00e1rio Estadual de Sa\u00fade de S\u00e3o Paulo Jos\u00e9 Roberto Nalini.<\/p>\n<p>O Brasil ser\u00e1 e sempre ser\u00e1 grande sem os &#8220;comunistas-socialistas&#8221; que apregoam o Estado-Papai, ou o Estado-Polvo [aquele apregoado pelo ex-presidente e ex-pobre Lula, e da atual presidente Dilma Rousseff] que odeia a classe m\u00e9dia e a meritocracia.<\/p>\n<p>Uma leitura imperd\u00edvel que reflete o Brasil falido economicamente e moralmente no ano de 2016:<\/p>\n<div><\/div>\n<p><strong><em>Uma das explica\u00e7\u00f5es para a situa\u00e7\u00e3o de anomia que a sociedade humana enfrenta em nossos dias \u00e9 o de que ela se tornou \u00f3rf\u00e3. Com efeito. A fragmenta\u00e7\u00e3o da fam\u00edlia, a perda de import\u00e2ncia da figura paterna \u2013 e tamb\u00e9m a materna \u2013 a irrelev\u00e2ncia da Igreja e da Escola em m\u00faltiplos ambientes, gera um conv\u00edvio amorfo. Predomina o ego\u00edsmo, o consumismo, o \u00eaxtase moment\u00e2neo por sensa\u00e7\u00f5es baratas, a ilus\u00e3o do sexo, a vol\u00fapia da velocidade, o desencanto e o niilismo.<\/em><\/strong><\/p>\n<div><\/div>\n<p><strong><em>Uma sociedade \u00f3rf\u00e3 vai se socorrer de inst\u00e2ncias que substituam a t\u00edbia<\/em><\/strong><br \/>\n<strong><em>parentalidade. O Estado assume esse papel de provedor e se assenhoreia de <\/em><em>incumb\u00eancias que n\u00e3o seriam dele. Afinal, Estado \u00e9 instrumento de <\/em><\/strong><strong><em>coordena\u00e7\u00e3o do conv\u00edvio, assegurador das condi\u00e7\u00f5es essenciais a que <\/em><\/strong><strong><em>indiv\u00edduos e grupos intermedi\u00e1rios possam atender \u00e0 sua voca\u00e7\u00e3o. Muito <\/em><\/strong><strong><em>ajuda o Estado que n\u00e3o atrapalha. Que permite o desenvolvimento pleno da <\/em><em>iniciativa privada. Apenas controlando excessos, garantindo igualdade de <\/em><em>oportunidades e s\u00f3 respondendo por miss\u00f5es elementares e b\u00e1sicas. <\/em><\/strong><strong><em>Seguran\u00e7a e Justi\u00e7a, como emblem\u00e1ticas. Tudo o mais, deveria ser <\/em><\/strong><strong><em>providenciado pelos particulares.<\/em><\/strong><\/p>\n<div><\/div>\n<p><strong><em>Lamentavelmente, n\u00e3o \u00e9 isso o que ocorre. Da fei\u00e7\u00e3o \u201cgendarme\u201d, na<\/em><\/strong><br \/>\n<strong><em>concep\u00e7\u00e3o do \u201claissez faire, laissez passer\u201d, de mero observador, o Estado <\/em><\/strong><strong><em>moderno assumiu a fisionomia do \u201cwelfare state\u201d. Ou seja: considerou-se <\/em><\/strong><strong><em>respons\u00e1vel por in\u00fameras outras tarefas, formatando exterioriza\u00e7\u00f5es <\/em><\/strong><strong><em>m\u00faltiplas para venc\u00ea-las, autoatribuindo-se de tamanhos encargos, que <\/em><\/strong><strong><em>deles n\u00e3o deu mais conta.<\/em><\/strong><\/p>\n<div><\/div>\n<p><strong><em>A popula\u00e7\u00e3o se acostumou a reivindicar. Tudo aquilo que antigamente era <\/em><\/strong><strong><em>fruto do trabalho, do esfor\u00e7o, do sacrif\u00edcio e do empenho, passou \u00e0<\/em><\/strong><br \/>\n<strong><em>categoria de \u201cdireito\u201d. E de \u201cdireito fundamental\u201d, ou seja, aquele que<\/em><\/strong><br \/>\n<strong><em>n\u00e3o pode ser negado e que deve ser usufru\u00eddo por todas as pessoas.<\/em><\/strong><\/p>\n<div><\/div>\n<p><strong><em>A prolifera\u00e7\u00e3o de direitos fundamentais causou a trivializa\u00e7\u00e3o do conceito <\/em><em>de direito e, com esse nome, come\u00e7aram a ser exig\u00edveis desejos,<\/em><\/strong><br \/>\n<strong><em>aspira\u00e7\u00f5es, anseios, vontades mimadas e at\u00e9 utopias. Tudo a ser propiciado <\/em><em>por um Estado que se tornou onipotente, onisciente, onipresente e perdeu a <\/em><em>caracter\u00edstica de instrumento, para se converter em finalidade.<\/em><\/strong><\/p>\n<div><\/div>\n<p><strong><em>Todas as reivindica\u00e7\u00f5es encontram eco no Estado-bab\u00e1, cuja outra face \u00e9 o <\/em><em>Estado-polvo, tentacular, interventor e intervencionista. Para seu<\/em><\/strong><br \/>\n<strong><em>sustento, agrava a arrecada\u00e7\u00e3o, penaliza o contribuinte, inventa tributos <\/em><\/strong><strong><em>e \u00e9 inflex\u00edvel ao cobr\u00e1-los.<\/em><\/strong><\/p>\n<div><\/div>\n<p><strong><em>Vive-se a paranoia de um Estado a cada dia maior. Inflado, inchado,<\/em><\/strong><br \/>\n<strong><em>inflamado e ineficiente. Sob suas formas tradicionais \u2013 Executivo,<\/em><\/strong><br \/>\n<strong><em>Legislativo e Judici\u00e1rio. Todas elas alvo f\u00e1cil das exig\u00eancias, cabidas e<\/em><\/strong><br \/>\n<strong><em>descabidas, de uma legi\u00e3o \u00e1vida por assist\u00eancia integral. Desde o<\/em><\/strong><br \/>\n<strong><em>pr\u00e9-natal \u00e0 sepultura, tudo tem de ser oferecido pelo Estado. E assim se<\/em><\/strong><br \/>\n<strong><em>acumulam demandas junto ao Governo, junto ao Parlamento, junto ao sistema <\/em><em>Justi\u00e7a.<\/em><\/strong><\/p>\n<div><\/div>\n<p><strong><em>O Brasil \u00e9 um caso emblem\u00e1tico. Passa ao restante do globo a sensa\u00e7\u00e3o de <\/em><em>que todos litigam contra todos. S\u00e3o mais de 106 milh\u00f5es de processos em <\/em><em>curso. Mais da metade deles n\u00e3o precisaria estar na Justi\u00e7a. Mas \u00e9 preciso <\/em><em>atender tamb\u00e9m ao mercado jur\u00eddico, ainda promissor e ainda aliciante de <\/em><em>milh\u00f5es de jovens que se iludem, mas que poder\u00e3o enfrentar dificuldades <\/em><em>irremov\u00edveis num futuro pr\u00f3ximo.<\/em><\/strong><\/p>\n<div><\/div>\n<p><strong><em>No dia em que a popula\u00e7\u00e3o perceber que ela n\u00e3o precisa ser \u00f3rf\u00e3 e que a<\/em><\/strong><br \/>\n<strong><em>receita para um Brasil melhor est\u00e1 no resgate dos valores esgar\u00e7ados: no<\/em><\/strong><br \/>\n<strong><em>refor\u00e7o da fam\u00edlia, da escola, da Igreja e do conv\u00edvio fraterno. N\u00e3o no<\/em><\/strong><br \/>\n<strong><em>vi\u00e9s facilitado de acreditar que a orfandade ser\u00e1 corrigida por um Estado <\/em><\/strong><strong><em>que est\u00e1 capenga e perplexo, pois j\u00e1 n\u00e3o sabe como honrar suas ambiciosas <\/em><em>promessas de tornar todos ricos e felizes.&#8221;<\/em><\/strong><\/p>\n<p><img loading=\"lazy\" decoding=\"async\" class=\"aligncenter size-large wp-image-11558\" src=\"https:\/\/miltonmarchioli.com.br\/blog\/wp-content\/uploads\/meritocracia-1024x512.jpg\" alt=\"meritocracia\" width=\"474\" height=\"237\" srcset=\"https:\/\/miltonmarchioli.com.br\/blog\/wp-content\/uploads\/meritocracia-1024x512.jpg 1024w, https:\/\/miltonmarchioli.com.br\/blog\/wp-content\/uploads\/meritocracia-300x150.jpg 300w, https:\/\/miltonmarchioli.com.br\/blog\/wp-content\/uploads\/meritocracia-768x384.jpg 768w, https:\/\/miltonmarchioli.com.br\/blog\/wp-content\/uploads\/meritocracia.jpg 1891w\" sizes=\"auto, (max-width: 474px) 100vw, 474px\" \/><\/p>\n","protected":false},"excerpt":{"rendered":"<p>Divulgamos no blog esse bel\u00edssimo texto do atual Secret\u00e1rio Estadual de Sa\u00fade de S\u00e3o Paulo Jos\u00e9 Roberto Nalini. O Brasil ser\u00e1 e sempre ser\u00e1 grande sem os &#8220;comunistas-socialistas&#8221; que apregoam o Estado-Papai, ou o Estado-Polvo [aquele apregoado pelo ex-presidente e ex-pobre Lula, e da atual presidente Dilma Rousseff] que odeia a classe m\u00e9dia e a &hellip; <a href=\"https:\/\/miltonmarchioli.com.br\/blog\/a-sociedade-orfa\/\" class=\"more-link\">Continue lendo <span class=\"screen-reader-text\">A Sociedade Orf\u00e3<\/span> <span class=\"meta-nav\">&rarr;<\/span><\/a><\/p>\n","protected":false},"author":2,"featured_media":0,"comment_status":"open","ping_status":"closed","sticky":false,"template":"","format":"standard","meta":{"rop_custom_images_group":[],"rop_custom_messages_group":[],"rop_publish_now":"initial","rop_publish_now_accounts":[],"rop_publish_now_history":[],"rop_publish_now_status":"pending","footnotes":""},"categories":[18,332,366],"tags":[945,946],"class_list":["post-11557","post","type-post","status-publish","format-standard","hentry","category-direito","category-educacao","category-politica","tag-jose-roberto-nalini","tag-meritocracia"],"_links":{"self":[{"href":"https:\/\/miltonmarchioli.com.br\/blog\/wp-json\/wp\/v2\/posts\/11557","targetHints":{"allow":["GET"]}}],"collection":[{"href":"https:\/\/miltonmarchioli.com.br\/blog\/wp-json\/wp\/v2\/posts"}],"about":[{"href":"https:\/\/miltonmarchioli.com.br\/blog\/wp-json\/wp\/v2\/types\/post"}],"author":[{"embeddable":true,"href":"https:\/\/miltonmarchioli.com.br\/blog\/wp-json\/wp\/v2\/users\/2"}],"replies":[{"embeddable":true,"href":"https:\/\/miltonmarchioli.com.br\/blog\/wp-json\/wp\/v2\/comments?post=11557"}],"version-history":[{"count":3,"href":"https:\/\/miltonmarchioli.com.br\/blog\/wp-json\/wp\/v2\/posts\/11557\/revisions"}],"predecessor-version":[{"id":11562,"href":"https:\/\/miltonmarchioli.com.br\/blog\/wp-json\/wp\/v2\/posts\/11557\/revisions\/11562"}],"wp:attachment":[{"href":"https:\/\/miltonmarchioli.com.br\/blog\/wp-json\/wp\/v2\/media?parent=11557"}],"wp:term":[{"taxonomy":"category","embeddable":true,"href":"https:\/\/miltonmarchioli.com.br\/blog\/wp-json\/wp\/v2\/categories?post=11557"},{"taxonomy":"post_tag","embeddable":true,"href":"https:\/\/miltonmarchioli.com.br\/blog\/wp-json\/wp\/v2\/tags?post=11557"}],"curies":[{"name":"wp","href":"https:\/\/api.w.org\/{rel}","templated":true}]}}