{"id":11564,"date":"2016-04-08T19:08:09","date_gmt":"2016-04-08T22:08:09","guid":{"rendered":"http:\/\/miltonmarchioli.com.br\/blog\/?p=11564"},"modified":"2016-06-16T13:57:37","modified_gmt":"2016-06-16T16:57:37","slug":"cerca-de-20-mil-estudantes-que-ingressaram-nos-cursos-de-medicina-em-2015-ja-devem-ser-submetidos-a-prova-em-2016","status":"publish","type":"post","link":"https:\/\/miltonmarchioli.com.br\/blog\/cerca-de-20-mil-estudantes-que-ingressaram-nos-cursos-de-medicina-em-2015-ja-devem-ser-submetidos-a-prova-em-2016\/","title":{"rendered":"Cerca de 20 mil estudantes que ingressaram nos cursos de Medicina em 2015 j\u00e1 devem ser submetidos \u00e0 prova em 2016"},"content":{"rendered":"<p><a href=\"https:\/\/miltonmarchioli.com.br\/blog\/wp-content\/uploads\/MEC-AVALIA\u00c7\u00c3O.jpg\"><img loading=\"lazy\" decoding=\"async\" class=\"alignleft  wp-image-12349\" src=\"https:\/\/miltonmarchioli.com.br\/blog\/wp-content\/uploads\/MEC-AVALIA\u00c7\u00c3O-300x226.jpg\" alt=\"MEC- AVALIA\u00c7\u00c3O\" width=\"267\" height=\"201\" srcset=\"https:\/\/miltonmarchioli.com.br\/blog\/wp-content\/uploads\/MEC-AVALIA\u00c7\u00c3O-300x226.jpg 300w, https:\/\/miltonmarchioli.com.br\/blog\/wp-content\/uploads\/MEC-AVALIA\u00c7\u00c3O.jpg 397w\" sizes=\"auto, (max-width: 267px) 100vw, 267px\" \/><\/a>A partir de 2020, a obten\u00e7\u00e3o do diploma de Medicina estar\u00e1 condicionada \u00e0 aprova\u00e7\u00e3o em uma avalia\u00e7\u00e3o acad\u00eamica.<\/p>\n<p>A determina\u00e7\u00e3o \u00e9 do Minist\u00e9rio da Educa\u00e7\u00e3o (MEC), por meio da <strong>Portaria n\u00ba 168<\/strong>, publicada no Di\u00e1rio Oficial deste 4 de abril de 2016.<\/p>\n<p>Os testes dever\u00e3o ter car\u00e1ter pedag\u00f3gico e ser\u00e3o aplicados a alunos do 2\u00ba e 4\u00ba anos da faculdade.<\/p>\n<p>Entretanto, na avalia\u00e7\u00e3o dos acad\u00eamicos do 6\u00ba ano dos cursos de Medicina, a prova ganha car\u00e1ter de reprova\u00e7\u00e3o, ou seja, aqueles que n\u00e3o atingirem a nota de corte n\u00e3o poder\u00e3o se graduar em medicina<\/p>\n<p>Cerca de 20 mil estudantes, que ingressaram nos cursos de Medicina em 2015, devem ser submetidos, em agosto deste ano, ao exame do 2\u00ba ano.<\/p>\n<p>A prova ser\u00e1 aplicada pelo Instituto Nacional de Estudos e Pesquisas Educacionais An\u00edsio Teixeira (Inep), e a medida corresponde a uma resolu\u00e7\u00e3o do Conselho Nacional de Educa\u00e7\u00e3o (CNE), publicada em 2014, que estimava um prazo de dois anos para sua implementa\u00e7\u00e3o.<\/p>\n<p>A <strong>Avalia\u00e7\u00e3o Nacional Seriada dos Estudantes de Medicina\u00a0<\/strong> <strong>(Anasem) <\/strong>ser\u00e1 um componente curricular obrigat\u00f3rio e os alunos e as institui\u00e7\u00f5es que n\u00e3o se inscreverem ou n\u00e3o participarem estar\u00e3o sujeitos a \u201cpenalidades\u201d ainda n\u00e3o definidas. O conte\u00fado da prova ser\u00e1 nos moldes do Revalida \u2013 exame que certifica diplomas m\u00e9dicos expedidos por institui\u00e7\u00f5es estrangeiras para que passem a valer tamb\u00e9m no Brasil.<\/p>\n<p>No \u00faltimo ano do curso, al\u00e9m de uma prova de conhecimentos m\u00e9dicos, haver\u00e1 tamb\u00e9m uma segunda etapa que avaliar\u00e1 as habilidades cl\u00ednicas do formando.<\/p>\n<p>O governo criou ainda uma Comiss\u00e3o Assessora da Avalia\u00e7\u00e3o, com participa\u00e7\u00e3o do Minist\u00e9rio da Sa\u00fade e do Conselho Federal de Medicina (CFM).<\/p>\n<p>A comiss\u00e3o poder\u00e1 definir tamb\u00e9m se a avalia\u00e7\u00e3o aplicada aos estudantes contar\u00e1 para avaliar cursos de Medicina.<\/p>\n<h4><span style=\"color: #339966;\"><strong>Avalia\u00e7\u00e3o<\/strong><\/span><\/h4>\n<p>A nota de corte final vai variar de acordo com a prova. O escore \u00e9 definido da seguinte maneira: um painel de educadores m\u00e9dicos, que n\u00e3o participaram da elabora\u00e7\u00e3o do exame, se debru\u00e7a sobre as duas etapas do exame e, com base em seu conte\u00fado, estabelecem o porcentual de acertos esperados para um aluno considerado \u201cm\u00e9dio\u201d.<\/p>\n<p>Al\u00e9m da Resid\u00eancia M\u00e9dica, outros programas de p\u00f3s-gradua\u00e7\u00e3o podem optar por considerar a nota.<\/p>\n<p>A reprova\u00e7\u00e3o impossibilitar\u00e1 a solicita\u00e7\u00e3o de registro profissional.<\/p>\n<h4><span style=\"color: #339966;\">Portaria MEC\/GM n\u00ba 168<\/span><\/h4>\n<h5><b>Institui a Avalia\u00e7\u00e3o Nacional Seriada dos Estudantes de Medicina &#8211; ANASEM<\/b><\/h5>\n<p><strong>MINIST\u00c9RIO DA EDUCA\u00c7\u00c3O<\/strong><br \/>\n<strong>GABINETE DO MINISTRO<br \/>\nPORTARIA MEC\/GM N\u00ba 168, DE 1 DE ABRIL DE 2016<\/strong><\/p>\n<p><strong><em>Institui a Avalia\u00e7\u00e3o Nacional Seriada dos Estudantes de Medicina &#8211; ANASEM.<\/em><\/strong><\/p>\n<p>O MINISTRO DE ESTADO DA EDUCA\u00c7\u00c3O, no uso da atribui\u00e7\u00e3o que lhe confere o art. 87, par\u00e1grafo \u00fanico, inciso II, da Constitui\u00e7\u00e3o, tendo em vista o disposto no art. 9\u00ba da <a href=\"http:\/\/www.cremesp.org.br\/library\/modulos\/legislacao\/versao_impressao.php?id=11409\" target=\"_blank\">Lei n\u00ba 12.871, de 22 de outubro de 2013<\/a>, e<\/p>\n<p>CONSIDERANDO:<\/p>\n<p>O objetivo do Minist\u00e9rio da Educa\u00e7\u00e3o &#8211; MEC de estabelecer um processo de avalia\u00e7\u00e3o para aferir qualidade dos cursos de Medicina com apoio em um instrumento \u00fanico; e<\/p>\n<p>A necessidade de aferir as habilidades e compet\u00eancias dos estudantes em rela\u00e7\u00e3o aos conte\u00fados program\u00e1ticos previstos nas novas Diretrizes Curriculares Nacionais do Curso de Gradua\u00e7\u00e3o em Medicina ao longo de sua forma\u00e7\u00e3o m\u00e9dica, resolve:<\/p>\n<p>Art. 1\u00ba Fica institu\u00edda a Avalia\u00e7\u00e3o Nacional Seriada dos Estudantes de Medicina &#8211; ANASEM, com o objetivo de avaliar os cursos de gradua\u00e7\u00e3o em Medicina por meio de instrumentos e m\u00e9todos que considerem os conhecimentos, as habilidades e as atitudes previstos nas Diretrizes Curriculares Nacionais do Curso de Gradua\u00e7\u00e3o em Medicina.<\/p>\n<p>Art. 2\u00ba A ANASEM ser\u00e1 implementada pelo Instituto Nacional de Estudos e Pesquisas Educacionais An\u00edsio Teixeira &#8211; Inep.<\/p>\n<p>\u00a7 1\u00ba A avalia\u00e7\u00e3o ser\u00e1 elaborada em duas etapas e em conformidade com a Matriz de Prova referenciada nas Diretrizes de que trata o caput.<br \/>\n\u00a7 2\u00ba O Inep constituir\u00e1 uma Comiss\u00e3o Assessora da Avalia\u00e7\u00e3o &#8211; CAA, para fins do estabelecimento das diretrizes da prova, da constru\u00e7\u00e3o de matriz e do instrumento de avalia\u00e7\u00e3o, da an\u00e1lise e do deferimento de recursos de prova, al\u00e9m da verifica\u00e7\u00e3o dos resultados do processo avaliativo.<\/p>\n<p>Art. 3\u00ba Os processos relacionados \u00e0 ANASEM ser\u00e3o realizados de forma integrada aos do Exame Nacional de Revalida\u00e7\u00e3o de Diplomas M\u00e9dicos Expedidos no Exterior &#8211; REVALIDA.<\/p>\n<p>Art. 4\u00ba A ANASEM ser\u00e1 aplicada aos estudantes dos 2\u00ba, 4\u00ba e 6\u00ba anos dos cursos de Medicina devidamente autorizados pelo MEC ou pelos Conselhos Estaduais da Educa\u00e7\u00e3o.<\/p>\n<p>Par\u00e1grafo \u00fanico. A habilita\u00e7\u00e3o dos estudantes de 2\u00ba, 4\u00ba e 6\u00ba anos ser\u00e1 estabelecida por portaria espec\u00edfica que regulamentar\u00e1 as normas de aplica\u00e7\u00e3o da ANASEM.<\/p>\n<p>Art. 5\u00ba A ANASEM constitui componente curricular obrigat\u00f3rio e condi\u00e7\u00e3o para a diploma\u00e7\u00e3o, em conson\u00e2ncia ao disposto no art. 9\u00ba da <a href=\"http:\/\/www.cremesp.org.br\/library\/modulos\/legislacao\/versao_impressao.php?id=11409\" target=\"_blank\">Lei n\u00ba 12.871, de 2013<\/a>.<\/p>\n<p>Par\u00e1grafo \u00fanico. Os resultados da avalia\u00e7\u00e3o ser\u00e3o utilizados por cursos e Institui\u00e7\u00f5es de Educa\u00e7\u00e3o Superior &#8211; IES, para subsidiar processos de sele\u00e7\u00e3o em resid\u00eancia m\u00e9dica, e por organismos p\u00fablicos, para fins de avalia\u00e7\u00e3o, supervis\u00e3o e regula\u00e7\u00e3o da forma\u00e7\u00e3o m\u00e9dica.<\/p>\n<p>Art. 6\u00ba A responsabilidade pela inscri\u00e7\u00e3o na ANASEM compete aos estudantes habilitados e aos dirigentes de suas respectivas IES, conforme orienta\u00e7\u00f5es t\u00e9cnicas a serem disponibilizadas pelo Inep.<\/p>\n<p>\u00a7 1\u00ba \u00c9 responsabilidade da IES divulgar amplamente, junto ao seu corpo discente, a lista dos estudantes que dever\u00e3o fazer sua inscri\u00e7\u00e3o.<br \/>\n\u00a7 2\u00ba A aus\u00eancia de inscri\u00e7\u00e3o e\/ou participa\u00e7\u00e3o dos estudantes e\/ou cursos na avalia\u00e7\u00e3o ensejar\u00e1 na aplica\u00e7\u00e3o de penalidades cab\u00edveis, nos termos da legisla\u00e7\u00e3o vigente.<\/p>\n<p>Art. 7\u00ba Fica institu\u00edda Comiss\u00e3o Gestora de Avalia\u00e7\u00e3o em Educa\u00e7\u00e3o M\u00e9dica, com o objetivo de apoiar o Inep em a\u00e7\u00f5es de planejamento, execu\u00e7\u00e3o e elabora\u00e7\u00e3o da metodologia de avalia\u00e7\u00e3o, acompanhamento de sua aplica\u00e7\u00e3o e an\u00e1lise de resultados.<\/p>\n<p>Art. 8\u00ba A Comiss\u00e3o Gestora de Avalia\u00e7\u00e3o em Educa\u00e7\u00e3o M\u00e9dica ser\u00e1 composta por integrantes dos seguintes \u00f3rg\u00e3os:<\/p>\n<p>I &#8211; Secretaria de Educa\u00e7\u00e3o Superior- SESu-MEC;<br \/>\nII &#8211; Secretaria de Regula\u00e7\u00e3o e Supervis\u00e3o da Educa\u00e7\u00e3o Superior &#8211; Seres-MEC;<br \/>\nIII &#8211; Inep;<br \/>\nIV &#8211; Secretaria de Gest\u00e3o do Trabalho e Educa\u00e7\u00e3o em Sa\u00fade do Minist\u00e9rio da Sa\u00fade &#8211; SGTES-MS;<br \/>\nV &#8211; Associa\u00e7\u00e3o Brasileira de Educa\u00e7\u00e3o M\u00e9dica &#8211; ABEM;<br \/>\nVI &#8211; Conselho Federal de Medicina &#8211; CFM;<br \/>\nVII &#8211; Dire\u00e7\u00e3o Executiva Nacional dos Estudantes de Medicina &#8211; DENEM; e<br \/>\nVIII &#8211; Comiss\u00e3o Nacional de Resid\u00eancia M\u00e9dica &#8211; CNRM.<\/p>\n<p>\u00a7 1\u00ba A nomea\u00e7\u00e3o dos representantes da Comiss\u00e3o Gestora de Avalia\u00e7\u00e3o em Educa\u00e7\u00e3o M\u00e9dica ser\u00e1 institu\u00edda por portaria espec\u00edfica do Ministro da Educa\u00e7\u00e3o.<br \/>\n\u00a7 2\u00ba A Comiss\u00e3o Gestora de Avalia\u00e7\u00e3o ser\u00e1 presidida pelo Inep.<\/p>\n<p>Art. 9\u00ba Esta Portaria entra em vigor na data de sua publica\u00e7\u00e3o.<\/p>\n<p>ALOIZIO MERCADANTE OLIVA<\/p>\n<p><a href=\"https:\/\/miltonmarchioli.com.br\/blog\/wp-content\/uploads\/AVALIA\u00c7\u00c3O-DE-CURSO-DE-MEDICINA.jpg\"><img loading=\"lazy\" decoding=\"async\" class=\"alignleft size-full wp-image-12351\" src=\"https:\/\/miltonmarchioli.com.br\/blog\/wp-content\/uploads\/AVALIA\u00c7\u00c3O-DE-CURSO-DE-MEDICINA.jpg\" alt=\"AVALIA\u00c7\u00c3O DE CURSO DE MEDICINA\" width=\"940\" height=\"500\" srcset=\"https:\/\/miltonmarchioli.com.br\/blog\/wp-content\/uploads\/AVALIA\u00c7\u00c3O-DE-CURSO-DE-MEDICINA.jpg 940w, https:\/\/miltonmarchioli.com.br\/blog\/wp-content\/uploads\/AVALIA\u00c7\u00c3O-DE-CURSO-DE-MEDICINA-300x160.jpg 300w, https:\/\/miltonmarchioli.com.br\/blog\/wp-content\/uploads\/AVALIA\u00c7\u00c3O-DE-CURSO-DE-MEDICINA-768x409.jpg 768w\" sizes=\"auto, (max-width: 940px) 100vw, 940px\" \/><\/a><\/p>\n","protected":false},"excerpt":{"rendered":"<p>A partir de 2020, a obten\u00e7\u00e3o do diploma de Medicina estar\u00e1 condicionada \u00e0 aprova\u00e7\u00e3o em uma avalia\u00e7\u00e3o acad\u00eamica. A determina\u00e7\u00e3o \u00e9 do Minist\u00e9rio da Educa\u00e7\u00e3o (MEC), por meio da Portaria n\u00ba 168, publicada no Di\u00e1rio Oficial deste 4 de abril de 2016. Os testes dever\u00e3o ter car\u00e1ter pedag\u00f3gico e ser\u00e3o aplicados a alunos do 2\u00ba &hellip; <a href=\"https:\/\/miltonmarchioli.com.br\/blog\/cerca-de-20-mil-estudantes-que-ingressaram-nos-cursos-de-medicina-em-2015-ja-devem-ser-submetidos-a-prova-em-2016\/\" class=\"more-link\">Continue lendo <span class=\"screen-reader-text\">Cerca de 20 mil estudantes que ingressaram nos cursos de Medicina em 2015 j\u00e1 devem ser submetidos \u00e0 prova em 2016<\/span> <span class=\"meta-nav\">&rarr;<\/span><\/a><\/p>\n","protected":false},"author":2,"featured_media":0,"comment_status":"open","ping_status":"closed","sticky":false,"template":"","format":"standard","meta":{"rop_custom_images_group":[],"rop_custom_messages_group":[],"rop_publish_now":"initial","rop_publish_now_accounts":[],"rop_publish_now_history":[],"rop_publish_now_status":"pending","footnotes":""},"categories":[13],"tags":[949,947,943],"class_list":["post-11564","post","type-post","status-publish","format-standard","hentry","category-opiniao","tag-avaliacao-nacional-seriada-dos-estudantes-de-medicina","tag-portaria-mec-168","tag-programa-mais-medicos-lei-12-8712013"],"_links":{"self":[{"href":"https:\/\/miltonmarchioli.com.br\/blog\/wp-json\/wp\/v2\/posts\/11564","targetHints":{"allow":["GET"]}}],"collection":[{"href":"https:\/\/miltonmarchioli.com.br\/blog\/wp-json\/wp\/v2\/posts"}],"about":[{"href":"https:\/\/miltonmarchioli.com.br\/blog\/wp-json\/wp\/v2\/types\/post"}],"author":[{"embeddable":true,"href":"https:\/\/miltonmarchioli.com.br\/blog\/wp-json\/wp\/v2\/users\/2"}],"replies":[{"embeddable":true,"href":"https:\/\/miltonmarchioli.com.br\/blog\/wp-json\/wp\/v2\/comments?post=11564"}],"version-history":[{"count":3,"href":"https:\/\/miltonmarchioli.com.br\/blog\/wp-json\/wp\/v2\/posts\/11564\/revisions"}],"predecessor-version":[{"id":12352,"href":"https:\/\/miltonmarchioli.com.br\/blog\/wp-json\/wp\/v2\/posts\/11564\/revisions\/12352"}],"wp:attachment":[{"href":"https:\/\/miltonmarchioli.com.br\/blog\/wp-json\/wp\/v2\/media?parent=11564"}],"wp:term":[{"taxonomy":"category","embeddable":true,"href":"https:\/\/miltonmarchioli.com.br\/blog\/wp-json\/wp\/v2\/categories?post=11564"},{"taxonomy":"post_tag","embeddable":true,"href":"https:\/\/miltonmarchioli.com.br\/blog\/wp-json\/wp\/v2\/tags?post=11564"}],"curies":[{"name":"wp","href":"https:\/\/api.w.org\/{rel}","templated":true}]}}