{"id":11640,"date":"2016-05-12T19:49:01","date_gmt":"2016-05-12T22:49:01","guid":{"rendered":"http:\/\/miltonmarchioli.com.br\/blog\/?p=11640"},"modified":"2016-05-16T20:03:51","modified_gmt":"2016-05-16T23:03:51","slug":"dilma-rousseff-bye-baye-so-long-farewell","status":"publish","type":"post","link":"https:\/\/miltonmarchioli.com.br\/blog\/dilma-rousseff-bye-baye-so-long-farewell\/","title":{"rendered":"Dilma Rousseff bye bye so long farewell !"},"content":{"rendered":"<p><img loading=\"lazy\" decoding=\"async\" class=\"alignleft size-medium wp-image-11642\" src=\"https:\/\/miltonmarchioli.com.br\/blog\/wp-content\/uploads\/fora-Dilma-300x200.jpg\" alt=\"fora Dilma\" width=\"300\" height=\"200\" srcset=\"https:\/\/miltonmarchioli.com.br\/blog\/wp-content\/uploads\/fora-Dilma-300x200.jpg 300w, https:\/\/miltonmarchioli.com.br\/blog\/wp-content\/uploads\/fora-Dilma-768x512.jpg 768w, https:\/\/miltonmarchioli.com.br\/blog\/wp-content\/uploads\/fora-Dilma-1024x683.jpg 1024w, https:\/\/miltonmarchioli.com.br\/blog\/wp-content\/uploads\/fora-Dilma.jpg 1200w\" sizes=\"auto, (max-width: 300px) 100vw, 300px\" \/>O pedido de Impeachment da presidente Dilma Rousseff foi feito no dia 21 de Outubro de 2015.<\/p>\n<p>A peti\u00e7\u00e3o foi elaborada pelos juristas H\u00e9lio Bicudo, Janaina Paschoal e Miguel Reale J\u00fanior.<\/p>\n<p>No documento, apresentado ao presidente da C\u00e2mara nesta data, os autores alegaram que a chefe do Executivo descumpriu a Lei de Responsabilidade Fiscal ao ter editado decretos liberando cr\u00e9dito extraordin\u00e1rio, em 2015, al\u00e9m de citar as chamadas \u201cpedaladas fiscais\u201d praticadas pelo governo em 2015.<\/p>\n<p>N\u00e3o se cogitou das pedalas em 2014, e da investiga\u00e7\u00e3o da Lava Jato.<\/p>\n<p>Esta &#8220;manobra fiscal&#8221; foi reprovada pelo Tribunal de Contas da Uni\u00e3o (TCU).<\/p>\n<p>No dia 2 de dezembro de 2015, o presidente da C\u00e2mara dos Deputados, Eduardo Cunha, autorizou a abertura do processo de impeachment da presidente Dilma Rousseff.<\/p>\n<p>No dia 17 de abril de 2016 houve a vota\u00e7\u00e3o da continua\u00e7\u00e3o do processo de impeachment pela C\u00e2mara dos Deputados, com o seguinte resultado: a favor: 367, contra: 137, absten\u00e7\u00f5es: 7 e ausentes: 2; em seguida o processo seguiu para o Senado Federal onde seria julgado a admissibilidade ou n\u00e3o do processo.<\/p>\n<p>No Senado o processo foi aberto no dia 12 de maio de 2016 pelo seguinte resultado de vota\u00e7\u00e3o em plen\u00e1rio: a favor: 55 (mais de 2\/3 dos votos), contra: 22.<\/p>\n<p>No mesmo dia em que foi anunciado o resultado da vota\u00e7\u00e3o, pela admissibilidade e abertura do processo, a presidente Dilma Rousseff foi notificada e afastada do seu cargo, onde aguarda atualmente pelo julgamento da a\u00e7\u00e3o que poder\u00e1 ser realizado em at\u00e9 180 dias a contar da data de afastamento.<\/p>\n<p>Em seu lugar assumiu o Vice-Presidente da Rep\u00fablica Michel Temer, que segue atualmente como presidente interino do pa\u00eds at\u00e9 que o processo seja finalizado no senado.<\/p>\n<p>Se condenada, Dilma Rousseff perder\u00e1 o mandato e ficar\u00e1 ineleg\u00edvel por 8 anos e o Vice-presidente assume definitivamente.<\/p>\n<p>Se inocentada, Dilma Rousseff reassumir\u00e1 o mandato e permanecer\u00e1 exercendo o cargo da presid\u00eancia da rep\u00fablica at\u00e9 o fim de seu mandato.<\/p>\n<p>Enfim, a Esquerda saiu do poder, e n\u00e3o deve voltar t\u00e3o cedo.<\/p>\n<p>Motivo: infla\u00e7\u00e3o, desemprego, rombo nas contas p\u00fablicas,empobrecimento da popula\u00e7\u00e3o e fal\u00eancia das empresas.<\/p>\n<p>Os Petralhas sairam de Bras\u00edlia para o bem do Brasil !<\/p>\n<p><img loading=\"lazy\" decoding=\"async\" class=\"aligncenter size-full wp-image-11641\" src=\"https:\/\/miltonmarchioli.com.br\/blog\/wp-content\/uploads\/bye-bye.jpg\" alt=\"bye bye\" width=\"400\" height=\"309\" srcset=\"https:\/\/miltonmarchioli.com.br\/blog\/wp-content\/uploads\/bye-bye.jpg 400w, https:\/\/miltonmarchioli.com.br\/blog\/wp-content\/uploads\/bye-bye-300x232.jpg 300w\" sizes=\"auto, (max-width: 400px) 100vw, 400px\" \/><\/p>\n","protected":false},"excerpt":{"rendered":"<p>O pedido de Impeachment da presidente Dilma Rousseff foi feito no dia 21 de Outubro de 2015. A peti\u00e7\u00e3o foi elaborada pelos juristas H\u00e9lio Bicudo, Janaina Paschoal e Miguel Reale J\u00fanior. No documento, apresentado ao presidente da C\u00e2mara nesta data, os autores alegaram que a chefe do Executivo descumpriu a Lei de Responsabilidade Fiscal ao &hellip; <a href=\"https:\/\/miltonmarchioli.com.br\/blog\/dilma-rousseff-bye-baye-so-long-farewell\/\" class=\"more-link\">Continue lendo <span class=\"screen-reader-text\">Dilma Rousseff bye bye so long farewell !<\/span> <span class=\"meta-nav\">&rarr;<\/span><\/a><\/p>\n","protected":false},"author":2,"featured_media":0,"comment_status":"open","ping_status":"closed","sticky":false,"template":"","format":"standard","meta":{"rop_custom_images_group":[],"rop_custom_messages_group":[],"rop_publish_now":"initial","rop_publish_now_accounts":[],"rop_publish_now_history":[],"rop_publish_now_status":"pending","footnotes":""},"categories":[13],"tags":[964,826],"class_list":["post-11640","post","type-post","status-publish","format-standard","hentry","category-opiniao","tag-dilma-rousseff","tag-impeachment"],"_links":{"self":[{"href":"https:\/\/miltonmarchioli.com.br\/blog\/wp-json\/wp\/v2\/posts\/11640","targetHints":{"allow":["GET"]}}],"collection":[{"href":"https:\/\/miltonmarchioli.com.br\/blog\/wp-json\/wp\/v2\/posts"}],"about":[{"href":"https:\/\/miltonmarchioli.com.br\/blog\/wp-json\/wp\/v2\/types\/post"}],"author":[{"embeddable":true,"href":"https:\/\/miltonmarchioli.com.br\/blog\/wp-json\/wp\/v2\/users\/2"}],"replies":[{"embeddable":true,"href":"https:\/\/miltonmarchioli.com.br\/blog\/wp-json\/wp\/v2\/comments?post=11640"}],"version-history":[{"count":2,"href":"https:\/\/miltonmarchioli.com.br\/blog\/wp-json\/wp\/v2\/posts\/11640\/revisions"}],"predecessor-version":[{"id":11644,"href":"https:\/\/miltonmarchioli.com.br\/blog\/wp-json\/wp\/v2\/posts\/11640\/revisions\/11644"}],"wp:attachment":[{"href":"https:\/\/miltonmarchioli.com.br\/blog\/wp-json\/wp\/v2\/media?parent=11640"}],"wp:term":[{"taxonomy":"category","embeddable":true,"href":"https:\/\/miltonmarchioli.com.br\/blog\/wp-json\/wp\/v2\/categories?post=11640"},{"taxonomy":"post_tag","embeddable":true,"href":"https:\/\/miltonmarchioli.com.br\/blog\/wp-json\/wp\/v2\/tags?post=11640"}],"curies":[{"name":"wp","href":"https:\/\/api.w.org\/{rel}","templated":true}]}}