{"id":11678,"date":"2016-05-24T23:04:38","date_gmt":"2016-05-25T02:04:38","guid":{"rendered":"http:\/\/miltonmarchioli.com.br\/blog\/?p=11678"},"modified":"2016-05-24T23:14:53","modified_gmt":"2016-05-25T02:14:53","slug":"epilepsia-na-idade-infancia","status":"publish","type":"post","link":"https:\/\/miltonmarchioli.com.br\/blog\/epilepsia-na-idade-infancia\/","title":{"rendered":"Epilepsia na inf\u00e2ncia"},"content":{"rendered":"<p><span style=\"color: #000000;\"><b><img loading=\"lazy\" decoding=\"async\" class=\"alignleft size-medium wp-image-11680\" src=\"https:\/\/miltonmarchioli.com.br\/blog\/wp-content\/uploads\/epilepsy-300x145.jpg\" alt=\"epilepsy\" width=\"300\" height=\"145\" srcset=\"https:\/\/miltonmarchioli.com.br\/blog\/wp-content\/uploads\/epilepsy-300x145.jpg 300w, https:\/\/miltonmarchioli.com.br\/blog\/wp-content\/uploads\/epilepsy.jpg 700w\" sizes=\"auto, (max-width: 300px) 100vw, 300px\" \/><\/b>A epilepsia \u00e9 definida pela Organiza\u00e7\u00e3o Mundial de Sa\u00fade como uma &#8220;afec\u00e7\u00e3o cr\u00f4nica de etiologia diversa, caracterizada por crises repetidas, devidas a uma carga excessiva dos neur\u00f4nios cerebrais, associada eventualmente com diversas manifesta\u00e7\u00f5es cl\u00ednicas e paracl\u00ednicas&#8221; . <\/span><\/p>\n<p><span style=\"color: #000000;\">As c\u00e9lulas cerebrais apresentam-se com uma atividade anormal, que se manifesta de outras maneiras, como contra\u00e7\u00f5es repetidas e espasm\u00f3dicas dos m\u00fasculos (as convuls\u00f5es), altera\u00e7\u00f5es sensoriais, auton\u00f4micas, e psicol\u00f3gicas.<br \/>\n<\/span><\/p>\n<p><span style=\"color: #000000;\">Em todos os pa\u00edses, a epilepsia representa um problema importante de sa\u00fade p\u00fablica, n\u00e3o somente por sua elevada incid\u00eancia, calculada em 18 de cada 1000 habitantes, variando de pais para outro, mas tamb\u00e9m pela repercuss\u00e3o da enfermidade, a recorr\u00eancia de suas crises, as repetidas incapacidades desta mesma causa, al\u00e9m do sofrimento dos pr\u00f3prios pacientes devido \u00e0s restri\u00e7\u00f5es sociais imposta aos mesmos.<br \/>\n<\/span><\/p>\n<p><span style=\"color: #000000;\">A incid\u00eancia na popula\u00e7\u00e3o pedi\u00e1trica \u00e9 grande, uma vez que deve se recordar que 75% dos pacientes epil\u00e9pticos iniciam seu padecimento antes dos 18 anos. <\/span><\/p>\n<p><span style=\"color: #000000;\">Deve ser destacada a import\u00e2ncia de se efetuar um diagn\u00f3stico o mais cedo poss\u00edvel e estabelecer um tratamento preciso com a aplica\u00e7\u00e3o dos princ\u00edpios fundamentais da terapia antiepil\u00e9ptica na crian\u00e7a, al\u00e9m de manejar os aspectos psicossociais relevantes para oferecer uma completa reintegra\u00e7\u00e3o a seu n\u00facleo familiar, escolar e social.<\/span><\/p>\n<p><span style=\"color: #000000;\">O sistema nervoso central (SNC) da crian\u00e7a desde antes do nascimento se encontra em mudan\u00e7a din\u00e2mica constante. <\/span><\/p>\n<p><span style=\"color: #000000;\">Apesar de sua forma\u00e7\u00e3o come\u00e7ar nas primeiras semanas ap\u00f3s a concep\u00e7\u00e3o, sua matura\u00e7\u00e3o continua at\u00e9 a idade adulta. <\/span><\/p>\n<p><span style=\"color: #000000;\">A crian\u00e7a como consequ\u00eancia destas mudan\u00e7as no SNC, pode desenvolver crises epil\u00e9pticas que n\u00e3o se apresentam no adulto . <\/span><\/p>\n<p><span style=\"color: #000000;\">Se por um lado, certas s\u00edndromes epil\u00e9pticas aparecem somente em uma faixa espec\u00edfica de idades, por outro, as manifesta\u00e7\u00f5es cl\u00ednicas das crises se modificam com a idade. <\/span><\/p>\n<p><span style=\"color: #000000;\">Por exemplo, existe uma incapacidade do c\u00e9rebro do rec\u00e9m nascido para desenvolver crises severas, chamadas de t\u00f4nico-cl\u00f4nicas. <\/span><\/p>\n<p><span style=\"color: #000000;\">As crises febris (convuls\u00f5es que se apresentam depois de uma febre alta) se apresentam somente entre os seis meses e os cinco anos de idade, etc. <\/span><\/p>\n<p><span style=\"color: #000000;\">Desde cedo, a sensibilidade aos diferentes medicamentos tamb\u00e9m se modifica, n\u00e3o somente em fun\u00e7\u00e3o da mudan\u00e7a do tipo de crise, mas tamb\u00e9m pela mudan\u00e7a no metabolismo dos f\u00e1rmacos que s\u00e3o diretamente dependentes da idade .<b><br \/>\n<\/b><\/span><\/p>\n<p><a href=\"https:\/\/miltonmarchioli.com.br\/blog\/wp-content\/uploads\/Epilepsia-UNESP-2016.pptx\">Semin\u00e1rio apresentado pelas alunas Beatriz Zavanella, Cristiane Andressa dos Santos, Flora Taube Manicardi, Jhulya Guilherme, Leticia Alvieri Riato, Maria Cecilia Bayer Pereira, Monique de Melo, Nayra Neri da Silva, do 3\u00ba ano do curso de Fonoaudiologia &#8211; Unesp Mar\u00edlia- abordando o tema Epilepsia na Inf\u00e2ncia.<\/a><\/p>\n<p><img loading=\"lazy\" decoding=\"async\" class=\"aligncenter size-full wp-image-11679\" src=\"https:\/\/miltonmarchioli.com.br\/blog\/wp-content\/uploads\/epilepsia-verde.jpg\" alt=\"epilepsia - verde\" width=\"880\" height=\"340\" srcset=\"https:\/\/miltonmarchioli.com.br\/blog\/wp-content\/uploads\/epilepsia-verde.jpg 880w, https:\/\/miltonmarchioli.com.br\/blog\/wp-content\/uploads\/epilepsia-verde-300x116.jpg 300w, https:\/\/miltonmarchioli.com.br\/blog\/wp-content\/uploads\/epilepsia-verde-768x297.jpg 768w\" sizes=\"auto, (max-width: 880px) 100vw, 880px\" \/><\/p>\n","protected":false},"excerpt":{"rendered":"<p>A epilepsia \u00e9 definida pela Organiza\u00e7\u00e3o Mundial de Sa\u00fade como uma &#8220;afec\u00e7\u00e3o cr\u00f4nica de etiologia diversa, caracterizada por crises repetidas, devidas a uma carga excessiva dos neur\u00f4nios cerebrais, associada eventualmente com diversas manifesta\u00e7\u00f5es cl\u00ednicas e paracl\u00ednicas&#8221; . As c\u00e9lulas cerebrais apresentam-se com uma atividade anormal, que se manifesta de outras maneiras, como contra\u00e7\u00f5es repetidas e &hellip; <a href=\"https:\/\/miltonmarchioli.com.br\/blog\/epilepsia-na-idade-infancia\/\" class=\"more-link\">Continue lendo <span class=\"screen-reader-text\">Epilepsia na inf\u00e2ncia<\/span> <span class=\"meta-nav\">&rarr;<\/span><\/a><\/p>\n","protected":false},"author":2,"featured_media":0,"comment_status":"open","ping_status":"closed","sticky":false,"template":"","format":"standard","meta":{"rop_custom_images_group":[],"rop_custom_messages_group":[],"rop_publish_now":"initial","rop_publish_now_accounts":[],"rop_publish_now_history":[],"rop_publish_now_status":"pending","footnotes":""},"categories":[332,968,4,13,9],"tags":[971,972,973,974,975,976,970,977,978],"class_list":["post-11678","post","type-post","status-publish","format-standard","hentry","category-educacao","category-fonoaudiologia","category-neurologia","category-opiniao","category-saude-publica","tag-beatriz-zavanella","tag-cristiane-andressa-dos-santos","tag-flora-taube-manicardi","tag-jhulya-guilherme","tag-leticia-alvieri-riato","tag-maria-cecilia-bayer-pereira","tag-milton-marchioli-unesp-marilia","tag-monique-de-melo","tag-nayra-neri-da-silva"],"_links":{"self":[{"href":"https:\/\/miltonmarchioli.com.br\/blog\/wp-json\/wp\/v2\/posts\/11678","targetHints":{"allow":["GET"]}}],"collection":[{"href":"https:\/\/miltonmarchioli.com.br\/blog\/wp-json\/wp\/v2\/posts"}],"about":[{"href":"https:\/\/miltonmarchioli.com.br\/blog\/wp-json\/wp\/v2\/types\/post"}],"author":[{"embeddable":true,"href":"https:\/\/miltonmarchioli.com.br\/blog\/wp-json\/wp\/v2\/users\/2"}],"replies":[{"embeddable":true,"href":"https:\/\/miltonmarchioli.com.br\/blog\/wp-json\/wp\/v2\/comments?post=11678"}],"version-history":[{"count":8,"href":"https:\/\/miltonmarchioli.com.br\/blog\/wp-json\/wp\/v2\/posts\/11678\/revisions"}],"predecessor-version":[{"id":11689,"href":"https:\/\/miltonmarchioli.com.br\/blog\/wp-json\/wp\/v2\/posts\/11678\/revisions\/11689"}],"wp:attachment":[{"href":"https:\/\/miltonmarchioli.com.br\/blog\/wp-json\/wp\/v2\/media?parent=11678"}],"wp:term":[{"taxonomy":"category","embeddable":true,"href":"https:\/\/miltonmarchioli.com.br\/blog\/wp-json\/wp\/v2\/categories?post=11678"},{"taxonomy":"post_tag","embeddable":true,"href":"https:\/\/miltonmarchioli.com.br\/blog\/wp-json\/wp\/v2\/tags?post=11678"}],"curies":[{"name":"wp","href":"https:\/\/api.w.org\/{rel}","templated":true}]}}