{"id":1175,"date":"2011-11-06T08:04:05","date_gmt":"2011-11-06T08:04:05","guid":{"rendered":"http:\/\/miltonmarchioli.com.br\/blog\/?p=1175"},"modified":"2022-01-06T17:01:56","modified_gmt":"2022-01-06T20:01:56","slug":"cefaleias-primarias-seminario-curso-de-medicina-na-famema","status":"publish","type":"post","link":"https:\/\/miltonmarchioli.com.br\/blog\/cefaleias-primarias-seminario-curso-de-medicina-na-famema\/","title":{"rendered":"Cefaleias Prim\u00e1rias. Semin\u00e1rio. Curso de Medicina na Famema"},"content":{"rendered":"<p><a href=\"https:\/\/miltonmarchioli.com.br\/blog\/wp-content\/uploads\/CEFALEIA-BLASER.jpg\"><img loading=\"lazy\" decoding=\"async\" class=\"alignleft wp-image-10362\" src=\"https:\/\/miltonmarchioli.com.br\/blog\/wp-content\/uploads\/CEFALEIA-BLASER-297x300.jpg\" alt=\"CEFALEIA - BLASER\" width=\"228\" height=\"230\" srcset=\"https:\/\/miltonmarchioli.com.br\/blog\/wp-content\/uploads\/CEFALEIA-BLASER-297x300.jpg 297w, https:\/\/miltonmarchioli.com.br\/blog\/wp-content\/uploads\/CEFALEIA-BLASER-150x150.jpg 150w, https:\/\/miltonmarchioli.com.br\/blog\/wp-content\/uploads\/CEFALEIA-BLASER.jpg 300w\" sizes=\"auto, (max-width: 228px) 100vw, 228px\" \/><\/a><a href=\"https:\/\/miltonmarchioli.com.br\/blog\/wp-content\/uploads\/Cefal\u00e9ias-Prim\u00e1rias-Andre-Filipe-Arag\u00e3o.pdf\">Semin\u00e1rio apresentando pelo acad\u00eamico Andr\u00e9 Filipi Arag\u00e3o sobre Cefaleias Prim\u00e1rias no Ambulat\u00f3rio de Cefaleias- disciplinas de Neurologia e Educa\u00e7\u00e3o em Ci\u00eancias da Sa\u00fade &#8211; Famema.<\/a><\/p>\n<p>Discuss\u00e3o abordando alguns tipos de cefaleias, como\u00a0 cefaleia enxaqueca, cefaleia tensional e cefaleia em salvas, por serem as cefaleias prim\u00e1rias mais frequentes.<\/p>\n<p>Uma revis\u00e3o interessante\u00a0 nesta apresenta\u00e7\u00e3o\u00a0\u00e9 a\u00a0 fisiopatogenia da enxaqueca com explica\u00e7\u00f5es da teoria neuronal , bem como\u00a0aponta como a mesma como determinante principal\u00a0 da causa da dor nas crises migranosas.<\/p>\n<p>Sem o conhecimento da fisiopatogenia fica extremamente dif\u00edcil o tratamento adequado tanto na profilaxia como nas crises de migr\u00e2nea.<\/p>\n<p>Paciente com dor cr\u00f4nica procura o m\u00e9dico n\u00e3o s\u00f3 para al\u00edvio do sintoma, mas tamb\u00e9m porque a dor interfere nas suas atividades di\u00e1rias, gerando restri\u00e7\u00f5es funcionais, sociais, familiares e emocionais.<\/p>\n<p>Independentemente de seu s\u00edtio anat\u00f4mico, afeta a sa\u00fade psicol\u00f3gica, o desempenho de responsabilidades e, ainda, reduz a confian\u00e7a na pr\u00f3pria sa\u00fade f\u00edsica .<\/p>\n<p>A cefaleia \u00e9 um sintoma extremamente frequente na popula\u00e7\u00e3o geral, chegando a ser raro encontrar um indiv\u00edduo que nunca tenha experimentado uma crise sequer de cefaleia em toda sua vida.<\/p>\n<p>Estima-se que 5% a 10% da popula\u00e7\u00e3o procuram m\u00e9dicos intermitentemente devido \u00e0 cefaleia .<span style=\"font-size: small;\"><br \/>\n<\/span><\/p>\n<p>As cefaleias segundo sua etiologia podem ser classificadas em prim\u00e1rias e secund\u00e1rias.<\/p>\n<p>As cefaleias prim\u00e1rias s\u00e3o as que ocorrem sem etiologia demonstr\u00e1vel pelos exames cl\u00ednicos ou laboratoriais usuais.<\/p>\n<p>As principais s\u00e3o a enxaqueca, tamb\u00e9m conhecida como migr\u00e2nea, a cefaleia do tipo tensional e a cefaleia em salvas.<\/p>\n<p>As cefaleias secund\u00e1rias s\u00e3o as provocadas por doen\u00e7as.<\/p>\n<p>Nestes casos, a dor seria consequ\u00eancia de uma doen\u00e7a cl\u00ednica ou neurol\u00f3gica.<\/p>\n<p>Citam-se como exemplo, as cefaleias associadas \u00e0s infec\u00e7\u00f5es sist\u00eamicas, disfun\u00e7\u00f5es end\u00f3crinas, intoxica\u00e7\u00f5es, meningites, encefalites, hemorragia cerebral, les\u00f5es expansivas etc.<\/p>\n<p><span style=\"font-size: small;\">\u00c9<\/span> de extrema import\u00e2ncia a distin\u00e7\u00e3o entre esses dois tipos de cefaleia \u2014 prim\u00e1ria ou secund\u00e1ria \u2014, pois enquanto as primeiras interferem na qualidade de vida, por serem cr\u00f4nicas, as segundas podem ter complica\u00e7\u00f5es graves e mesmo fatais, na depend\u00eancia da etiologia da doen\u00e7a causadora da cefaleia.<\/p>\n<p>Lutemos por uma Sa\u00fade P\u00fablica com qualidade !<\/p>\n<p><a href=\"https:\/\/miltonmarchioli.com.br\/blog\/wp-content\/uploads\/medicamentos-15.jpg\"><img loading=\"lazy\" decoding=\"async\" class=\"aligncenter size-full wp-image-10363\" src=\"https:\/\/miltonmarchioli.com.br\/blog\/wp-content\/uploads\/medicamentos-15.jpg\" alt=\"medicamentos 15\" width=\"1167\" height=\"875\" srcset=\"https:\/\/miltonmarchioli.com.br\/blog\/wp-content\/uploads\/medicamentos-15.jpg 1167w, https:\/\/miltonmarchioli.com.br\/blog\/wp-content\/uploads\/medicamentos-15-300x225.jpg 300w, https:\/\/miltonmarchioli.com.br\/blog\/wp-content\/uploads\/medicamentos-15-1024x768.jpg 1024w\" sizes=\"auto, (max-width: 1167px) 100vw, 1167px\" \/><\/a><\/p>\n","protected":false},"excerpt":{"rendered":"<p>Semin\u00e1rio apresentando pelo acad\u00eamico Andr\u00e9 Filipi Arag\u00e3o sobre Cefaleias Prim\u00e1rias no Ambulat\u00f3rio de Cefaleias- disciplinas de Neurologia e Educa\u00e7\u00e3o em Ci\u00eancias da Sa\u00fade &#8211; Famema. Discuss\u00e3o abordando alguns tipos de cefaleias, como\u00a0 cefaleia enxaqueca, cefaleia tensional e cefaleia em salvas, por serem as cefaleias prim\u00e1rias mais frequentes. Uma revis\u00e3o interessante\u00a0 nesta apresenta\u00e7\u00e3o\u00a0\u00e9 a\u00a0 fisiopatogenia da &hellip; <a href=\"https:\/\/miltonmarchioli.com.br\/blog\/cefaleias-primarias-seminario-curso-de-medicina-na-famema\/\" class=\"more-link\">Continue lendo <span class=\"screen-reader-text\">Cefaleias Prim\u00e1rias. Semin\u00e1rio. Curso de Medicina na Famema<\/span> <span class=\"meta-nav\">&rarr;<\/span><\/a><\/p>\n","protected":false},"author":2,"featured_media":0,"comment_status":"open","ping_status":"open","sticky":false,"template":"","format":"standard","meta":{"rop_custom_images_group":[],"rop_custom_messages_group":[],"rop_publish_now":"initial","rop_publish_now_accounts":[],"rop_publish_now_history":[],"rop_publish_now_status":"pending","footnotes":""},"categories":[332,4,9],"tags":[699,202],"class_list":["post-1175","post","type-post","status-publish","format-standard","hentry","category-educacao","category-neurologia","category-saude-publica","tag-ambultorio-de-cefaleia-ambulatorio-mario-covas","tag-famema"],"_links":{"self":[{"href":"https:\/\/miltonmarchioli.com.br\/blog\/wp-json\/wp\/v2\/posts\/1175","targetHints":{"allow":["GET"]}}],"collection":[{"href":"https:\/\/miltonmarchioli.com.br\/blog\/wp-json\/wp\/v2\/posts"}],"about":[{"href":"https:\/\/miltonmarchioli.com.br\/blog\/wp-json\/wp\/v2\/types\/post"}],"author":[{"embeddable":true,"href":"https:\/\/miltonmarchioli.com.br\/blog\/wp-json\/wp\/v2\/users\/2"}],"replies":[{"embeddable":true,"href":"https:\/\/miltonmarchioli.com.br\/blog\/wp-json\/wp\/v2\/comments?post=1175"}],"version-history":[{"count":16,"href":"https:\/\/miltonmarchioli.com.br\/blog\/wp-json\/wp\/v2\/posts\/1175\/revisions"}],"predecessor-version":[{"id":13457,"href":"https:\/\/miltonmarchioli.com.br\/blog\/wp-json\/wp\/v2\/posts\/1175\/revisions\/13457"}],"wp:attachment":[{"href":"https:\/\/miltonmarchioli.com.br\/blog\/wp-json\/wp\/v2\/media?parent=1175"}],"wp:term":[{"taxonomy":"category","embeddable":true,"href":"https:\/\/miltonmarchioli.com.br\/blog\/wp-json\/wp\/v2\/categories?post=1175"},{"taxonomy":"post_tag","embeddable":true,"href":"https:\/\/miltonmarchioli.com.br\/blog\/wp-json\/wp\/v2\/tags?post=1175"}],"curies":[{"name":"wp","href":"https:\/\/api.w.org\/{rel}","templated":true}]}}