{"id":12356,"date":"2016-06-06T12:35:23","date_gmt":"2016-06-06T15:35:23","guid":{"rendered":"http:\/\/miltonmarchioli.com.br\/blog\/?p=12356"},"modified":"2016-06-17T14:43:21","modified_gmt":"2016-06-17T17:43:21","slug":"comciti-reuniao-da-diretoria-e-projeto-de-lei-para-o-parque-tecnologico-de-marilia","status":"publish","type":"post","link":"https:\/\/miltonmarchioli.com.br\/blog\/comciti-reuniao-da-diretoria-e-projeto-de-lei-para-o-parque-tecnologico-de-marilia\/","title":{"rendered":"COMCITI. Reuni\u00e3o da Diretoria e Projeto de Lei para o Parque Tecnol\u00f3gico de Mar\u00edlia"},"content":{"rendered":"<p><a href=\"https:\/\/miltonmarchioli.com.br\/blog\/wp-content\/uploads\/COMCITI-2.jpg\"><img loading=\"lazy\" decoding=\"async\" class=\"alignleft wp-image-12357\" src=\"https:\/\/miltonmarchioli.com.br\/blog\/wp-content\/uploads\/COMCITI-2-300x225.jpg\" alt=\"COMCITI 2\" width=\"244\" height=\"183\" srcset=\"https:\/\/miltonmarchioli.com.br\/blog\/wp-content\/uploads\/COMCITI-2-300x225.jpg 300w, https:\/\/miltonmarchioli.com.br\/blog\/wp-content\/uploads\/COMCITI-2.jpg 526w\" sizes=\"auto, (max-width: 244px) 100vw, 244px\" \/><\/a>A Secretaria Municipal de Trabalho, Turismo e Desenvolvimento Econ\u00f4mico\u00a0 organizou nesse dia 6, no audit\u00f3rio do CIESP\/Regional Mar\u00edlia, da 2\u00aa reuni\u00e3o do COMCITI \u2013 Conselho Municipal de Ci\u00eancia, Tecnologia e Inova\u00e7\u00e3o de Mar\u00edlia.<\/p>\n<p>Durante o encontro foi realizada a elei\u00e7\u00e3o da primeira diretoria do COMCITI \u2013 que ser\u00e1 presidida pelo empres\u00e1rio do setor industrial e Diretor das Ind\u00fastrias Jacto \u2013 de Pomp\u00e9ia, Chikao Nishimura.<\/p>\n<p>Comp\u00f5em a diretoria ainda Elvis Fusco [atual presidente da Asserti \u2013 Associa\u00e7\u00e3o das Empresas de Servi\u00e7os de Tecnologia da Informa\u00e7\u00e3o], Luiz Carlos de Macedo Soares [reitor da Univem] como primeiro secret\u00e1rio-geral; e Adriano Martins (representante da ACIM) como segundo secret\u00e1rio-geral.<\/p>\n<p>A pauta da reuni\u00e3o do COMCITI contou ainda com o debate de outros importantes assuntos para o segmento: discuss\u00e3o do Projeto de Lei sobre Inova\u00e7\u00e3o de Mar\u00edlia; andamento do Parque Tecnol\u00f3gico de Mar\u00edlia; e promo\u00e7\u00e3o do evento \u201cMovimento pela Inova\u00e7\u00e3o\u201d \u2013 pela institui\u00e7\u00e3o Desenvolve S\u00e3o Paulo \u2013 que ser\u00e1 realizado no dia 19 de julho em Mar\u00edlia.<\/p>\n<p>Al\u00e9m da participa\u00e7\u00e3o da STTDE, o encontro teve a presen\u00e7a de representantes da ACIM, CIESP, Univem, Unesp (Milton Marchioli), Unimar, Fatec, Famema (n\u00e3o enviou representante), Asserti, Sebrae, FIESP, FAIP, Senai, Senac, Sest\/Senat, Sindicato do Com\u00e9rcio Varejista de Mar\u00edlia e ETEC.<\/p>\n<p>C\u00e1ssio Luiz Pinto J\u00fanior, Secret\u00e1rio Municipal de Trabalho, Turismo e Desenvolvimento Econ\u00f4mico, presidiu os trabalhos na segunda reuni\u00e3o do COMCITI.<\/p>\n<p><a href=\"https:\/\/miltonmarchioli.com.br\/blog\/wp-content\/uploads\/COMCITI-3.jpg\"><img loading=\"lazy\" decoding=\"async\" class=\"aligncenter size-full wp-image-12358\" src=\"https:\/\/miltonmarchioli.com.br\/blog\/wp-content\/uploads\/COMCITI-3.jpg\" alt=\"COMCITI 3\" width=\"697\" height=\"523\" srcset=\"https:\/\/miltonmarchioli.com.br\/blog\/wp-content\/uploads\/COMCITI-3.jpg 697w, https:\/\/miltonmarchioli.com.br\/blog\/wp-content\/uploads\/COMCITI-3-300x225.jpg 300w\" sizes=\"auto, (max-width: 697px) 100vw, 697px\" \/><\/a><\/p>\n<p>&nbsp;<\/p>\n","protected":false},"excerpt":{"rendered":"<p>A Secretaria Municipal de Trabalho, Turismo e Desenvolvimento Econ\u00f4mico\u00a0 organizou nesse dia 6, no audit\u00f3rio do CIESP\/Regional Mar\u00edlia, da 2\u00aa reuni\u00e3o do COMCITI \u2013 Conselho Municipal de Ci\u00eancia, Tecnologia e Inova\u00e7\u00e3o de Mar\u00edlia. Durante o encontro foi realizada a elei\u00e7\u00e3o da primeira diretoria do COMCITI \u2013 que ser\u00e1 presidida pelo empres\u00e1rio do setor industrial e &hellip; <a href=\"https:\/\/miltonmarchioli.com.br\/blog\/comciti-reuniao-da-diretoria-e-projeto-de-lei-para-o-parque-tecnologico-de-marilia\/\" class=\"more-link\">Continue lendo <span class=\"screen-reader-text\">COMCITI. Reuni\u00e3o da Diretoria e Projeto de Lei para o Parque Tecnol\u00f3gico de Mar\u00edlia<\/span> <span class=\"meta-nav\">&rarr;<\/span><\/a><\/p>\n","protected":false},"author":2,"featured_media":0,"comment_status":"open","ping_status":"closed","sticky":false,"template":"","format":"standard","meta":{"rop_custom_images_group":[],"rop_custom_messages_group":[],"rop_publish_now":"initial","rop_publish_now_accounts":[],"rop_publish_now_history":[],"rop_publish_now_status":"pending","footnotes":""},"categories":[13],"tags":[1057],"class_list":["post-12356","post","type-post","status-publish","format-standard","hentry","category-opiniao","tag-comciti"],"_links":{"self":[{"href":"https:\/\/miltonmarchioli.com.br\/blog\/wp-json\/wp\/v2\/posts\/12356","targetHints":{"allow":["GET"]}}],"collection":[{"href":"https:\/\/miltonmarchioli.com.br\/blog\/wp-json\/wp\/v2\/posts"}],"about":[{"href":"https:\/\/miltonmarchioli.com.br\/blog\/wp-json\/wp\/v2\/types\/post"}],"author":[{"embeddable":true,"href":"https:\/\/miltonmarchioli.com.br\/blog\/wp-json\/wp\/v2\/users\/2"}],"replies":[{"embeddable":true,"href":"https:\/\/miltonmarchioli.com.br\/blog\/wp-json\/wp\/v2\/comments?post=12356"}],"version-history":[{"count":4,"href":"https:\/\/miltonmarchioli.com.br\/blog\/wp-json\/wp\/v2\/posts\/12356\/revisions"}],"predecessor-version":[{"id":12363,"href":"https:\/\/miltonmarchioli.com.br\/blog\/wp-json\/wp\/v2\/posts\/12356\/revisions\/12363"}],"wp:attachment":[{"href":"https:\/\/miltonmarchioli.com.br\/blog\/wp-json\/wp\/v2\/media?parent=12356"}],"wp:term":[{"taxonomy":"category","embeddable":true,"href":"https:\/\/miltonmarchioli.com.br\/blog\/wp-json\/wp\/v2\/categories?post=12356"},{"taxonomy":"post_tag","embeddable":true,"href":"https:\/\/miltonmarchioli.com.br\/blog\/wp-json\/wp\/v2\/tags?post=12356"}],"curies":[{"name":"wp","href":"https:\/\/api.w.org\/{rel}","templated":true}]}}