{"id":12386,"date":"2016-06-28T18:50:19","date_gmt":"2016-06-28T21:50:19","guid":{"rendered":"http:\/\/miltonmarchioli.com.br\/blog\/?p=12386"},"modified":"2016-07-09T12:47:46","modified_gmt":"2016-07-09T15:47:46","slug":"comissao-trabalha-para-elaboracao-do-projeto-de-lei-para-criacao-do-parque-tecnologico","status":"publish","type":"post","link":"https:\/\/miltonmarchioli.com.br\/blog\/comissao-trabalha-para-elaboracao-do-projeto-de-lei-para-criacao-do-parque-tecnologico\/","title":{"rendered":"Comiss\u00e3o trabalha para elabora\u00e7\u00e3o do Projeto de Lei para cria\u00e7\u00e3o do Parque Tecnol\u00f3gico"},"content":{"rendered":"<p><a href=\"https:\/\/miltonmarchioli.com.br\/blog\/wp-content\/uploads\/REUNI\u00c3O-LARANJA-1.jpg\"><img loading=\"lazy\" decoding=\"async\" class=\"alignleft size-medium wp-image-12390\" src=\"https:\/\/miltonmarchioli.com.br\/blog\/wp-content\/uploads\/REUNI\u00c3O-LARANJA-1-300x169.jpg\" alt=\"REUNI\u00c3O - LARANJA\" width=\"300\" height=\"169\" srcset=\"https:\/\/miltonmarchioli.com.br\/blog\/wp-content\/uploads\/REUNI\u00c3O-LARANJA-1-300x169.jpg 300w, https:\/\/miltonmarchioli.com.br\/blog\/wp-content\/uploads\/REUNI\u00c3O-LARANJA-1-768x432.jpg 768w, https:\/\/miltonmarchioli.com.br\/blog\/wp-content\/uploads\/REUNI\u00c3O-LARANJA-1-1024x577.jpg 1024w, https:\/\/miltonmarchioli.com.br\/blog\/wp-content\/uploads\/REUNI\u00c3O-LARANJA-1.jpg 1600w\" sizes=\"auto, (max-width: 300px) 100vw, 300px\" \/><\/a>No dia 28 de junho aconteceu a segunda reuni\u00e3o da comiss\u00e3o do Conselho Municipal de Ci\u00eancia, Tecnologia e inova\u00e7\u00e3o (COMCITI) para elabora\u00e7\u00e3o do projeto de lei para cria\u00e7\u00e3o do Parque Tecnol\u00f3gico de Mar\u00edlia<\/p>\n<p>Os membros da comiss\u00e3o estiverem presentes nas depend\u00eancias do Univem durante o per\u00edodo vespertino.<\/p>\n<p>Um dos artigos prop\u00f5e a ideia de que haver\u00e1 bolsa-aux\u00edlio para projetos de pesquisa com inova\u00e7\u00e3o tecnol\u00f3gica.<\/p>\n<p>Outra proposta \u00e9 estimular pareceres emitidos a partir doCOMCITI a fim de estimular empres\u00e1rios a criarem projetos inovadores com avan\u00e7os tecnol\u00f3gicos para Mar\u00edlia e regi\u00e3o.<\/p>\n<p>A comiss\u00e3o trabalha com celeridade a fim de que o projeto de\u00a0 lei seja aprovado ainda\u00a0 em 2016.<\/p>\n<p>No dia 04 de julho haver\u00e1 a terceira reuni\u00e3o da comiss\u00e3o para a revis\u00e3o do projeto de lei.<\/p>\n<p><a href=\"https:\/\/miltonmarchioli.com.br\/blog\/wp-content\/uploads\/COMCITI-28-06-2016.jpg\"><img loading=\"lazy\" decoding=\"async\" class=\"aligncenter size-full wp-image-12388\" src=\"https:\/\/miltonmarchioli.com.br\/blog\/wp-content\/uploads\/COMCITI-28-06-2016.jpg\" alt=\"COMCITI - 28-06-2016\" width=\"502\" height=\"260\" srcset=\"https:\/\/miltonmarchioli.com.br\/blog\/wp-content\/uploads\/COMCITI-28-06-2016.jpg 502w, https:\/\/miltonmarchioli.com.br\/blog\/wp-content\/uploads\/COMCITI-28-06-2016-300x155.jpg 300w\" sizes=\"auto, (max-width: 502px) 100vw, 502px\" \/><\/a><\/p>\n","protected":false},"excerpt":{"rendered":"<p>No dia 28 de junho aconteceu a segunda reuni\u00e3o da comiss\u00e3o do Conselho Municipal de Ci\u00eancia, Tecnologia e inova\u00e7\u00e3o (COMCITI) para elabora\u00e7\u00e3o do projeto de lei para cria\u00e7\u00e3o do Parque Tecnol\u00f3gico de Mar\u00edlia Os membros da comiss\u00e3o estiverem presentes nas depend\u00eancias do Univem durante o per\u00edodo vespertino. Um dos artigos prop\u00f5e a ideia de que &hellip; <a href=\"https:\/\/miltonmarchioli.com.br\/blog\/comissao-trabalha-para-elaboracao-do-projeto-de-lei-para-criacao-do-parque-tecnologico\/\" class=\"more-link\">Continue lendo <span class=\"screen-reader-text\">Comiss\u00e3o trabalha para elabora\u00e7\u00e3o do Projeto de Lei para cria\u00e7\u00e3o do Parque Tecnol\u00f3gico<\/span> <span class=\"meta-nav\">&rarr;<\/span><\/a><\/p>\n","protected":false},"author":2,"featured_media":0,"comment_status":"open","ping_status":"closed","sticky":false,"template":"","format":"standard","meta":{"rop_custom_images_group":[],"rop_custom_messages_group":[],"rop_publish_now":"initial","rop_publish_now_accounts":[],"rop_publish_now_history":[],"rop_publish_now_status":"pending","footnotes":""},"categories":[13],"tags":[1057,843,495,193],"class_list":["post-12386","post","type-post","status-publish","format-standard","hentry","category-opiniao","tag-comciti","tag-estado-de-sao-paulo","tag-marilia","tag-milton-marchioli"],"_links":{"self":[{"href":"https:\/\/miltonmarchioli.com.br\/blog\/wp-json\/wp\/v2\/posts\/12386","targetHints":{"allow":["GET"]}}],"collection":[{"href":"https:\/\/miltonmarchioli.com.br\/blog\/wp-json\/wp\/v2\/posts"}],"about":[{"href":"https:\/\/miltonmarchioli.com.br\/blog\/wp-json\/wp\/v2\/types\/post"}],"author":[{"embeddable":true,"href":"https:\/\/miltonmarchioli.com.br\/blog\/wp-json\/wp\/v2\/users\/2"}],"replies":[{"embeddable":true,"href":"https:\/\/miltonmarchioli.com.br\/blog\/wp-json\/wp\/v2\/comments?post=12386"}],"version-history":[{"count":2,"href":"https:\/\/miltonmarchioli.com.br\/blog\/wp-json\/wp\/v2\/posts\/12386\/revisions"}],"predecessor-version":[{"id":12391,"href":"https:\/\/miltonmarchioli.com.br\/blog\/wp-json\/wp\/v2\/posts\/12386\/revisions\/12391"}],"wp:attachment":[{"href":"https:\/\/miltonmarchioli.com.br\/blog\/wp-json\/wp\/v2\/media?parent=12386"}],"wp:term":[{"taxonomy":"category","embeddable":true,"href":"https:\/\/miltonmarchioli.com.br\/blog\/wp-json\/wp\/v2\/categories?post=12386"},{"taxonomy":"post_tag","embeddable":true,"href":"https:\/\/miltonmarchioli.com.br\/blog\/wp-json\/wp\/v2\/tags?post=12386"}],"curies":[{"name":"wp","href":"https:\/\/api.w.org\/{rel}","templated":true}]}}