{"id":12392,"date":"2016-07-09T12:45:24","date_gmt":"2016-07-09T15:45:24","guid":{"rendered":"http:\/\/miltonmarchioli.com.br\/blog\/?p=12392"},"modified":"2016-07-09T12:49:48","modified_gmt":"2016-07-09T15:49:48","slug":"comissao-apresenta-projeto-de-lei-a-diretoria-do-conselho-municipal-de-ciencia-tecnologia-e-inovacao-de-marilia","status":"publish","type":"post","link":"https:\/\/miltonmarchioli.com.br\/blog\/comissao-apresenta-projeto-de-lei-a-diretoria-do-conselho-municipal-de-ciencia-tecnologia-e-inovacao-de-marilia\/","title":{"rendered":"Comiss\u00e3o apresenta projeto de lei \u00e0 diretoria do Conselho Municipal de Ci\u00eancia, Tecnologia e inova\u00e7\u00e3o de Mar\u00edlia"},"content":{"rendered":"<p><a href=\"https:\/\/miltonmarchioli.com.br\/blog\/wp-content\/uploads\/discuss\u00e3o.jpg\"><img loading=\"lazy\" decoding=\"async\" class=\"alignleft wp-image-12394\" src=\"https:\/\/miltonmarchioli.com.br\/blog\/wp-content\/uploads\/discuss\u00e3o-300x200.jpg\" alt=\"discuss\u00e3o\" width=\"270\" height=\"180\" srcset=\"https:\/\/miltonmarchioli.com.br\/blog\/wp-content\/uploads\/discuss\u00e3o-300x200.jpg 300w, https:\/\/miltonmarchioli.com.br\/blog\/wp-content\/uploads\/discuss\u00e3o-768x512.jpg 768w, https:\/\/miltonmarchioli.com.br\/blog\/wp-content\/uploads\/discuss\u00e3o-1024x682.jpg 1024w, https:\/\/miltonmarchioli.com.br\/blog\/wp-content\/uploads\/discuss\u00e3o.jpg 1600w\" sizes=\"auto, (max-width: 270px) 100vw, 270px\" \/><\/a>No dia\u00a0 07 de julho a comiss\u00e3o integrante do Conselho Municipal de Ci\u00eancia, Tecnologia da cidade de Mar\u00edlia apresentou o projeto de lei \u00e0 diretoria e membros integrantes do mesmo, ap\u00f3s tr\u00eas reuni\u00f5es ocorridas nas depend\u00eancias do Univem.<\/p>\n<p>A reuni\u00e3o aconteceu nas depend\u00eancias do Centro das Ind\u00fastrias do Estado de S\u00e3o Paulo (Ciesp) de Alta Paulista (Mar\u00edlia) e o Departamento da Micro, Pequena e M\u00e9dia Ind\u00fastria (Dempi) da Federa\u00e7\u00e3o das Ind\u00fastrias do Estado de S\u00e3o Paulo (Fiesp).<\/p>\n<p>Na apresenta\u00e7\u00e3o houve algumas sugest\u00f5es de membros pertencentes do Sebrae e Fatec a fim de que a lei possa contemplar essas institui\u00e7\u00f5es em projetos de inova\u00e7\u00e3o tecnol\u00f3gica origin\u00e1rios das mesmas.<\/p>\n<p>Assim, no dia 14 de julho haver\u00e1\u00a0 a quarta reuni\u00e3o a comiss\u00e3o criada pelo COMCIT a fim de efetuar as modifica\u00e7\u00f5es nas propostas discutidas na reuni\u00e3o sugeridas pela diretoria e membros do mesmo.<\/p>\n<p><a href=\"https:\/\/miltonmarchioli.com.br\/blog\/wp-content\/uploads\/COMCITI-07-07-2016.jpg\"><img loading=\"lazy\" decoding=\"async\" class=\"aligncenter size-full wp-image-12393\" src=\"https:\/\/miltonmarchioli.com.br\/blog\/wp-content\/uploads\/COMCITI-07-07-2016.jpg\" alt=\"COMCITI - 07-07-2016\" width=\"1280\" height=\"719\" srcset=\"https:\/\/miltonmarchioli.com.br\/blog\/wp-content\/uploads\/COMCITI-07-07-2016.jpg 1280w, https:\/\/miltonmarchioli.com.br\/blog\/wp-content\/uploads\/COMCITI-07-07-2016-300x169.jpg 300w, https:\/\/miltonmarchioli.com.br\/blog\/wp-content\/uploads\/COMCITI-07-07-2016-768x431.jpg 768w, https:\/\/miltonmarchioli.com.br\/blog\/wp-content\/uploads\/COMCITI-07-07-2016-1024x575.jpg 1024w\" sizes=\"auto, (max-width: 1280px) 100vw, 1280px\" \/><\/a><\/p>\n","protected":false},"excerpt":{"rendered":"<p>No dia\u00a0 07 de julho a comiss\u00e3o integrante do Conselho Municipal de Ci\u00eancia, Tecnologia da cidade de Mar\u00edlia apresentou o projeto de lei \u00e0 diretoria e membros integrantes do mesmo, ap\u00f3s tr\u00eas reuni\u00f5es ocorridas nas depend\u00eancias do Univem. A reuni\u00e3o aconteceu nas depend\u00eancias do Centro das Ind\u00fastrias do Estado de S\u00e3o Paulo (Ciesp) de Alta &hellip; <a href=\"https:\/\/miltonmarchioli.com.br\/blog\/comissao-apresenta-projeto-de-lei-a-diretoria-do-conselho-municipal-de-ciencia-tecnologia-e-inovacao-de-marilia\/\" class=\"more-link\">Continue lendo <span class=\"screen-reader-text\">Comiss\u00e3o apresenta projeto de lei \u00e0 diretoria do Conselho Municipal de Ci\u00eancia, Tecnologia e inova\u00e7\u00e3o de Mar\u00edlia<\/span> <span class=\"meta-nav\">&rarr;<\/span><\/a><\/p>\n","protected":false},"author":2,"featured_media":0,"comment_status":"open","ping_status":"closed","sticky":false,"template":"","format":"standard","meta":{"rop_custom_images_group":[],"rop_custom_messages_group":[],"rop_publish_now":"initial","rop_publish_now_accounts":[],"rop_publish_now_history":[],"rop_publish_now_status":"pending","footnotes":""},"categories":[13],"tags":[1060,1057,843,495,193],"class_list":["post-12392","post","type-post","status-publish","format-standard","hentry","category-opiniao","tag-ciesp-fiesp","tag-comciti","tag-estado-de-sao-paulo","tag-marilia","tag-milton-marchioli"],"_links":{"self":[{"href":"https:\/\/miltonmarchioli.com.br\/blog\/wp-json\/wp\/v2\/posts\/12392","targetHints":{"allow":["GET"]}}],"collection":[{"href":"https:\/\/miltonmarchioli.com.br\/blog\/wp-json\/wp\/v2\/posts"}],"about":[{"href":"https:\/\/miltonmarchioli.com.br\/blog\/wp-json\/wp\/v2\/types\/post"}],"author":[{"embeddable":true,"href":"https:\/\/miltonmarchioli.com.br\/blog\/wp-json\/wp\/v2\/users\/2"}],"replies":[{"embeddable":true,"href":"https:\/\/miltonmarchioli.com.br\/blog\/wp-json\/wp\/v2\/comments?post=12392"}],"version-history":[{"count":1,"href":"https:\/\/miltonmarchioli.com.br\/blog\/wp-json\/wp\/v2\/posts\/12392\/revisions"}],"predecessor-version":[{"id":12395,"href":"https:\/\/miltonmarchioli.com.br\/blog\/wp-json\/wp\/v2\/posts\/12392\/revisions\/12395"}],"wp:attachment":[{"href":"https:\/\/miltonmarchioli.com.br\/blog\/wp-json\/wp\/v2\/media?parent=12392"}],"wp:term":[{"taxonomy":"category","embeddable":true,"href":"https:\/\/miltonmarchioli.com.br\/blog\/wp-json\/wp\/v2\/categories?post=12392"},{"taxonomy":"post_tag","embeddable":true,"href":"https:\/\/miltonmarchioli.com.br\/blog\/wp-json\/wp\/v2\/tags?post=12392"}],"curies":[{"name":"wp","href":"https:\/\/api.w.org\/{rel}","templated":true}]}}