{"id":12397,"date":"2016-07-10T18:41:07","date_gmt":"2016-07-10T21:41:07","guid":{"rendered":"http:\/\/miltonmarchioli.com.br\/blog\/?p=12397"},"modified":"2016-07-10T18:42:26","modified_gmt":"2016-07-10T21:42:26","slug":"o-ensino-sequestrado","status":"publish","type":"post","link":"https:\/\/miltonmarchioli.com.br\/blog\/o-ensino-sequestrado\/","title":{"rendered":"O ensino sequestrado"},"content":{"rendered":"<p><a href=\"https:\/\/miltonmarchioli.com.br\/blog\/wp-content\/uploads\/brasil-comunista.png\"><img loading=\"lazy\" decoding=\"async\" class=\"alignleft wp-image-12398\" src=\"https:\/\/miltonmarchioli.com.br\/blog\/wp-content\/uploads\/brasil-comunista-300x210.png\" alt=\"brasil comunista\" width=\"261\" height=\"183\" srcset=\"https:\/\/miltonmarchioli.com.br\/blog\/wp-content\/uploads\/brasil-comunista-300x210.png 300w, https:\/\/miltonmarchioli.com.br\/blog\/wp-content\/uploads\/brasil-comunista.png 400w\" sizes=\"auto, (max-width: 261px) 100vw, 261px\" \/><\/a>H\u00e1 pelo menos uma d\u00e9cada, o ensino p\u00fablico do Estado de S\u00e3o Paulo, o universit\u00e1rio sobretudo, vem periodicamente se tornando ref\u00e9m de um pequeno mas organizado, sect\u00e1rio e barulhento grupo de alunos vinculados a partidos pol\u00edticos de esquerda, os mesmos partidos que controlam os denominados movimentos sociais.<\/p>\n<p>Durante o reinado nacional petista, por tudo e por nada \u2013\u2013 as pautas podiam variar diariamente ou mesmo serem preventivas \u2013\u2013, esses movimentos estudantis pararam as universidades paulistas com o \u00fanico prop\u00f3sito de criar constrangimentos para o \u201cgovernador de direita\u201d Geraldo Alkmin. As paralisa\u00e7\u00f5es eram t\u00e3o partidarizadas, t\u00e3o orquestradas que se podia ter um calend\u00e1rio pr\u00e9vio delas acompanhando os muitos informativos sa\u00eddos dos encontros daquelas institui\u00e7\u00f5es de esquerda latino-americanas que proliferaram nos \u00faltimos tempos sob o patroc\u00ednio do governo federal.<\/p>\n<p>O mais espantoso, para quem acredita na espontaneidade dos movimentos juvenis \u2013\u2013 e h\u00e1, ainda, quem creia nisso, sobretudo nas reda\u00e7\u00f5es dos jornais \u2013\u2013, \u00e9 o \u00edndice de acerto de tais calend\u00e1rios: paralisa\u00e7\u00e3o programada \u00e9 paralisa\u00e7\u00e3o realizada. E, naturalmente, meses de dor de cabe\u00e7a para a maioria dos alunos, atraso nas pesquisas dos\u00a0<em>campi<\/em>\u00a0e, o que realmente importa para os ativistas \u2013\u2013 estudantes indiferentes aos problemas da universidade \u2013\u2013, um enorme desgaste para o inimigo pol\u00edtico da vez.<\/p>\n<p>Certamente que tamanha efici\u00eancia, tamanha capacidade de operacionaliza\u00e7\u00e3o, n\u00e3o se deve nem \u00e0 prote\u00e7\u00e3o divina \u2013\u2013 as causas defendidas pelos estudantes n\u00e3o s\u00e3o assim t\u00e3o justas\u2013\u2013, nem \u00e0 capacidade de organiza\u00e7\u00e3o dos \u201cjovens idealistas\u201d, que geralmente \u00e9 t\u00e3o boa quanto a governa\u00e7\u00e3o dos partidos a que est\u00e3o vinculados, e nem, tampouco, ao poder que os ativistas t\u00eam em convencer racionalmente os seus colegas, os quais, a bem da verdade, fogem assustados do \u201cbullying das assembleias\u201d, que transforma os n\u00e3o simpatizantes da causa (a imensa maioria) em monstros coxinhas, em burgueses interessados somente em estudar. Essas andorinhas n\u00e3o fariam, pois, ver\u00e3o, se n\u00e3o contassem com um ambiente extremamente favor\u00e1vel nas universidades p\u00fablicas, um ambiente ideal para a manuten\u00e7\u00e3o e a reprodu\u00e7\u00e3o da esp\u00e9cie.<\/p>\n<p>Os tolerantes estatutos dessas universidades, por exemplo. Poucos pagadores de impostos sabem, mas um aluno de uma universidade p\u00fablica paulista pode cursar durante 7, 8 anos uma gradua\u00e7\u00e3o que deveria ser finalizada em 4; pode, tamb\u00e9m, cursar uns poucos anos de uma gradua\u00e7\u00e3o e entrar em outro curso, permanecendo indefinidamente no sistema universit\u00e1rio. Tamanha benevol\u00eancia com o dinheiro do contribuinte criou a figura do estudante profissional, indiv\u00edduo que, geralmente a servi\u00e7o de um partido, frequenta o ambiente universit\u00e1rio por anos com o \u00fanico prop\u00f3sito de \u201catuar politicamente\u201d, isto \u00e9, de fazer proselitismo e criar demandas que possam gerar paralisa\u00e7\u00f5es e greves. Tais indiv\u00edduos, na maior parte das vezes, depara com diretores de\u00a0<em>campi<\/em>\u00a0extremamente condescendentes, que t\u00eam um medo pavoroso de serem taxados de \u201cautorit\u00e1rios\u201d, \u201cburgueses\u201d, \u201ccupinchas do governador\u201d e de outras tolices sa\u00eddas do universo esquerdista. Esses gestores envergonhados de sua autoridade, indecisos se administram uma universidade ou uma comunidade alternativa de Arembepe, s\u00e3o presa f\u00e1cil para a armadilha do \u201cdi\u00e1logo\u201d, palavra que na linguagem do movimento estudantil significa que o outro \u00e9 obrigado a ouvir absurdos at\u00e9 vir a concordar com eles.<\/p>\n<p>A concep\u00e7\u00e3o de universidade p\u00fablica que se alimentou ao longo desse per\u00edodo populista que passamos tamb\u00e9m colaborou muito para a reprodu\u00e7\u00e3o dessa esp\u00e9cie. O horror ao mercado, \u00e0 sociedade capitalista e burguesa, h\u00e1 pelo menos quatro d\u00e9cadas \u00e9 pacientemente cultivado nos departamentos de humanas das universidades p\u00fablicas. Os discentes, que futuramente ter\u00e3o que ingressar num mercado capitalista, s\u00e3o formados numa bolha coletivista que fomenta o \u00f3dio ao trabalho regular, ao estado constitu\u00eddo e \u00e0 ordem p\u00fablica \u2013\u2013 e denominam tal anacronismo, com cheiro de Theodore Roszak, de produ\u00e7\u00e3o de \u201cesp\u00edritos cr\u00edticos\u201d. E isso n\u00e3o \u00e9 tudo. Fomentou-se, ao lado do rep\u00fadio ao capitalismo, a vis\u00e3o de que a universidade \u00e9 uma institui\u00e7\u00e3o de assist\u00eancia social, destinada n\u00e3o a produzir conhecimento ou a formar bons profissionais para o pa\u00eds, mas a corrigir, por meio de bolsas e programas sociais destitu\u00eddos de fundamentos acad\u00eamicos, as muitas desigualdades do Brasil.<\/p>\n<p>Foi esse meio ambiente simp\u00e1tico \u00e0 vitimiza\u00e7\u00e3o, sem cobran\u00e7as e avesso \u00e0 valoriza\u00e7\u00e3o do m\u00e9rito \u2013\u2013 estranhamente, quase um xingamento no meio universit\u00e1rio brasileiro \u2013\u2013\u00a0 que criou as condi\u00e7\u00f5es ideais para a multiplica\u00e7\u00e3o das paralisa\u00e7\u00f5es dos \u00faltimos anos, paralisa\u00e7\u00f5es que prometem voltar em for\u00e7a depois do afastamento da presidente, afinal, o movimento estudantil, que costuma ser bastante obediente, j\u00e1 recebeu a ordem do seu coronel: \u201cn\u00e3o vai ter golpe, vai ter luta\u201d.<\/p>\n<p>O grande consolo das universidades paulistas, a esta altura, \u00e9 que, com o despejo do petismo l\u00e1 de Bras\u00edlia, o tormento se estender\u00e1 por todo o sistema universit\u00e1rio federal, que subitamente, sob a administra\u00e7\u00e3o Temer, se transformar\u00e1 num espa\u00e7o burgu\u00eas, excludente e opressor, com milh\u00f5es de motivos para paralisa\u00e7\u00f5es, invas\u00f5es e depreda\u00e7\u00f5es estudantis, tal como vem ocorrendo em S\u00e3o Paulo.<\/p>\n<p>Eis a receita imbat\u00edvel para sucatear e acabar de vez com o j\u00e1 combalido sistema universit\u00e1rio p\u00fablico brasileiro, que, caso queira realmente sobreviver e prosperar, precisa urgentemente sair dos anos 60, aceitar que a academia est\u00e1 longe de ser o lugar da \u201cresist\u00eancia ao capitalismo\u201d \u2013\u2013 ideia rid\u00edcula e anacr\u00f4nica \u2013\u2013 e mostrar \u00e0 sociedade que a universidade p\u00fablica n\u00e3o \u00e9 obsoleta e deslocada, que n\u00e3o vive num para\u00edso artificial, numa\u00a0<em>matrix<\/em>\u00a0produzida por t\u00e9cnicos cubanos sa\u00eddos de um \u201cMais Inform\u00e1tica\u201d.<\/p>\n<p><a href=\"http:\/\/www.unesp.br\/portal#!\/debate-academico\/o-ensino-sequestrado\/\">Artigo de Jean Marcel Carvalho Fran\u00e7a \u00e9 professor titular de Hist\u00f3ria do Brasil da Unesp de Franca.<\/a><\/p>\n<p><a href=\"https:\/\/miltonmarchioli.com.br\/blog\/wp-content\/uploads\/doutrina\u00e7\u00e3o-marxista.png\"><img loading=\"lazy\" decoding=\"async\" class=\"aligncenter size-full wp-image-12399\" src=\"https:\/\/miltonmarchioli.com.br\/blog\/wp-content\/uploads\/doutrina\u00e7\u00e3o-marxista.png\" alt=\"doutrina\u00e7\u00e3o marxista\" width=\"687\" height=\"720\" srcset=\"https:\/\/miltonmarchioli.com.br\/blog\/wp-content\/uploads\/doutrina\u00e7\u00e3o-marxista.png 687w, https:\/\/miltonmarchioli.com.br\/blog\/wp-content\/uploads\/doutrina\u00e7\u00e3o-marxista-286x300.png 286w\" sizes=\"auto, (max-width: 687px) 100vw, 687px\" \/><\/a><\/p>\n","protected":false},"excerpt":{"rendered":"<p>H\u00e1 pelo menos uma d\u00e9cada, o ensino p\u00fablico do Estado de S\u00e3o Paulo, o universit\u00e1rio sobretudo, vem periodicamente se tornando ref\u00e9m de um pequeno mas organizado, sect\u00e1rio e barulhento grupo de alunos vinculados a partidos pol\u00edticos de esquerda, os mesmos partidos que controlam os denominados movimentos sociais. Durante o reinado nacional petista, por tudo e &hellip; <a href=\"https:\/\/miltonmarchioli.com.br\/blog\/o-ensino-sequestrado\/\" class=\"more-link\">Continue lendo <span class=\"screen-reader-text\">O ensino sequestrado<\/span> <span class=\"meta-nav\">&rarr;<\/span><\/a><\/p>\n","protected":false},"author":2,"featured_media":0,"comment_status":"open","ping_status":"closed","sticky":false,"template":"","format":"standard","meta":{"rop_custom_images_group":[],"rop_custom_messages_group":[],"rop_publish_now":"initial","rop_publish_now_accounts":[],"rop_publish_now_history":[],"rop_publish_now_status":"pending","footnotes":""},"categories":[332,13],"tags":[1061,428],"class_list":["post-12397","post","type-post","status-publish","format-standard","hentry","category-educacao","category-opiniao","tag-doutrinacao-marxista-nas-universidades","tag-marxismo-cultural"],"_links":{"self":[{"href":"https:\/\/miltonmarchioli.com.br\/blog\/wp-json\/wp\/v2\/posts\/12397","targetHints":{"allow":["GET"]}}],"collection":[{"href":"https:\/\/miltonmarchioli.com.br\/blog\/wp-json\/wp\/v2\/posts"}],"about":[{"href":"https:\/\/miltonmarchioli.com.br\/blog\/wp-json\/wp\/v2\/types\/post"}],"author":[{"embeddable":true,"href":"https:\/\/miltonmarchioli.com.br\/blog\/wp-json\/wp\/v2\/users\/2"}],"replies":[{"embeddable":true,"href":"https:\/\/miltonmarchioli.com.br\/blog\/wp-json\/wp\/v2\/comments?post=12397"}],"version-history":[{"count":1,"href":"https:\/\/miltonmarchioli.com.br\/blog\/wp-json\/wp\/v2\/posts\/12397\/revisions"}],"predecessor-version":[{"id":12400,"href":"https:\/\/miltonmarchioli.com.br\/blog\/wp-json\/wp\/v2\/posts\/12397\/revisions\/12400"}],"wp:attachment":[{"href":"https:\/\/miltonmarchioli.com.br\/blog\/wp-json\/wp\/v2\/media?parent=12397"}],"wp:term":[{"taxonomy":"category","embeddable":true,"href":"https:\/\/miltonmarchioli.com.br\/blog\/wp-json\/wp\/v2\/categories?post=12397"},{"taxonomy":"post_tag","embeddable":true,"href":"https:\/\/miltonmarchioli.com.br\/blog\/wp-json\/wp\/v2\/tags?post=12397"}],"curies":[{"name":"wp","href":"https:\/\/api.w.org\/{rel}","templated":true}]}}