{"id":12403,"date":"2016-07-26T10:42:59","date_gmt":"2016-07-26T13:42:59","guid":{"rendered":"http:\/\/miltonmarchioli.com.br\/blog\/?p=12403"},"modified":"2016-07-26T10:45:52","modified_gmt":"2016-07-26T13:45:52","slug":"projeto-de-lei-aprovado-pelo-comciti","status":"publish","type":"post","link":"https:\/\/miltonmarchioli.com.br\/blog\/projeto-de-lei-aprovado-pelo-comciti\/","title":{"rendered":"Projeto de Lei aprovado pelo COMCITI"},"content":{"rendered":"<p><span id=\"fbPhotoSnowliftCaption\" class=\"fbPhotosPhotoCaption\" tabindex=\"0\" data-ft=\"{&quot;tn&quot;:&quot;K&quot;}\"><span class=\"hasCaption\"><a href=\"https:\/\/miltonmarchioli.com.br\/blog\/wp-content\/uploads\/PROJETO-DE-LEI.jpg\"><img loading=\"lazy\" decoding=\"async\" class=\"alignleft size-medium wp-image-12405\" src=\"https:\/\/miltonmarchioli.com.br\/blog\/wp-content\/uploads\/PROJETO-DE-LEI-300x213.jpg\" alt=\"PROJETO DE LEI\" width=\"300\" height=\"213\" srcset=\"https:\/\/miltonmarchioli.com.br\/blog\/wp-content\/uploads\/PROJETO-DE-LEI-300x213.jpg 300w, https:\/\/miltonmarchioli.com.br\/blog\/wp-content\/uploads\/PROJETO-DE-LEI.jpg 448w\" sizes=\"auto, (max-width: 300px) 100vw, 300px\" \/><\/a>Em reuni\u00e3o realizada no dia 20 de julho, na sede do Ciesp Mar\u00edlia, os membros do Conselho Municipal de Ci\u00eancia, Tecnologia e Inova\u00e7\u00e3o de Mar\u00edlia &#8211; COMCITI &#8211; discutiram a minuta do Projeto de Lei de Incentivos \u00e0 Inova\u00e7\u00e3o Tecnol\u00f3gica\u00a0 com o objetivo apoiar o empreendedorismo e o desenvolvimento econ\u00f4mico no Estado de S\u00e3o Paulo.<\/span><\/span><\/p>\n<p>A coordena\u00e7\u00e3o dos trabalhos esteve a cargo de Chikao Nishimura, Presidente do COMCITI, <span class=\"text_exposed_show\">e Cassio Luiz Pinto J\u00fanior, Secret\u00e1rio Municipal do Trabalho, Turismo e Desenvolvimento Econ\u00f4mico. <\/span><\/p>\n<p><span id=\"fbPhotoSnowliftCaption\" class=\"fbPhotosPhotoCaption\" tabindex=\"0\" data-ft=\"{&quot;tn&quot;:&quot;K&quot;}\"><span class=\"hasCaption\"><span class=\"text_exposed_show\">No encontro dos membros do COMCITI houve debates e sugest\u00f5es aos artigos do Projeto de Lei para a cria\u00e7\u00e3o do Parque Tecnol\u00f3gico de Mar\u00edlia, o qual ser\u00e1 encaminhado \u00e0 Secretaria Municipal de Desenvolvimento Econ\u00f4mico, que posteriormente, ap\u00f3s aprecia\u00e7\u00e3o da Comiss\u00e3o de Constitui\u00e7\u00e3o e Justi\u00e7a e Comiss\u00e3o de Finan\u00e7as, ser\u00e1 apresentado para a C\u00e2mara Municipal de Mar\u00edlia, encaminhado como Projeto de Lei pelo Prefeito Municipal de Mar\u00edlia Vinicius Camarinha.<\/span><\/span><\/span><\/p>\n<p><span id=\"fbPhotoSnowliftCaption\" class=\"fbPhotosPhotoCaption\" tabindex=\"0\" data-ft=\"{&quot;tn&quot;:&quot;K&quot;}\"><span class=\"hasCaption\"><span class=\"text_exposed_show\">Participaram do Projeto de Lei para a cria\u00e7\u00e3o do Parque Tecnol\u00f3gico de Mar\u00edlia: Elvis Fusco, F\u00e1bio Dac\u00eancio Pereira, Benedito Goffredo, Milton Breda, Gustavo Martin e Milton Marchioli.<\/span><\/span><\/span><\/p>\n<p>Marcelo Augusto Montagnana representando o Sebrae e Cl\u00e1udia Cristina Nicolau representando a Fatec de Mar\u00edlia contribu\u00edram nas sugest\u00f5es do Projeto de Lei.<\/p>\n<p>O\u00a0 COMCITI estar\u00e1 posteriormente avaliando projetos de inova\u00e7\u00e3o tecnol\u00f3gica a partir de iniciativa dos empres\u00e1rios de Mar\u00edlia por meios de pareceristas que far\u00e3o an\u00e1lise, sugest\u00f5es e corre\u00e7\u00f5es aos projetos de inova\u00e7\u00e3o tecnol\u00f3gica enviados ao mesmo.<\/p>\n<p><a href=\"https:\/\/miltonmarchioli.com.br\/blog\/wp-content\/uploads\/COMCITI-20-07-2016-REUNI\u00c3O-FINAL-PROJETO-DE-LEI.jpg\"><img loading=\"lazy\" decoding=\"async\" class=\"aligncenter size-full wp-image-12404\" src=\"https:\/\/miltonmarchioli.com.br\/blog\/wp-content\/uploads\/COMCITI-20-07-2016-REUNI\u00c3O-FINAL-PROJETO-DE-LEI.jpg\" alt=\"COMCITI -20-07-2016- REUNI\u00c3O FINAL- PROJETO DE LEI\" width=\"1365\" height=\"1024\" srcset=\"https:\/\/miltonmarchioli.com.br\/blog\/wp-content\/uploads\/COMCITI-20-07-2016-REUNI\u00c3O-FINAL-PROJETO-DE-LEI.jpg 1365w, https:\/\/miltonmarchioli.com.br\/blog\/wp-content\/uploads\/COMCITI-20-07-2016-REUNI\u00c3O-FINAL-PROJETO-DE-LEI-300x225.jpg 300w, https:\/\/miltonmarchioli.com.br\/blog\/wp-content\/uploads\/COMCITI-20-07-2016-REUNI\u00c3O-FINAL-PROJETO-DE-LEI-768x576.jpg 768w, https:\/\/miltonmarchioli.com.br\/blog\/wp-content\/uploads\/COMCITI-20-07-2016-REUNI\u00c3O-FINAL-PROJETO-DE-LEI-1024x768.jpg 1024w\" sizes=\"auto, (max-width: 1365px) 100vw, 1365px\" \/><\/a><\/p>\n","protected":false},"excerpt":{"rendered":"<p>Em reuni\u00e3o realizada no dia 20 de julho, na sede do Ciesp Mar\u00edlia, os membros do Conselho Municipal de Ci\u00eancia, Tecnologia e Inova\u00e7\u00e3o de Mar\u00edlia &#8211; COMCITI &#8211; discutiram a minuta do Projeto de Lei de Incentivos \u00e0 Inova\u00e7\u00e3o Tecnol\u00f3gica\u00a0 com o objetivo apoiar o empreendedorismo e o desenvolvimento econ\u00f4mico no Estado de S\u00e3o Paulo. &hellip; <a href=\"https:\/\/miltonmarchioli.com.br\/blog\/projeto-de-lei-aprovado-pelo-comciti\/\" class=\"more-link\">Continue lendo <span class=\"screen-reader-text\">Projeto de Lei aprovado pelo COMCITI<\/span> <span class=\"meta-nav\">&rarr;<\/span><\/a><\/p>\n","protected":false},"author":2,"featured_media":0,"comment_status":"open","ping_status":"closed","sticky":false,"template":"","format":"standard","meta":{"rop_custom_images_group":[],"rop_custom_messages_group":[],"rop_publish_now":"initial","rop_publish_now_accounts":[],"rop_publish_now_history":[],"rop_publish_now_status":"pending","footnotes":""},"categories":[13],"tags":[1062,1064,1063],"class_list":["post-12403","post","type-post","status-publish","format-standard","hentry","category-opiniao","tag-mariiia","tag-parque-tecnologico-de-marilia","tag-projedo-de-lei-comciti"],"_links":{"self":[{"href":"https:\/\/miltonmarchioli.com.br\/blog\/wp-json\/wp\/v2\/posts\/12403","targetHints":{"allow":["GET"]}}],"collection":[{"href":"https:\/\/miltonmarchioli.com.br\/blog\/wp-json\/wp\/v2\/posts"}],"about":[{"href":"https:\/\/miltonmarchioli.com.br\/blog\/wp-json\/wp\/v2\/types\/post"}],"author":[{"embeddable":true,"href":"https:\/\/miltonmarchioli.com.br\/blog\/wp-json\/wp\/v2\/users\/2"}],"replies":[{"embeddable":true,"href":"https:\/\/miltonmarchioli.com.br\/blog\/wp-json\/wp\/v2\/comments?post=12403"}],"version-history":[{"count":2,"href":"https:\/\/miltonmarchioli.com.br\/blog\/wp-json\/wp\/v2\/posts\/12403\/revisions"}],"predecessor-version":[{"id":12407,"href":"https:\/\/miltonmarchioli.com.br\/blog\/wp-json\/wp\/v2\/posts\/12403\/revisions\/12407"}],"wp:attachment":[{"href":"https:\/\/miltonmarchioli.com.br\/blog\/wp-json\/wp\/v2\/media?parent=12403"}],"wp:term":[{"taxonomy":"category","embeddable":true,"href":"https:\/\/miltonmarchioli.com.br\/blog\/wp-json\/wp\/v2\/categories?post=12403"},{"taxonomy":"post_tag","embeddable":true,"href":"https:\/\/miltonmarchioli.com.br\/blog\/wp-json\/wp\/v2\/tags?post=12403"}],"curies":[{"name":"wp","href":"https:\/\/api.w.org\/{rel}","templated":true}]}}