{"id":12430,"date":"2016-09-03T23:03:12","date_gmt":"2016-09-04T02:03:12","guid":{"rendered":"http:\/\/miltonmarchioli.com.br\/blog\/?p=12430"},"modified":"2016-09-03T23:03:36","modified_gmt":"2016-09-04T02:03:36","slug":"conselho-nacional-de-justica-aprova-nova-resolucao-para-reduzir-judicializacao-da-saude","status":"publish","type":"post","link":"https:\/\/miltonmarchioli.com.br\/blog\/conselho-nacional-de-justica-aprova-nova-resolucao-para-reduzir-judicializacao-da-saude\/","title":{"rendered":"Conselho Nacional de Justi\u00e7a aprova nova resolu\u00e7\u00e3o para reduzir judicializa\u00e7\u00e3o da sa\u00fade"},"content":{"rendered":"<p><a href=\"https:\/\/miltonmarchioli.com.br\/blog\/wp-content\/uploads\/cnj.jpg\"><img loading=\"lazy\" decoding=\"async\" class=\"alignleft wp-image-12431\" src=\"https:\/\/miltonmarchioli.com.br\/blog\/wp-content\/uploads\/cnj-300x221.jpg\" alt=\"cnj\" width=\"269\" height=\"198\" srcset=\"https:\/\/miltonmarchioli.com.br\/blog\/wp-content\/uploads\/cnj-300x221.jpg 300w, https:\/\/miltonmarchioli.com.br\/blog\/wp-content\/uploads\/cnj.jpg 540w\" sizes=\"auto, (max-width: 269px) 100vw, 269px\" \/><\/a>Preocupado com a crescente judicializa\u00e7\u00e3o da sa\u00fade, o Conselho Nacional de Justi\u00e7a (CNJ) decidiu oferecer ferramentas para auxiliar o trabalho dos magistrados.<\/p>\n<p>Na 18\u00aa Sess\u00e3o Virtual, encerrada no \u00faltimo dia 30, o plen\u00e1rio aprovou, por maioria, resolu\u00e7\u00e3o que disp\u00f5e sobre a cria\u00e7\u00e3o e a manuten\u00e7\u00e3o de comit\u00eas estaduais de sa\u00fade, bem como a especializa\u00e7\u00e3o em comarcas com mais de uma vara de fazenda p\u00fablica.<\/p>\n<p>O ato normativo visa dar efetividade \u00e0 <a href=\"http:\/\/www.cnj.jus.br\/busca-atos-adm?documento=2831\" target=\"_blank\" rel=\"nofollow\">Resolu\u00e7\u00e3o 107\/2010<\/a> do CNJ, que criou o F\u00f3rum Nacional do Poder Judici\u00e1rio para a Sa\u00fade e instituiu os comit\u00eas estaduais de sa\u00fade como inst\u00e2ncias adequadas para encaminhar solu\u00e7\u00f5es e garantir a melhor forma de presta\u00e7\u00e3o jurisdicional em \u00e1rea t\u00e3o sens\u00edvel.<\/p>\n<p>Com quatro artigos, a nova resolu\u00e7\u00e3o\u00a0 determina os crit\u00e9rios para a forma\u00e7\u00e3o dos comit\u00eas.<\/p>\n<p>Os colegiados devem ser compostos por magistrados de primeiro e segundo graus; gestores da \u00e1rea da sa\u00fade e demais participantes do sistema de sa\u00fade e de Justi\u00e7a (Minist\u00e9rio P\u00fablico, Defensoria P\u00fablica, advogados p\u00fablicos ou um representante da Ordem dos Advogados do Brasil), al\u00e9m de dois integrantes do conselho estadual de sa\u00fade: um que represente os usu\u00e1rios do sistema p\u00fablico e, outro, os usu\u00e1rios do sistema suplementar de sa\u00fade.<\/p>\n<p><span style=\"color: #008000;\"><strong>Atribui\u00e7\u00f5es<\/strong><\/span> &#8211; Entre as atribui\u00e7\u00f5es dos comit\u00eas est\u00e1 a de auxiliar os tribunais na cria\u00e7\u00e3o dos N\u00facleos de Apoio T\u00e9cnico do Judici\u00e1rio (NAT-JUS), constitu\u00eddos de profissionais da sa\u00fade, para elaborar pareceres acerca da medicina baseada em evid\u00eancias.<\/p>\n<p>Os magistrados ser\u00e3o indicados pela presid\u00eancia dos tribunais, de prefer\u00eancia entre aqueles que exer\u00e7am jurisdi\u00e7\u00e3o em mat\u00e9ria de sa\u00fade p\u00fablica ou suplementar, ou que tenham destacado saber jur\u00eddico na \u00e1rea. \u00c0s cortes, caber\u00e1 ainda a cria\u00e7\u00e3o de s\u00edtio eletr\u00f4nico que permita acesso ao banco de dados, que ser\u00e1 criado e mantido pelo Conselho Nacional de Justi\u00e7a, com pareceres, notas t\u00e9cnicas e julgados na \u00e1rea da sa\u00fade, para consulta pelos magistrados e demais operadores do direito.<\/p>\n<p><span style=\"color: #008000;\"><strong>Especializa\u00e7\u00e3o<\/strong> \u2013<\/span> Os tribunais estaduais e federais, nas comarcas ou se\u00e7\u00f5es judici\u00e1rias onde houver mais de uma vara de fazenda p\u00fablica, promover\u00e3o a especializa\u00e7\u00e3o de uma delas em mat\u00e9ria de sa\u00fade p\u00fablica. O mesmo deve ser seguido nas cortes que contam com mais de uma c\u00e2mara de direito p\u00fablico.<\/p>\n<p><strong>Fonte- CNJ Noticias<\/strong><\/p>\n<p><a href=\"https:\/\/miltonmarchioli.com.br\/blog\/wp-content\/uploads\/martelo-close.jpg\"><img loading=\"lazy\" decoding=\"async\" class=\"aligncenter size-full wp-image-12432\" src=\"https:\/\/miltonmarchioli.com.br\/blog\/wp-content\/uploads\/martelo-close.jpg\" alt=\"martelo close\" width=\"1024\" height=\"768\" srcset=\"https:\/\/miltonmarchioli.com.br\/blog\/wp-content\/uploads\/martelo-close.jpg 1024w, https:\/\/miltonmarchioli.com.br\/blog\/wp-content\/uploads\/martelo-close-300x225.jpg 300w, https:\/\/miltonmarchioli.com.br\/blog\/wp-content\/uploads\/martelo-close-768x576.jpg 768w\" sizes=\"auto, (max-width: 1024px) 100vw, 1024px\" \/><\/a><\/p>\n","protected":false},"excerpt":{"rendered":"<p>Preocupado com a crescente judicializa\u00e7\u00e3o da sa\u00fade, o Conselho Nacional de Justi\u00e7a (CNJ) decidiu oferecer ferramentas para auxiliar o trabalho dos magistrados. Na 18\u00aa Sess\u00e3o Virtual, encerrada no \u00faltimo dia 30, o plen\u00e1rio aprovou, por maioria, resolu\u00e7\u00e3o que disp\u00f5e sobre a cria\u00e7\u00e3o e a manuten\u00e7\u00e3o de comit\u00eas estaduais de sa\u00fade, bem como a especializa\u00e7\u00e3o em &hellip; <a href=\"https:\/\/miltonmarchioli.com.br\/blog\/conselho-nacional-de-justica-aprova-nova-resolucao-para-reduzir-judicializacao-da-saude\/\" class=\"more-link\">Continue lendo <span class=\"screen-reader-text\">Conselho Nacional de Justi\u00e7a aprova nova resolu\u00e7\u00e3o para reduzir judicializa\u00e7\u00e3o da sa\u00fade<\/span> <span class=\"meta-nav\">&rarr;<\/span><\/a><\/p>\n","protected":false},"author":2,"featured_media":0,"comment_status":"open","ping_status":"closed","sticky":false,"template":"","format":"standard","meta":{"rop_custom_images_group":[],"rop_custom_messages_group":[],"rop_publish_now":"initial","rop_publish_now_accounts":[],"rop_publish_now_history":[],"rop_publish_now_status":"pending","footnotes":""},"categories":[13],"tags":[772,1068],"class_list":["post-12430","post","type-post","status-publish","format-standard","hentry","category-opiniao","tag-conselho-nacional-de-justica","tag-judicializacao-da-saude"],"_links":{"self":[{"href":"https:\/\/miltonmarchioli.com.br\/blog\/wp-json\/wp\/v2\/posts\/12430","targetHints":{"allow":["GET"]}}],"collection":[{"href":"https:\/\/miltonmarchioli.com.br\/blog\/wp-json\/wp\/v2\/posts"}],"about":[{"href":"https:\/\/miltonmarchioli.com.br\/blog\/wp-json\/wp\/v2\/types\/post"}],"author":[{"embeddable":true,"href":"https:\/\/miltonmarchioli.com.br\/blog\/wp-json\/wp\/v2\/users\/2"}],"replies":[{"embeddable":true,"href":"https:\/\/miltonmarchioli.com.br\/blog\/wp-json\/wp\/v2\/comments?post=12430"}],"version-history":[{"count":2,"href":"https:\/\/miltonmarchioli.com.br\/blog\/wp-json\/wp\/v2\/posts\/12430\/revisions"}],"predecessor-version":[{"id":12434,"href":"https:\/\/miltonmarchioli.com.br\/blog\/wp-json\/wp\/v2\/posts\/12430\/revisions\/12434"}],"wp:attachment":[{"href":"https:\/\/miltonmarchioli.com.br\/blog\/wp-json\/wp\/v2\/media?parent=12430"}],"wp:term":[{"taxonomy":"category","embeddable":true,"href":"https:\/\/miltonmarchioli.com.br\/blog\/wp-json\/wp\/v2\/categories?post=12430"},{"taxonomy":"post_tag","embeddable":true,"href":"https:\/\/miltonmarchioli.com.br\/blog\/wp-json\/wp\/v2\/tags?post=12430"}],"curies":[{"name":"wp","href":"https:\/\/api.w.org\/{rel}","templated":true}]}}