{"id":12480,"date":"2016-11-01T20:33:23","date_gmt":"2016-11-01T22:33:23","guid":{"rendered":"http:\/\/miltonmarchioli.com.br\/blog\/?p=12480"},"modified":"2016-11-01T20:42:00","modified_gmt":"2016-11-01T22:42:00","slug":"a-justica-federal-declarou-a-legalidade-da-resolucao-do-cfm-que-disciplina-responsabilidades-dos-medicos-e-laboratorios-de-patologia","status":"publish","type":"post","link":"https:\/\/miltonmarchioli.com.br\/blog\/a-justica-federal-declarou-a-legalidade-da-resolucao-do-cfm-que-disciplina-responsabilidades-dos-medicos-e-laboratorios-de-patologia\/","title":{"rendered":"A Justica Federal declarou a legalidade da Resolu\u00e7\u00e3o do CFM que disciplina responsabilidades dos m\u00e9dicos e laborat\u00f3rios de Patologia"},"content":{"rendered":"<p><a href=\"https:\/\/miltonmarchioli.com.br\/blog\/wp-content\/uploads\/justi\u00e7a-federal.jpg\"><img loading=\"lazy\" decoding=\"async\" class=\"alignleft size-medium wp-image-12481\" src=\"https:\/\/miltonmarchioli.com.br\/blog\/wp-content\/uploads\/justi\u00e7a-federal-300x225.jpg\" alt=\"justica-federal\" width=\"300\" height=\"225\" srcset=\"https:\/\/miltonmarchioli.com.br\/blog\/wp-content\/uploads\/justi\u00e7a-federal-300x225.jpg 300w, https:\/\/miltonmarchioli.com.br\/blog\/wp-content\/uploads\/justi\u00e7a-federal-768x577.jpg 768w, https:\/\/miltonmarchioli.com.br\/blog\/wp-content\/uploads\/justi\u00e7a-federal.jpg 991w\" sizes=\"auto, (max-width: 300px) 100vw, 300px\" \/><\/a>Uma nova decis\u00e3o da Justi\u00e7a Federal, publicada no dia 28 de outubro refor\u00e7ou o entendimento de que cabe ao m\u00e9dico, exclusivamente, o diagn\u00f3stico e a prescri\u00e7\u00e3o de tratamentos de doen\u00e7as.<\/p>\n<p>A\u00a0 <strong><a href=\"http:\/\/portal.cfm.org.br\/images\/stories\/pdf\/setena%20cfbio%20x%20cfm%20citolopatologia.pdf\">senten\u00e7a<\/a><\/strong> contrariou interesses de biom\u00e9dicos em favor de posi\u00e7\u00f5es defendidas pelas entidades m\u00e9dicas brasileiras.<\/p>\n<p>A senten\u00e7a proferida pelo juiz Renato Borelli, da 20\u00aa Vara Federal do Distrito Federal, impede os profissionais da biomedicina de elaborar laudo com diagn\u00f3stico m\u00e9dico em exames citopatol\u00f3gicos positivos.<\/p>\n<p>Assim, o pleito do Conselho de Federal da categoria (CFBM) junto ao Judici\u00e1rio foi rejeitado pelo magistrado diante dos argumentos apresentados pelo Conselho Federal de Medicina (CFM).<\/p>\n<p>Em consequ\u00eancia, com base neste entendimento, os m\u00e9dicos brasileiros t\u00eam assegurado o direito de recusar laudos citopatol\u00f3gicos subscritos pelos biom\u00e9dicos.<\/p>\n<p>Para tanto, o juiz Renato Borelli declarou legalidade da <a href=\"https:\/\/sistemas.cfm.org.br\/normas\/arquivos\/resolucoes\/BR\/2014\/2074_2014.pdf\">Resolu\u00e7\u00e3o CFM n\u00ba 2.074\/2014<\/a>.<\/p>\n<p>A regra determina a obrigatoriedade da assinatura e identifica\u00e7\u00e3o de m\u00e9dicos em laudos anatomopatol\u00f3gicos, e impede os m\u00e9dicos solicitantes de procedimentos diagn\u00f3sticos de aceitarem laudos anatomo-patol\u00f3gicos assinados por biom\u00e9dicos e, ainda, os pro\u00edbe de \u201cadotar condutas terap\u00eauticas baseadas em laudos citopatol\u00f3gicos emitidos por outros profissionais, que n\u00e3o por m\u00e9dicos citopatologistas\u201d.<\/p>\n<p>De acordo com o juiz Renato Borelli, os ditames da <a href=\"https:\/\/sistemas.cfm.org.br\/normas\/arquivos\/resolucoes\/BR\/2014\/2074_2014.pdf\">Resolu\u00e7\u00e3o CFM n\u00ba 2.074\/2014<\/a> est\u00e3o plenamente amparados no inciso VII, do artigo 4\u00ba, da <a href=\"http:\/\/www.planalto.gov.br\/ccivil_03\/_Ato2011-2014\/2013\/Lei\/L12842.htm\">Lei n\u00b0 12.842\/2013<\/a>, que disp\u00f5e sobre o exerc\u00edcio da Medicina.<\/p>\n<p>O texto legal define como atividade privativa do m\u00e9dico a \u201cemiss\u00e3o de laudo dos exames endosc\u00f3picos e de imagem, dos procedimentos diagn\u00f3sticos invasivos e dos exames anatomo-patol\u00f3gicos\u201d.<\/p>\n<p>Em sua an\u00e1lise, o magistrado afirma tamb\u00e9m a legisla\u00e7\u00e3o que rege a profiss\u00e3o de biom\u00e9dico prev\u00ea que sua atua\u00e7\u00e3o deve se dar no \u00e2mbito de uma equipe de sa\u00fade, em n\u00edvel tecnol\u00f3gico e em atividades complementares. \u201cObservo que a atua\u00e7\u00e3o do biom\u00e9dico na elabora\u00e7\u00e3o de diagn\u00f3sticos se restringe apenas ao campo da assessoria t\u00e9cnica e n\u00e3o conclusiva\/finalista. O que n\u00e3o lhes assegura o direito de subscreverem unilateralmente laudos citopatol\u00f3gicos ou anatomopatol\u00f3gicos\u201d.<\/p>\n<p>Para o magistrado, o escopo legal em vigor disciplina a pr\u00e1tica m\u00e9dica &#8211;<a href=\"http:\/\/www.planalto.gov.br\/ccivil_03\/_Ato2011-2014\/2013\/Lei\/L12842.htm\"> Lei 12.842\/201<\/a>3-, em benef\u00edcio da sociedade, ao determinar que o profissional m\u00e9dico somente estabele\u00e7a tratamento terap\u00eautico caso receba um diagn\u00f3stico elaborado por outro profissional m\u00e9dico.<\/p>\n<p><a href=\"https:\/\/miltonmarchioli.com.br\/blog\/wp-content\/uploads\/a\u00e7\u00f5es-na-justi\u00e7a-2.jpg\"><img loading=\"lazy\" decoding=\"async\" class=\"size-full wp-image-12482\" src=\"https:\/\/miltonmarchioli.com.br\/blog\/wp-content\/uploads\/a\u00e7\u00f5es-na-justi\u00e7a-2.jpg\" alt=\"Judges desk in court room\" width=\"510\" height=\"335\" srcset=\"https:\/\/miltonmarchioli.com.br\/blog\/wp-content\/uploads\/a\u00e7\u00f5es-na-justi\u00e7a-2.jpg 510w, https:\/\/miltonmarchioli.com.br\/blog\/wp-content\/uploads\/a\u00e7\u00f5es-na-justi\u00e7a-2-300x197.jpg 300w\" sizes=\"auto, (max-width: 510px) 100vw, 510px\" \/><\/a><\/p>\n","protected":false},"excerpt":{"rendered":"<p>Uma nova decis\u00e3o da Justi\u00e7a Federal, publicada no dia 28 de outubro refor\u00e7ou o entendimento de que cabe ao m\u00e9dico, exclusivamente, o diagn\u00f3stico e a prescri\u00e7\u00e3o de tratamentos de doen\u00e7as. A\u00a0 senten\u00e7a contrariou interesses de biom\u00e9dicos em favor de posi\u00e7\u00f5es defendidas pelas entidades m\u00e9dicas brasileiras. A senten\u00e7a proferida pelo juiz Renato Borelli, da 20\u00aa Vara &hellip; <a href=\"https:\/\/miltonmarchioli.com.br\/blog\/a-justica-federal-declarou-a-legalidade-da-resolucao-do-cfm-que-disciplina-responsabilidades-dos-medicos-e-laboratorios-de-patologia\/\" class=\"more-link\">Continue lendo <span class=\"screen-reader-text\">A Justica Federal declarou a legalidade da Resolu\u00e7\u00e3o do CFM que disciplina responsabilidades dos m\u00e9dicos e laborat\u00f3rios de Patologia<\/span> <span class=\"meta-nav\">&rarr;<\/span><\/a><\/p>\n","protected":false},"author":2,"featured_media":0,"comment_status":"open","ping_status":"closed","sticky":false,"template":"","format":"standard","meta":{"rop_custom_images_group":[],"rop_custom_messages_group":[],"rop_publish_now":"initial","rop_publish_now_accounts":[],"rop_publish_now_history":[],"rop_publish_now_status":"pending","footnotes":""},"categories":[1075,9,430],"tags":[1080],"class_list":["post-12480","post","type-post","status-publish","format-standard","hentry","category-medicina","category-saude-publica","category-saude-suplementar","tag-resolucao-2074-conselho-federal-de-medicina"],"_links":{"self":[{"href":"https:\/\/miltonmarchioli.com.br\/blog\/wp-json\/wp\/v2\/posts\/12480","targetHints":{"allow":["GET"]}}],"collection":[{"href":"https:\/\/miltonmarchioli.com.br\/blog\/wp-json\/wp\/v2\/posts"}],"about":[{"href":"https:\/\/miltonmarchioli.com.br\/blog\/wp-json\/wp\/v2\/types\/post"}],"author":[{"embeddable":true,"href":"https:\/\/miltonmarchioli.com.br\/blog\/wp-json\/wp\/v2\/users\/2"}],"replies":[{"embeddable":true,"href":"https:\/\/miltonmarchioli.com.br\/blog\/wp-json\/wp\/v2\/comments?post=12480"}],"version-history":[{"count":4,"href":"https:\/\/miltonmarchioli.com.br\/blog\/wp-json\/wp\/v2\/posts\/12480\/revisions"}],"predecessor-version":[{"id":12486,"href":"https:\/\/miltonmarchioli.com.br\/blog\/wp-json\/wp\/v2\/posts\/12480\/revisions\/12486"}],"wp:attachment":[{"href":"https:\/\/miltonmarchioli.com.br\/blog\/wp-json\/wp\/v2\/media?parent=12480"}],"wp:term":[{"taxonomy":"category","embeddable":true,"href":"https:\/\/miltonmarchioli.com.br\/blog\/wp-json\/wp\/v2\/categories?post=12480"},{"taxonomy":"post_tag","embeddable":true,"href":"https:\/\/miltonmarchioli.com.br\/blog\/wp-json\/wp\/v2\/tags?post=12480"}],"curies":[{"name":"wp","href":"https:\/\/api.w.org\/{rel}","templated":true}]}}