{"id":12487,"date":"2016-11-02T22:07:04","date_gmt":"2016-11-03T00:07:04","guid":{"rendered":"http:\/\/miltonmarchioli.com.br\/blog\/?p=12487"},"modified":"2016-11-02T22:14:46","modified_gmt":"2016-11-03T00:14:46","slug":"resolucao-cfm-no-2147-de-17062016-estabelece-normas-sobre-a-responsabilidade-atribuicoes-e-direitos-de-diretores-tecnicos-diretores-clinicos-e-chefias-de-servico-em-ambientes-medicos","status":"publish","type":"post","link":"https:\/\/miltonmarchioli.com.br\/blog\/resolucao-cfm-no-2147-de-17062016-estabelece-normas-sobre-a-responsabilidade-atribuicoes-e-direitos-de-diretores-tecnicos-diretores-clinicos-e-chefias-de-servico-em-ambientes-medicos\/","title":{"rendered":"Resolu\u00e7\u00e3o CFM N\u00ba 2147 DE 17\/06\/2016 Estabelece normas sobre a responsabilidade, atribui\u00e7\u00f5es e direitos de diretores t\u00e9cnicos, diretores cl\u00ednicos e chefias de servi\u00e7o em ambientes m\u00e9dicos"},"content":{"rendered":"<p><a href=\"https:\/\/miltonmarchioli.com.br\/blog\/wp-content\/uploads\/solu\u00e7\u00e3o-de-problemas.jpg\"><img loading=\"lazy\" decoding=\"async\" class=\"alignleft wp-image-12490\" src=\"https:\/\/miltonmarchioli.com.br\/blog\/wp-content\/uploads\/solu\u00e7\u00e3o-de-problemas.jpg\" alt=\"solucao-de-problemas\" width=\"246\" height=\"246\" srcset=\"https:\/\/miltonmarchioli.com.br\/blog\/wp-content\/uploads\/solu\u00e7\u00e3o-de-problemas.jpg 250w, https:\/\/miltonmarchioli.com.br\/blog\/wp-content\/uploads\/solu\u00e7\u00e3o-de-problemas-150x150.jpg 150w\" sizes=\"auto, (max-width: 246px) 100vw, 246px\" \/><\/a>Foi publicada no Di\u00e1rio Oficial da Uni\u00e3o\u00a0 no 27.10.2016, a <a href=\"https:\/\/www.legisweb.com.br\/legislacao\/?id=330399\">Resolu\u00e7\u00e3o do Conselho Federal de Medicina &#8211; CFM n\u00ba 2.147<\/a>, de 17 de junho de 2016, a qual estabelece normas sobre a responsabilidade,\u00a0atribui\u00e7\u00f5es e direitos de diretores t\u00e9cnicos,\u00a0diretores cl\u00ednicos e chefias de servi\u00e7o\u00a0em ambientes m\u00e9dicos.<\/p>\n<p>A Resolu\u00e7\u00e3o 2147\/2016 destaca que a presta\u00e7\u00e3o de assist\u00eancia m\u00e9dica e a garantia das condi\u00e7\u00f5es t\u00e9cnicas de atendimento nas institui\u00e7\u00f5es p\u00fablicas ou privadas s\u00e3o de responsabilidade do diretor t\u00e9cnico e do diretor cl\u00ednico, os quais, no \u00e2mbito de suas respectivas atribui\u00e7\u00f5es, responder\u00e3o perante o Conselho Regional de Medicina (CRM).<\/p>\n<p>A regra vale para estabelecimentos de hospitaliza\u00e7\u00e3o ou de assist\u00eancia m\u00e9dica p\u00fablica ou privada em qualquer ponto do territ\u00f3rio nacional.<\/p>\n<h5><span style=\"color: #339966;\">Responsabilidade Diretor T\u00e9cnico<\/span><\/h5>\n<p>O diretor t\u00e9cnico \u00e9 o m\u00e9dico que responde eticamente por todas as informa\u00e7\u00f5es prestadas perante os conselhos de medicina (federal ou regionais), podendo, inclusive, ser responsabilizado ou penalizado em caso de den\u00fancias comprovadas perante o Minist\u00e9rio P\u00fablico.<\/p>\n<p>Pela nova regra em vigor, fica estabelecido que os profissionais que forem investidos desse cargo devem organizar a escala de plantonistas, zelando para que n\u00e3o haja lacunas durante as 24 horas de funcionamento da institui\u00e7\u00e3o.<\/p>\n<p>Em qualquer aus\u00eancia de plantonistas, cabe a esse gestor tomar provid\u00eancias para solucionar.<\/p>\n<h5><span style=\"color: #339966;\">Responsabilidade Diretor\u00a0 Cl\u00ednico<br \/>\n<\/span><\/h5>\n<p>A Resolu\u00e7\u00e3o 2147\/2016 tamb\u00e9m lista as atribui\u00e7\u00f5es do diretor cl\u00ednico, entre as quais est\u00e1 dirigir e coordenar o corpo cl\u00ednico da institui\u00e7\u00e3o, supervisionar a execu\u00e7\u00e3o das atividades de assist\u00eancia m\u00e9dica e zelar pelo cumprimento do regimento interno.<\/p>\n<p>Entre suas atribui\u00e7\u00f5es est\u00e3o as de zelar pelo cumprimento das disposi\u00e7\u00f5es legais e regulamentares, assegurar condi\u00e7\u00f5es dignas de trabalho e os meios indispens\u00e1veis \u00e0 pr\u00e1tica m\u00e9dica, e garantir o pleno e aut\u00f4nomo funcionamento das comiss\u00f5es de \u00e9tica m\u00e9dica.<\/p>\n<p>A Resolu\u00e7\u00e3o 2147\/2016 do CFM preenche tamb\u00e9m a lacuna sobre as responsabilidades de empresas ou institui\u00e7\u00f5es de intermedia\u00e7\u00e3o da presta\u00e7\u00e3o de servi\u00e7os m\u00e9dicos, como seguradoras de sa\u00fade, planos de sa\u00fade, cooperativas m\u00e9dicas e institui\u00e7\u00f5es de autogest\u00e3o.<\/p>\n<p><a href=\"https:\/\/miltonmarchioli.com.br\/blog\/wp-content\/uploads\/resolu\u00e7\u00e3o-de-conflitos.jpg\"><img loading=\"lazy\" decoding=\"async\" class=\"aligncenter size-full wp-image-12488\" src=\"https:\/\/miltonmarchioli.com.br\/blog\/wp-content\/uploads\/resolu\u00e7\u00e3o-de-conflitos.jpg\" alt=\"resolucao-de-conflitos\" width=\"684\" height=\"453\" srcset=\"https:\/\/miltonmarchioli.com.br\/blog\/wp-content\/uploads\/resolu\u00e7\u00e3o-de-conflitos.jpg 684w, https:\/\/miltonmarchioli.com.br\/blog\/wp-content\/uploads\/resolu\u00e7\u00e3o-de-conflitos-300x199.jpg 300w\" sizes=\"auto, (max-width: 684px) 100vw, 684px\" \/><\/a><\/p>\n","protected":false},"excerpt":{"rendered":"<p>Foi publicada no Di\u00e1rio Oficial da Uni\u00e3o\u00a0 no 27.10.2016, a Resolu\u00e7\u00e3o do Conselho Federal de Medicina &#8211; CFM n\u00ba 2.147, de 17 de junho de 2016, a qual estabelece normas sobre a responsabilidade,\u00a0atribui\u00e7\u00f5es e direitos de diretores t\u00e9cnicos,\u00a0diretores cl\u00ednicos e chefias de servi\u00e7o\u00a0em ambientes m\u00e9dicos. A Resolu\u00e7\u00e3o 2147\/2016 destaca que a presta\u00e7\u00e3o de assist\u00eancia m\u00e9dica &hellip; <a href=\"https:\/\/miltonmarchioli.com.br\/blog\/resolucao-cfm-no-2147-de-17062016-estabelece-normas-sobre-a-responsabilidade-atribuicoes-e-direitos-de-diretores-tecnicos-diretores-clinicos-e-chefias-de-servico-em-ambientes-medicos\/\" class=\"more-link\">Continue lendo <span class=\"screen-reader-text\">Resolu\u00e7\u00e3o CFM N\u00ba 2147 DE 17\/06\/2016 Estabelece normas sobre a responsabilidade, atribui\u00e7\u00f5es e direitos de diretores t\u00e9cnicos, diretores cl\u00ednicos e chefias de servi\u00e7o em ambientes m\u00e9dicos<\/span> <span class=\"meta-nav\">&rarr;<\/span><\/a><\/p>\n","protected":false},"author":2,"featured_media":0,"comment_status":"open","ping_status":"closed","sticky":false,"template":"","format":"standard","meta":{"rop_custom_images_group":[],"rop_custom_messages_group":[],"rop_publish_now":"initial","rop_publish_now_accounts":[],"rop_publish_now_history":[],"rop_publish_now_status":"pending","footnotes":""},"categories":[18,8,332,9,430],"tags":[1082],"class_list":["post-12487","post","type-post","status-publish","format-standard","hentry","category-direito","category-direito-e-saude","category-educacao","category-saude-publica","category-saude-suplementar","tag-resolucao-21472016-do-conselho-federal-de-medicina"],"_links":{"self":[{"href":"https:\/\/miltonmarchioli.com.br\/blog\/wp-json\/wp\/v2\/posts\/12487","targetHints":{"allow":["GET"]}}],"collection":[{"href":"https:\/\/miltonmarchioli.com.br\/blog\/wp-json\/wp\/v2\/posts"}],"about":[{"href":"https:\/\/miltonmarchioli.com.br\/blog\/wp-json\/wp\/v2\/types\/post"}],"author":[{"embeddable":true,"href":"https:\/\/miltonmarchioli.com.br\/blog\/wp-json\/wp\/v2\/users\/2"}],"replies":[{"embeddable":true,"href":"https:\/\/miltonmarchioli.com.br\/blog\/wp-json\/wp\/v2\/comments?post=12487"}],"version-history":[{"count":4,"href":"https:\/\/miltonmarchioli.com.br\/blog\/wp-json\/wp\/v2\/posts\/12487\/revisions"}],"predecessor-version":[{"id":12493,"href":"https:\/\/miltonmarchioli.com.br\/blog\/wp-json\/wp\/v2\/posts\/12487\/revisions\/12493"}],"wp:attachment":[{"href":"https:\/\/miltonmarchioli.com.br\/blog\/wp-json\/wp\/v2\/media?parent=12487"}],"wp:term":[{"taxonomy":"category","embeddable":true,"href":"https:\/\/miltonmarchioli.com.br\/blog\/wp-json\/wp\/v2\/categories?post=12487"},{"taxonomy":"post_tag","embeddable":true,"href":"https:\/\/miltonmarchioli.com.br\/blog\/wp-json\/wp\/v2\/tags?post=12487"}],"curies":[{"name":"wp","href":"https:\/\/api.w.org\/{rel}","templated":true}]}}