{"id":1253,"date":"2011-11-12T22:57:18","date_gmt":"2011-11-12T22:57:18","guid":{"rendered":"http:\/\/miltonmarchioli.com.br\/blog\/?p=1253"},"modified":"2022-01-06T19:48:48","modified_gmt":"2022-01-06T22:48:48","slug":"jose-correa-carlos-palestra-sobre-o-direito-preventivo-no-univem","status":"publish","type":"post","link":"https:\/\/miltonmarchioli.com.br\/blog\/jose-correa-carlos-palestra-sobre-o-direito-preventivo-no-univem\/","title":{"rendered":"Jos\u00e9 Corr\u00eaa Carlos palestra sobre o Direito Preventivo no Univem !"},"content":{"rendered":"<blockquote><p><img loading=\"lazy\" decoding=\"async\" class=\"alignleft wp-image-11921\" src=\"https:\/\/miltonmarchioli.com.br\/blog\/wp-content\/uploads\/dr-jos\u00e9-corr\u00eaa-carlos-300x225.jpg\" alt=\"dr jos\u00e9 corr\u00eaa carlos\" width=\"280\" height=\"210\" srcset=\"https:\/\/miltonmarchioli.com.br\/blog\/wp-content\/uploads\/dr-jos\u00e9-corr\u00eaa-carlos-300x225.jpg 300w, https:\/\/miltonmarchioli.com.br\/blog\/wp-content\/uploads\/dr-jos\u00e9-corr\u00eaa-carlos-768x576.jpg 768w, https:\/\/miltonmarchioli.com.br\/blog\/wp-content\/uploads\/dr-jos\u00e9-corr\u00eaa-carlos-1024x768.jpg 1024w\" sizes=\"auto, (max-width: 280px) 100vw, 280px\" \/><span style=\"color: #000000;\"><em>No \u00faltimo dia\u00a0 09 de novembro\u00a0 aconteceu nas depend\u00eancias da Faculdade de Direito do Univem o fant\u00e1stico semin\u00e1rio sobre Direito Preventivo com a presen\u00e7a do Procurador do Estado de S\u00e3o Paulo\u00a0Doutor Jos\u00e9\u00a0 Corr\u00eaa Carlos\u00a0para os alunos do 2\u00ba ano A &#8211; Curso de Direito do Univem.<\/em><\/span><\/p>\n<p style=\"text-align: left;\"><span style=\"color: #000000;\"><em>Ex-aluno do Univem, formado em 1989,\u00a0 \u00e9 Procurador do Estado desde\u00a0 1989, ou seja, no mesmo ano de sua formatura.<\/em><\/span><\/p>\n<p><span style=\"color: #000000;\"><em>Foi uma \u00f3timo debate sobre o tema &#8211; Direito Preventivo &#8211; com todos os alunos da classe, de forma interativa, e muitas discuss\u00f5es foram debatidas entre o palestrante e os alunos presentes.<\/em><\/span><\/p>\n<p><span style=\"color: #000000;\"><em>Melhor ainda foi rever o grande amigo, competente\u00a0 profissional, e sempre\u00a0em defesa da \u00e9tica profissional no trato das quest\u00f5es do direito.<\/em><\/span><\/p>\n<p><span style=\"color: #000000;\"><em>A sociedade de Mar\u00edlia se orgulha de profissionais\u00a0 com esse curr\u00edculo!<\/em><\/span><\/p>\n<p><span style=\"color: #000000;\"><em>Aprendi muito ao ouvir atentamente a palestra, e quando houve oportunidade, os alunos perguntaram ao\u00a0 palestrante d\u00favidas pontuais.<\/em><\/span><\/p>\n<p><span style=\"color: #000000;\"><em>Sucesso absoluto !<\/em><\/span><\/p>\n<p><span style=\"color: #000000;\"><em><a href=\"https:\/\/miltonmarchioli.com.br\/blog\/wp-content\/uploads\/seminario.jpg\"><img loading=\"lazy\" decoding=\"async\" class=\"alignleft size-full wp-image-10375\" src=\"https:\/\/miltonmarchioli.com.br\/blog\/wp-content\/uploads\/seminario.jpg\" alt=\"seminario\" width=\"653\" height=\"272\" srcset=\"https:\/\/miltonmarchioli.com.br\/blog\/wp-content\/uploads\/seminario.jpg 653w, https:\/\/miltonmarchioli.com.br\/blog\/wp-content\/uploads\/seminario-300x125.jpg 300w\" sizes=\"auto, (max-width: 653px) 100vw, 653px\" \/><\/a><\/em><\/span><\/p><\/blockquote>\n","protected":false},"excerpt":{"rendered":"<p>No \u00faltimo dia\u00a0 09 de novembro\u00a0 aconteceu nas depend\u00eancias da Faculdade de Direito do Univem o fant\u00e1stico semin\u00e1rio sobre Direito Preventivo com a presen\u00e7a do Procurador do Estado de S\u00e3o Paulo\u00a0Doutor Jos\u00e9\u00a0 Corr\u00eaa Carlos\u00a0para os alunos do 2\u00ba ano A &#8211; Curso de Direito do Univem. Ex-aluno do Univem, formado em 1989,\u00a0 \u00e9 Procurador do &hellip; <a href=\"https:\/\/miltonmarchioli.com.br\/blog\/jose-correa-carlos-palestra-sobre-o-direito-preventivo-no-univem\/\" class=\"more-link\">Continue lendo <span class=\"screen-reader-text\">Jos\u00e9 Corr\u00eaa Carlos palestra sobre o Direito Preventivo no Univem !<\/span> <span class=\"meta-nav\">&rarr;<\/span><\/a><\/p>\n","protected":false},"author":2,"featured_media":0,"comment_status":"open","ping_status":"open","sticky":false,"template":"","format":"standard","meta":{"rop_custom_images_group":[],"rop_custom_messages_group":[],"rop_publish_now":"initial","rop_publish_now_accounts":[],"rop_publish_now_history":[],"rop_publish_now_status":"pending","footnotes":""},"categories":[18,332,13],"tags":[105,701,415],"class_list":["post-1253","post","type-post","status-publish","format-standard","hentry","category-direito","category-educacao","category-opiniao","tag-direito-preventivo","tag-jose-correa-carlos-procurado-do-estado-de-sao-paulo","tag-univem"],"_links":{"self":[{"href":"https:\/\/miltonmarchioli.com.br\/blog\/wp-json\/wp\/v2\/posts\/1253","targetHints":{"allow":["GET"]}}],"collection":[{"href":"https:\/\/miltonmarchioli.com.br\/blog\/wp-json\/wp\/v2\/posts"}],"about":[{"href":"https:\/\/miltonmarchioli.com.br\/blog\/wp-json\/wp\/v2\/types\/post"}],"author":[{"embeddable":true,"href":"https:\/\/miltonmarchioli.com.br\/blog\/wp-json\/wp\/v2\/users\/2"}],"replies":[{"embeddable":true,"href":"https:\/\/miltonmarchioli.com.br\/blog\/wp-json\/wp\/v2\/comments?post=1253"}],"version-history":[{"count":19,"href":"https:\/\/miltonmarchioli.com.br\/blog\/wp-json\/wp\/v2\/posts\/1253\/revisions"}],"predecessor-version":[{"id":12821,"href":"https:\/\/miltonmarchioli.com.br\/blog\/wp-json\/wp\/v2\/posts\/1253\/revisions\/12821"}],"wp:attachment":[{"href":"https:\/\/miltonmarchioli.com.br\/blog\/wp-json\/wp\/v2\/media?parent=1253"}],"wp:term":[{"taxonomy":"category","embeddable":true,"href":"https:\/\/miltonmarchioli.com.br\/blog\/wp-json\/wp\/v2\/categories?post=1253"},{"taxonomy":"post_tag","embeddable":true,"href":"https:\/\/miltonmarchioli.com.br\/blog\/wp-json\/wp\/v2\/tags?post=1253"}],"curies":[{"name":"wp","href":"https:\/\/api.w.org\/{rel}","templated":true}]}}