{"id":12977,"date":"2017-04-24T19:38:00","date_gmt":"2017-04-24T22:38:00","guid":{"rendered":"http:\/\/miltonmarchioli.com.br\/blog\/?p=12977"},"modified":"2017-04-24T19:49:13","modified_gmt":"2017-04-24T22:49:13","slug":"resolucao-do-cfm-21472016-define-as-responsabilidades-de-diretores-tecnicos-e-clinicos-em-clinicas-medias-usfubs-upa-e-hospitais","status":"publish","type":"post","link":"https:\/\/miltonmarchioli.com.br\/blog\/resolucao-do-cfm-21472016-define-as-responsabilidades-de-diretores-tecnicos-e-clinicos-em-clinicas-medias-usfubs-upa-e-hospitais\/","title":{"rendered":"Resolu\u00e7\u00e3o do CFM 2147\/2016 define as responsabilidades de diretores t\u00e9cnicos e cl\u00ednicos em cl\u00ednicas m\u00e9dicas, USF,UBS, UPA e hospitais"},"content":{"rendered":"<p><a href=\"https:\/\/miltonmarchioli.com.br\/blog\/wp-content\/uploads\/RESOLU\u00c7\u00c3O-2147-2016.jpg\"><img loading=\"lazy\" decoding=\"async\" class=\"alignleft wp-image-12979\" src=\"https:\/\/miltonmarchioli.com.br\/blog\/wp-content\/uploads\/RESOLU\u00c7\u00c3O-2147-2016-300x197.jpg\" alt=\"RESOLU\u00c7\u00c3O 2147-2016\" width=\"277\" height=\"182\" srcset=\"https:\/\/miltonmarchioli.com.br\/blog\/wp-content\/uploads\/RESOLU\u00c7\u00c3O-2147-2016-300x197.jpg 300w, https:\/\/miltonmarchioli.com.br\/blog\/wp-content\/uploads\/RESOLU\u00c7\u00c3O-2147-2016.jpg 580w\" sizes=\"auto, (max-width: 277px) 100vw, 277px\" \/><\/a>A partir de hoje, dia 24 de abril, a assist\u00eancia m\u00e9dica e a garantia de condi\u00e7\u00f5es t\u00e9cnicas para o atendimento de pacientes nas institui\u00e7\u00f5es p\u00fablicas e privadas, al\u00e9m dos planos de sa\u00fade, ter\u00e3o novos par\u00e2metros para sua atua\u00e7\u00e3o.<\/p>\n<p>A <strong><a href=\"https:\/\/sistemas.cfm.org.br\/normas\/visualizar\/resolucoes\/BR\/2016\/2147\">Resolu\u00e7\u00e3o CFM 2.147\/2016<\/a><\/strong>, do Conselho Federal de Medicina (CFM), torna mais clara as atribui\u00e7\u00f5es, direitos e responsabilidades de diretores t\u00e9cnicos, diretores cl\u00ednicos e chefias de servi\u00e7o em ambientes m\u00e9dicos.<\/p>\n<p>A Resolu\u00e7\u00e3o CFM 2147\/2016 destaca que a presta\u00e7\u00e3o de assist\u00eancia m\u00e9dica e a garantia das condi\u00e7\u00f5es t\u00e9cnicas de atendimento nas institui\u00e7\u00f5es p\u00fablicas ou privadas s\u00e3o de responsabilidade do diretor t\u00e9cnico e do diretor cl\u00ednico, os quais, no \u00e2mbito de suas respectivas atribui\u00e7\u00f5es, responder\u00e3o perante o Conselho Regional de Medicina (CRM).<\/p>\n<p><strong>Responsabilidades C\u00edveis e Criminais<\/strong><\/p>\n<p>O diretor t\u00e9cnico \u00e9 o m\u00e9dico que responde eticamente por todas as informa\u00e7\u00f5es prestadas perante os conselhos de medicina (federal ou regionais), podendo, inclusive, ser responsabilizado ou penalizado em caso de den\u00fancias comprovadas. Fica estabelecido, ainda, que os profissionais que forem investidos desse cargo devem organizar a escala de plantonistas, zelando para que n\u00e3o existam lacunas durante o per\u00edodo de funcionamento.<\/p>\n<p>O\u00a0 diretor cl\u00ednico deve dirigir e coordenar o corpo cl\u00ednico da institui\u00e7\u00e3o, supervisionar a execu\u00e7\u00e3o das atividades de assist\u00eancia m\u00e9dica e zelar pelo cumprimento do regimento interno.<\/p>\n<p>Entre suas atribui\u00e7\u00f5es tamb\u00e9m est\u00e3o assegurar condi\u00e7\u00f5es dignas de trabalho e os meios indispens\u00e1veis \u00e0 pr\u00e1tica m\u00e9dica, bem como garantir o pleno e aut\u00f4nomo funcionamento das Comiss\u00f5es de \u00c9tica M\u00e9dica.<\/p>\n<p>A Resolu\u00e7\u00e3o CFM 2.147\/2016 esclarece a obrigatoriedade de empresas ou institui\u00e7\u00f5es de intermedia\u00e7\u00e3o da presta\u00e7\u00e3o de servi\u00e7os m\u00e9dicos, como seguradoras de sa\u00fade, planos de sa\u00fade, cooperativas m\u00e9dicas e institui\u00e7\u00f5es de autogest\u00e3o, de contarem com esses profissionais como diretores t\u00e9cnicos.<\/p>\n<p>Investido nessa fun\u00e7\u00e3o junto aos planos e seguradoras de sa\u00fade, cabe ao m\u00e9dico zelar para que, na ocorr\u00eancia de glosas das faturas apresentadas, seja descrito o que foi glosado, e fundamentando por qual motivo a mesma ocorreu.<\/p>\n<p>Enfim&#8230;<\/p>\n<p>Se voc\u00ea almeja ser Diretor Cl\u00ednico e ou Diretor T\u00e9cnico ser\u00e1 necess\u00e1rio conhecer Direito Administrativo, Bio\u00e9tica, Direito Civil e Penal.<\/p>\n<p>Acabou o amadorismo na institui\u00e7\u00f5es p\u00fablicas e ou privadas.<\/p>\n<p>Mais compet\u00eancia administrativa, e menos atos emocionais administrativos eivados de v\u00edcios\u00a0 jur\u00eddicos!<\/p>\n<p><a href=\"https:\/\/miltonmarchioli.com.br\/blog\/wp-content\/uploads\/etica-palavras.png\"><img loading=\"lazy\" decoding=\"async\" class=\"aligncenter size-full wp-image-12978\" src=\"https:\/\/miltonmarchioli.com.br\/blog\/wp-content\/uploads\/etica-palavras.png\" alt=\"etica - palavras\" width=\"773\" height=\"493\" srcset=\"https:\/\/miltonmarchioli.com.br\/blog\/wp-content\/uploads\/etica-palavras.png 773w, https:\/\/miltonmarchioli.com.br\/blog\/wp-content\/uploads\/etica-palavras-300x191.png 300w, https:\/\/miltonmarchioli.com.br\/blog\/wp-content\/uploads\/etica-palavras-768x490.png 768w\" sizes=\"auto, (max-width: 773px) 100vw, 773px\" \/><\/a><\/p>\n","protected":false},"excerpt":{"rendered":"<p>A partir de hoje, dia 24 de abril, a assist\u00eancia m\u00e9dica e a garantia de condi\u00e7\u00f5es t\u00e9cnicas para o atendimento de pacientes nas institui\u00e7\u00f5es p\u00fablicas e privadas, al\u00e9m dos planos de sa\u00fade, ter\u00e3o novos par\u00e2metros para sua atua\u00e7\u00e3o. A Resolu\u00e7\u00e3o CFM 2.147\/2016, do Conselho Federal de Medicina (CFM), torna mais clara as atribui\u00e7\u00f5es, direitos e &hellip; <a href=\"https:\/\/miltonmarchioli.com.br\/blog\/resolucao-do-cfm-21472016-define-as-responsabilidades-de-diretores-tecnicos-e-clinicos-em-clinicas-medias-usfubs-upa-e-hospitais\/\" class=\"more-link\">Continue lendo <span class=\"screen-reader-text\">Resolu\u00e7\u00e3o do CFM 2147\/2016 define as responsabilidades de diretores t\u00e9cnicos e cl\u00ednicos em cl\u00ednicas m\u00e9dicas, USF,UBS, UPA e hospitais<\/span> <span class=\"meta-nav\">&rarr;<\/span><\/a><\/p>\n","protected":false},"author":2,"featured_media":0,"comment_status":"open","ping_status":"closed","sticky":false,"template":"","format":"standard","meta":{"rop_custom_images_group":[],"rop_custom_messages_group":[],"rop_publish_now":"initial","rop_publish_now_accounts":[],"rop_publish_now_history":[],"rop_publish_now_status":"pending","footnotes":""},"categories":[8,1075,13,9],"tags":[1119,1120,1121],"class_list":["post-12977","post","type-post","status-publish","format-standard","hentry","category-direito-e-saude","category-medicina","category-opiniao","category-saude-publica","tag-resolucao-21472016","tag-responsabilidade-de-direito-tecnico","tag-responsabilidade-de-diretor-clinico"],"_links":{"self":[{"href":"https:\/\/miltonmarchioli.com.br\/blog\/wp-json\/wp\/v2\/posts\/12977","targetHints":{"allow":["GET"]}}],"collection":[{"href":"https:\/\/miltonmarchioli.com.br\/blog\/wp-json\/wp\/v2\/posts"}],"about":[{"href":"https:\/\/miltonmarchioli.com.br\/blog\/wp-json\/wp\/v2\/types\/post"}],"author":[{"embeddable":true,"href":"https:\/\/miltonmarchioli.com.br\/blog\/wp-json\/wp\/v2\/users\/2"}],"replies":[{"embeddable":true,"href":"https:\/\/miltonmarchioli.com.br\/blog\/wp-json\/wp\/v2\/comments?post=12977"}],"version-history":[{"count":5,"href":"https:\/\/miltonmarchioli.com.br\/blog\/wp-json\/wp\/v2\/posts\/12977\/revisions"}],"predecessor-version":[{"id":12984,"href":"https:\/\/miltonmarchioli.com.br\/blog\/wp-json\/wp\/v2\/posts\/12977\/revisions\/12984"}],"wp:attachment":[{"href":"https:\/\/miltonmarchioli.com.br\/blog\/wp-json\/wp\/v2\/media?parent=12977"}],"wp:term":[{"taxonomy":"category","embeddable":true,"href":"https:\/\/miltonmarchioli.com.br\/blog\/wp-json\/wp\/v2\/categories?post=12977"},{"taxonomy":"post_tag","embeddable":true,"href":"https:\/\/miltonmarchioli.com.br\/blog\/wp-json\/wp\/v2\/tags?post=12977"}],"curies":[{"name":"wp","href":"https:\/\/api.w.org\/{rel}","templated":true}]}}