{"id":13009,"date":"2017-05-22T09:31:18","date_gmt":"2017-05-22T12:31:18","guid":{"rendered":"http:\/\/miltonmarchioli.com.br\/blog\/?p=13009"},"modified":"2017-05-26T10:00:38","modified_gmt":"2017-05-26T13:00:38","slug":"eladio-pessoa","status":"publish","type":"post","link":"https:\/\/miltonmarchioli.com.br\/blog\/eladio-pessoa\/","title":{"rendered":"El\u00e1dio Pessoa de Andrade. Um legado inesquec\u00edvel na Famema !"},"content":{"rendered":"<p><a href=\"https:\/\/miltonmarchioli.com.br\/blog\/wp-content\/uploads\/ELADIO-PESSOA-2.jpg\"><img loading=\"lazy\" decoding=\"async\" class=\"alignleft size-medium wp-image-13011\" src=\"https:\/\/miltonmarchioli.com.br\/blog\/wp-content\/uploads\/ELADIO-PESSOA-2-186x300.jpg\" alt=\"ELADIO PESSOA 2\" width=\"186\" height=\"300\" srcset=\"https:\/\/miltonmarchioli.com.br\/blog\/wp-content\/uploads\/ELADIO-PESSOA-2-186x300.jpg 186w, https:\/\/miltonmarchioli.com.br\/blog\/wp-content\/uploads\/ELADIO-PESSOA-2-768x1238.jpg 768w, https:\/\/miltonmarchioli.com.br\/blog\/wp-content\/uploads\/ELADIO-PESSOA-2-635x1024.jpg 635w, https:\/\/miltonmarchioli.com.br\/blog\/wp-content\/uploads\/ELADIO-PESSOA-2.jpg 1024w\" sizes=\"auto, (max-width: 186px) 100vw, 186px\" \/><\/a>Faleceu no dia 22 de maio do presente ano o professor\u00a0 El\u00e1dio Pessoa de Andrade, 86, professor em\u00e9rito na Famema, na disciplina de anatomia.<\/p>\n<p>Nascido em Massap\u00ea, no Cear\u00e1, em outubro de 1930, e formado na Universidade Federal do Cear\u00e1, El\u00e1dio Pessoa chegou a Mar\u00edlia em 1968 para atuar como professor da Famema.<\/p>\n<p>Permaneceu na institui\u00e7\u00e3o at\u00e9 1993, na qual se aposentou.<\/p>\n<p>Ainda como docente na Famema, El\u00e1dio concluiu doutorado em Anatomia pela Escola Paulista de Medicina da Unifesp (Universidade Federal de S\u00e3o Paulo), e era livre-docente pela Universidade Federal do Cear\u00e1.<\/p>\n<p>Foi diretor do Curso de Enfermagem em sua implanta\u00e7\u00e3o em 1981.<\/p>\n<p>Em Mar\u00edlia foi tamb\u00e9m professor da Unimar nas faculdades de\u00a0 Psicologia, Educa\u00e7\u00e3o F\u00edsica e Odontologia.<\/p>\n<p>Tivemos a honra de ser monitor na disciplina de anatomia no ano de 1986.<\/p>\n<p>Os meus sinceros p\u00easames<\/p>\n<p><a href=\"https:\/\/miltonmarchioli.com.br\/blog\/wp-content\/uploads\/ELADIO-PESSOA.jpg\"><img loading=\"lazy\" decoding=\"async\" class=\"aligncenter size-full wp-image-13010\" src=\"https:\/\/miltonmarchioli.com.br\/blog\/wp-content\/uploads\/ELADIO-PESSOA.jpg\" alt=\"ELADIO PESSOA\" width=\"800\" height=\"449\" srcset=\"https:\/\/miltonmarchioli.com.br\/blog\/wp-content\/uploads\/ELADIO-PESSOA.jpg 800w, https:\/\/miltonmarchioli.com.br\/blog\/wp-content\/uploads\/ELADIO-PESSOA-300x168.jpg 300w, https:\/\/miltonmarchioli.com.br\/blog\/wp-content\/uploads\/ELADIO-PESSOA-768x431.jpg 768w\" sizes=\"auto, (max-width: 800px) 100vw, 800px\" \/><\/a><em>El\u00e1dio Pessoa (quinta da esquerda para direita) durante implanta\u00e7\u00e3o da faculdade de enfermagem da Famema, em 1981<\/em><\/p>\n<blockquote>\n<p class=\"frase\"><strong>Os nossos mais sinceros p\u00easames para voc\u00ea e sua fam\u00edlia neste dif\u00edcil momento. Na m\u00e3o de Deus, na sua m\u00e3o direita, Descansou afinal meu cora\u00e7\u00e3o. Do pal\u00e1cio encantado da Ilus\u00e3o Desci a passo e passo a escada estreita. Como as flores mortais, com que se enfeita A ignor\u00e2ncia infantil, despojo v\u00e3o, Depois do Ideal e da Paix\u00e3o A forma transit\u00f3ria e imperfeita. Como crian\u00e7a, em l\u00f4brega jornada, Que a m\u00e3e leva ao colo agasalhada E atravessa, sorrindo vagamente, Selvas, mares, areias do deserto&#8230; Dorme o teu sono, cora\u00e7\u00e3o liberto, Dorme na m\u00e3o de Deus eternamente!<\/strong><\/p>\n<p class=\"frase\" style=\"text-align: center;\"><strong>Antero de Quental<\/strong><\/p>\n<p>&nbsp;<\/p><\/blockquote>\n<div id=\"websigner_softplan_com_br\" class=\"websigner_softplan_com_br\" style=\"display: none;\"><\/div>\n<div id=\"websigner_softplan_com_br\" class=\"websigner_softplan_com_br\" style=\"display: none;\"><\/div>\n<div id=\"websigner_softplan_com_br\" class=\"websigner_softplan_com_br\" style=\"display: none;\"><\/div>\n","protected":false},"excerpt":{"rendered":"<p>Faleceu no dia 22 de maio do presente ano o professor\u00a0 El\u00e1dio Pessoa de Andrade, 86, professor em\u00e9rito na Famema, na disciplina de anatomia. Nascido em Massap\u00ea, no Cear\u00e1, em outubro de 1930, e formado na Universidade Federal do Cear\u00e1, El\u00e1dio Pessoa chegou a Mar\u00edlia em 1968 para atuar como professor da Famema. Permaneceu na &hellip; <a href=\"https:\/\/miltonmarchioli.com.br\/blog\/eladio-pessoa\/\" class=\"more-link\">Continue lendo <span class=\"screen-reader-text\">El\u00e1dio Pessoa de Andrade. Um legado inesquec\u00edvel na Famema !<\/span> <span class=\"meta-nav\">&rarr;<\/span><\/a><\/p>\n","protected":false},"author":2,"featured_media":0,"comment_status":"open","ping_status":"closed","sticky":false,"template":"","format":"standard","meta":{"rop_custom_images_group":[],"rop_custom_messages_group":[],"rop_publish_now":"initial","rop_publish_now_accounts":[],"rop_publish_now_history":[],"rop_publish_now_status":"pending","footnotes":""},"categories":[332,1075,13],"tags":[1123,202],"class_list":["post-13009","post","type-post","status-publish","format-standard","hentry","category-educacao","category-medicina","category-opiniao","tag-eladio-pessoa-de-andrade","tag-famema"],"_links":{"self":[{"href":"https:\/\/miltonmarchioli.com.br\/blog\/wp-json\/wp\/v2\/posts\/13009","targetHints":{"allow":["GET"]}}],"collection":[{"href":"https:\/\/miltonmarchioli.com.br\/blog\/wp-json\/wp\/v2\/posts"}],"about":[{"href":"https:\/\/miltonmarchioli.com.br\/blog\/wp-json\/wp\/v2\/types\/post"}],"author":[{"embeddable":true,"href":"https:\/\/miltonmarchioli.com.br\/blog\/wp-json\/wp\/v2\/users\/2"}],"replies":[{"embeddable":true,"href":"https:\/\/miltonmarchioli.com.br\/blog\/wp-json\/wp\/v2\/comments?post=13009"}],"version-history":[{"count":4,"href":"https:\/\/miltonmarchioli.com.br\/blog\/wp-json\/wp\/v2\/posts\/13009\/revisions"}],"predecessor-version":[{"id":13015,"href":"https:\/\/miltonmarchioli.com.br\/blog\/wp-json\/wp\/v2\/posts\/13009\/revisions\/13015"}],"wp:attachment":[{"href":"https:\/\/miltonmarchioli.com.br\/blog\/wp-json\/wp\/v2\/media?parent=13009"}],"wp:term":[{"taxonomy":"category","embeddable":true,"href":"https:\/\/miltonmarchioli.com.br\/blog\/wp-json\/wp\/v2\/categories?post=13009"},{"taxonomy":"post_tag","embeddable":true,"href":"https:\/\/miltonmarchioli.com.br\/blog\/wp-json\/wp\/v2\/tags?post=13009"}],"curies":[{"name":"wp","href":"https:\/\/api.w.org\/{rel}","templated":true}]}}