{"id":13033,"date":"2017-05-30T20:48:00","date_gmt":"2017-05-30T23:48:00","guid":{"rendered":"http:\/\/miltonmarchioli.com.br\/blog\/?p=13033"},"modified":"2017-06-14T21:21:30","modified_gmt":"2017-06-15T00:21:30","slug":"vedada-a-utilizacao-da-acupuntura-pelos-educadores-fisicos","status":"publish","type":"post","link":"https:\/\/miltonmarchioli.com.br\/blog\/vedada-a-utilizacao-da-acupuntura-pelos-educadores-fisicos\/","title":{"rendered":"Vedada a utiliza\u00e7\u00e3o da acupuntura pelos educadores f\u00edsicos"},"content":{"rendered":"<p><a href=\"https:\/\/miltonmarchioli.com.br\/blog\/wp-content\/uploads\/pode-ou-n\u00e3o-pode.png\"><img loading=\"lazy\" decoding=\"async\" class=\"alignleft wp-image-13036\" src=\"https:\/\/miltonmarchioli.com.br\/blog\/wp-content\/uploads\/pode-ou-n\u00e3o-pode-300x300.png\" alt=\"pode ou n\u00e3o pode\" width=\"243\" height=\"243\" srcset=\"https:\/\/miltonmarchioli.com.br\/blog\/wp-content\/uploads\/pode-ou-n\u00e3o-pode-300x300.png 300w, https:\/\/miltonmarchioli.com.br\/blog\/wp-content\/uploads\/pode-ou-n\u00e3o-pode-150x150.png 150w, https:\/\/miltonmarchioli.com.br\/blog\/wp-content\/uploads\/pode-ou-n\u00e3o-pode.png 400w\" sizes=\"auto, (max-width: 243px) 100vw, 243px\" \/><\/a>O Conselho Federal de Medicina (CFM) visava a nulidade dos artigos 1\u00ba e 2\u00ba da Resolu\u00e7\u00e3o CONFEF n.\u00ba 69\/2003, que permite a pr\u00e1tica da acupuntura por profissionais da educa\u00e7\u00e3o f\u00edsica, e por isso ingressou com a\u00e7\u00e3o no TRF 1 em face do CONFEF.<\/p>\n<p>A\u00a0a\u00e7\u00e3o anulat\u00f3ria de ato administrativo proposta pelo Conselho Federal de Medicina (CFM) contra a Resolu\u00e7\u00e3o 62\/2003 do CONFEF foi procedente, mas o CONFEF ingressou com Recurso Especial de acordo com o artigo 105, III, a da Constitui\u00e7\u00e3o Federal.<\/p>\n<p>O Tribunal Regional Federal da 1\u00aa Regi\u00e3o (TRF1), a 7\u00aa Turma j\u00e1 havia determinado a anula\u00e7\u00e3o da Resolu\u00e7\u00e3o afirmando que \u201co Conselho Federal de Educa\u00e7\u00e3o F\u00edsica n\u00e3o pode regulamentar atos que n\u00e3o est\u00e3o previstos em lei como privativos dos profissionais que fiscaliza, elastecendo-os\u201d.<\/p>\n<p>O voto do relator Ministro Benedito Gon\u00e7alves afirmou que &#8220;a jurisprud\u00eancia desta Corte \u00e9 no sentido de que o conselho de classe n\u00e3o tem compet\u00eancia para atribuir o exerc\u00edcio da pr\u00e1tica de acupuntura aos profissionais dele pertencentes.<\/p>\n<div>\u00a0<a href=\"http:\/\/portal.cfm.org.br\/images\/decisoes_judiciais\/educadorfisico.pdf\">Assim, o STJ negou provimento ao Recurso Especial interposto pelo CONFEF, e o exerc\u00edcio da pr\u00e1tica da acupuntura \u00e9 ato exclusivo m\u00e9dico, e n\u00e3o poder\u00e1 mais ser realizado pelos educadores f\u00edsicos.<\/a><\/div>\n<div><a href=\"https:\/\/miltonmarchioli.com.br\/blog\/wp-content\/uploads\/N\u00c3O-2.jpg\"><img loading=\"lazy\" decoding=\"async\" class=\"aligncenter size-full wp-image-13035\" src=\"https:\/\/miltonmarchioli.com.br\/blog\/wp-content\/uploads\/N\u00c3O-2.jpg\" alt=\"N\u00c3O 2\" width=\"500\" height=\"334\" srcset=\"https:\/\/miltonmarchioli.com.br\/blog\/wp-content\/uploads\/N\u00c3O-2.jpg 500w, https:\/\/miltonmarchioli.com.br\/blog\/wp-content\/uploads\/N\u00c3O-2-300x200.jpg 300w\" sizes=\"auto, (max-width: 500px) 100vw, 500px\" \/><\/a><\/div>\n<div><\/div>\n<div><\/div>\n<div><\/div>\n<div><\/div>\n<div id=\"websigner_softplan_com_br\" class=\"websigner_softplan_com_br\" style=\"display: none;\"><\/div>\n<div id=\"websigner_softplan_com_br\" class=\"websigner_softplan_com_br\" style=\"display: none;\"><\/div>\n<div id=\"websigner_softplan_com_br\" class=\"websigner_softplan_com_br\" style=\"display: none;\"><\/div>\n","protected":false},"excerpt":{"rendered":"<p>O Conselho Federal de Medicina (CFM) visava a nulidade dos artigos 1\u00ba e 2\u00ba da Resolu\u00e7\u00e3o CONFEF n.\u00ba 69\/2003, que permite a pr\u00e1tica da acupuntura por profissionais da educa\u00e7\u00e3o f\u00edsica, e por isso ingressou com a\u00e7\u00e3o no TRF 1 em face do CONFEF. A\u00a0a\u00e7\u00e3o anulat\u00f3ria de ato administrativo proposta pelo Conselho Federal de Medicina (CFM) &hellip; <a href=\"https:\/\/miltonmarchioli.com.br\/blog\/vedada-a-utilizacao-da-acupuntura-pelos-educadores-fisicos\/\" class=\"more-link\">Continue lendo <span class=\"screen-reader-text\">Vedada a utiliza\u00e7\u00e3o da acupuntura pelos educadores f\u00edsicos<\/span> <span class=\"meta-nav\">&rarr;<\/span><\/a><\/p>\n","protected":false},"author":2,"featured_media":0,"comment_status":"open","ping_status":"closed","sticky":false,"template":"","format":"standard","meta":{"rop_custom_images_group":[],"rop_custom_messages_group":[],"rop_publish_now":"initial","rop_publish_now_accounts":[],"rop_publish_now_history":[],"rop_publish_now_status":"pending","footnotes":""},"categories":[18,8,1075],"tags":[659,1125,950],"class_list":["post-13033","post","type-post","status-publish","format-standard","hentry","category-direito","category-direito-e-saude","category-medicina","tag-acupuntura","tag-conselho-federal-de-educacao-fisica","tag-conselho-federal-de-medicina"],"_links":{"self":[{"href":"https:\/\/miltonmarchioli.com.br\/blog\/wp-json\/wp\/v2\/posts\/13033","targetHints":{"allow":["GET"]}}],"collection":[{"href":"https:\/\/miltonmarchioli.com.br\/blog\/wp-json\/wp\/v2\/posts"}],"about":[{"href":"https:\/\/miltonmarchioli.com.br\/blog\/wp-json\/wp\/v2\/types\/post"}],"author":[{"embeddable":true,"href":"https:\/\/miltonmarchioli.com.br\/blog\/wp-json\/wp\/v2\/users\/2"}],"replies":[{"embeddable":true,"href":"https:\/\/miltonmarchioli.com.br\/blog\/wp-json\/wp\/v2\/comments?post=13033"}],"version-history":[{"count":3,"href":"https:\/\/miltonmarchioli.com.br\/blog\/wp-json\/wp\/v2\/posts\/13033\/revisions"}],"predecessor-version":[{"id":13039,"href":"https:\/\/miltonmarchioli.com.br\/blog\/wp-json\/wp\/v2\/posts\/13033\/revisions\/13039"}],"wp:attachment":[{"href":"https:\/\/miltonmarchioli.com.br\/blog\/wp-json\/wp\/v2\/media?parent=13033"}],"wp:term":[{"taxonomy":"category","embeddable":true,"href":"https:\/\/miltonmarchioli.com.br\/blog\/wp-json\/wp\/v2\/categories?post=13033"},{"taxonomy":"post_tag","embeddable":true,"href":"https:\/\/miltonmarchioli.com.br\/blog\/wp-json\/wp\/v2\/tags?post=13033"}],"curies":[{"name":"wp","href":"https:\/\/api.w.org\/{rel}","templated":true}]}}