{"id":13040,"date":"2017-06-14T21:57:41","date_gmt":"2017-06-15T00:57:41","guid":{"rendered":"http:\/\/miltonmarchioli.com.br\/blog\/?p=13040"},"modified":"2017-06-14T22:01:30","modified_gmt":"2017-06-15T01:01:30","slug":"acupuntura-nao-pode-ser-praticada-por-farmaceuticos-afirma-superior-tribunal-de-justica","status":"publish","type":"post","link":"https:\/\/miltonmarchioli.com.br\/blog\/acupuntura-nao-pode-ser-praticada-por-farmaceuticos-afirma-superior-tribunal-de-justica\/","title":{"rendered":"Acupuntura n\u00e3o pode ser praticada por farmac\u00eauticos afirma Superior Tribunal de Justi\u00e7a"},"content":{"rendered":"<p><a href=\"https:\/\/miltonmarchioli.com.br\/blog\/wp-content\/uploads\/n\u00e3o.png\"><img loading=\"lazy\" decoding=\"async\" class=\"alignleft wp-image-13034\" src=\"https:\/\/miltonmarchioli.com.br\/blog\/wp-content\/uploads\/n\u00e3o.png\" alt=\"n\u00e3o\" width=\"273\" height=\"157\" \/><\/a>Apesar de n\u00e3o existir no ordenamento jur\u00eddico uma lei espec\u00edfica regulamentando a atividade de acupuntor, n\u00e3o pode o profissional de farm\u00e1cia praticar atos que sua legisla\u00e7\u00e3o profissional n\u00e3o se habilita\u201d, afirmou o ministro Superior Tribunal de Justi\u00e7a (STJ), Herman Benjamin, em decis\u00e3o de 12 de novembro de 2015 proferida em Recurso Especial, no qual\u00a0 as partes eram o Conselho Federal de Medicina (CFM) e o Conselho Federal de Farm\u00e1cia (CFF).<\/p>\n<p>Em sua decis\u00e3o, o ministro Benjamin ressaltou que o STJ j\u00e1 decidiu que \u00e9 inadmiss\u00edvel que uma resolu\u00e7\u00e3o de conselho profissional estenda aos profissionais a possibilidade de utiliza\u00e7\u00e3o da acupuntura como m\u00e9todo complementar de tratamento, ainda que no Brasil n\u00e3o exista legisla\u00e7\u00e3o que discipline o exerc\u00edcio dessa t\u00e9cnica.<\/p>\n<p>O STJ j\u00e1 se pronunciou em casos de outras categorias.<\/p>\n<p>Os Conselhos de Psicologia e Educa\u00e7\u00e3o F\u00edsica tamb\u00e9m tiveram seus pedidos indeferidos pelo TRF 1, e os recursos especiais julgados pelo STJ n\u00e3o tiveram provimento e reforma do acord\u00e3o lavrado no TRF 1 .<\/p>\n<p><a href=\"https:\/\/miltonmarchioli.com.br\/blog\/wp-content\/uploads\/n\u00e3o-3.png\"><img loading=\"lazy\" decoding=\"async\" class=\"aligncenter size-full wp-image-13041\" src=\"https:\/\/miltonmarchioli.com.br\/blog\/wp-content\/uploads\/n\u00e3o-3.png\" alt=\"n\u00e3o 3\" width=\"712\" height=\"350\" srcset=\"https:\/\/miltonmarchioli.com.br\/blog\/wp-content\/uploads\/n\u00e3o-3.png 712w, https:\/\/miltonmarchioli.com.br\/blog\/wp-content\/uploads\/n\u00e3o-3-300x147.png 300w\" sizes=\"auto, (max-width: 712px) 100vw, 712px\" \/><\/a><\/p>\n<p>&nbsp;<\/p>\n<div id=\"websigner_softplan_com_br\" class=\"websigner_softplan_com_br\" style=\"display: none;\"><\/div>\n<div id=\"websigner_softplan_com_br\" class=\"websigner_softplan_com_br\" style=\"display: none;\"><\/div>\n<div id=\"websigner_softplan_com_br\" class=\"websigner_softplan_com_br\" style=\"display: none;\"><\/div>\n<div id=\"websigner_softplan_com_br\" class=\"websigner_softplan_com_br\" style=\"display: none;\"><\/div>\n","protected":false},"excerpt":{"rendered":"<p>Apesar de n\u00e3o existir no ordenamento jur\u00eddico uma lei espec\u00edfica regulamentando a atividade de acupuntor, n\u00e3o pode o profissional de farm\u00e1cia praticar atos que sua legisla\u00e7\u00e3o profissional n\u00e3o se habilita\u201d, afirmou o ministro Superior Tribunal de Justi\u00e7a (STJ), Herman Benjamin, em decis\u00e3o de 12 de novembro de 2015 proferida em Recurso Especial, no qual\u00a0 as &hellip; <a href=\"https:\/\/miltonmarchioli.com.br\/blog\/acupuntura-nao-pode-ser-praticada-por-farmaceuticos-afirma-superior-tribunal-de-justica\/\" class=\"more-link\">Continue lendo <span class=\"screen-reader-text\">Acupuntura n\u00e3o pode ser praticada por farmac\u00eauticos afirma Superior Tribunal de Justi\u00e7a<\/span> <span class=\"meta-nav\">&rarr;<\/span><\/a><\/p>\n","protected":false},"author":2,"featured_media":0,"comment_status":"open","ping_status":"closed","sticky":false,"template":"","format":"standard","meta":{"rop_custom_images_group":[],"rop_custom_messages_group":[],"rop_publish_now":"initial","rop_publish_now_accounts":[],"rop_publish_now_history":[],"rop_publish_now_status":"pending","footnotes":""},"categories":[18,8,1075],"tags":[659,940,1126],"class_list":["post-13040","post","type-post","status-publish","format-standard","hentry","category-direito","category-direito-e-saude","category-medicina","tag-acupuntura","tag-conselho-fedeal-de-medicina","tag-conselho-federal-de-farmacia"],"_links":{"self":[{"href":"https:\/\/miltonmarchioli.com.br\/blog\/wp-json\/wp\/v2\/posts\/13040","targetHints":{"allow":["GET"]}}],"collection":[{"href":"https:\/\/miltonmarchioli.com.br\/blog\/wp-json\/wp\/v2\/posts"}],"about":[{"href":"https:\/\/miltonmarchioli.com.br\/blog\/wp-json\/wp\/v2\/types\/post"}],"author":[{"embeddable":true,"href":"https:\/\/miltonmarchioli.com.br\/blog\/wp-json\/wp\/v2\/users\/2"}],"replies":[{"embeddable":true,"href":"https:\/\/miltonmarchioli.com.br\/blog\/wp-json\/wp\/v2\/comments?post=13040"}],"version-history":[{"count":4,"href":"https:\/\/miltonmarchioli.com.br\/blog\/wp-json\/wp\/v2\/posts\/13040\/revisions"}],"predecessor-version":[{"id":13045,"href":"https:\/\/miltonmarchioli.com.br\/blog\/wp-json\/wp\/v2\/posts\/13040\/revisions\/13045"}],"wp:attachment":[{"href":"https:\/\/miltonmarchioli.com.br\/blog\/wp-json\/wp\/v2\/media?parent=13040"}],"wp:term":[{"taxonomy":"category","embeddable":true,"href":"https:\/\/miltonmarchioli.com.br\/blog\/wp-json\/wp\/v2\/categories?post=13040"},{"taxonomy":"post_tag","embeddable":true,"href":"https:\/\/miltonmarchioli.com.br\/blog\/wp-json\/wp\/v2\/tags?post=13040"}],"curies":[{"name":"wp","href":"https:\/\/api.w.org\/{rel}","templated":true}]}}