{"id":13047,"date":"2017-06-25T20:25:26","date_gmt":"2017-06-25T23:25:26","guid":{"rendered":"http:\/\/miltonmarchioli.com.br\/blog\/?p=13047"},"modified":"2017-06-25T20:25:39","modified_gmt":"2017-06-25T23:25:39","slug":"lei-no-2-43111-aprovada-pela-camara-dos-deputados-autoriza-a-a-producao-comercializacao-e-consumo-sob-prescricao-medica-de-sibutramina-anfepramona-femproporex-e-mazindol","status":"publish","type":"post","link":"https:\/\/miltonmarchioli.com.br\/blog\/lei-no-2-43111-aprovada-pela-camara-dos-deputados-autoriza-a-a-producao-comercializacao-e-consumo-sob-prescricao-medica-de-sibutramina-anfepramona-femproporex-e-mazindol\/","title":{"rendered":"Projeto de Lei n\u00ba 2.431\/11 aprovado pela C\u00e2mara dos Deputados autoriza a a produ\u00e7\u00e3o, comercializa\u00e7\u00e3o e consumo, sob prescri\u00e7\u00e3o m\u00e9dica, de sibutramina, anfepramona, femproporex e mazindol"},"content":{"rendered":"<p><a href=\"https:\/\/miltonmarchioli.com.br\/blog\/wp-content\/uploads\/medicamento-aprovado.jpg\"><img loading=\"lazy\" decoding=\"async\" class=\"alignleft size-medium wp-image-13048\" src=\"https:\/\/miltonmarchioli.com.br\/blog\/wp-content\/uploads\/medicamento-aprovado-300x169.jpg\" alt=\"medicamento aprovado\" width=\"300\" height=\"169\" srcset=\"https:\/\/miltonmarchioli.com.br\/blog\/wp-content\/uploads\/medicamento-aprovado-300x169.jpg 300w, https:\/\/miltonmarchioli.com.br\/blog\/wp-content\/uploads\/medicamento-aprovado.jpg 760w\" sizes=\"auto, (max-width: 300px) 100vw, 300px\" \/><\/a>O Projeto de Lei (PL)n\u00ba 2.431\/11, que autoriza a produ\u00e7\u00e3o, comercializa\u00e7\u00e3o e consumo, sob prescri\u00e7\u00e3o m\u00e9dica, de sibutramina, anfepramona, femproporex e mazindol, foi aprovado\u00a0 nesse m\u00eas de junho.<\/p>\n<p>H\u00e1 sete anos a Ag\u00eancia Nacional de Vigil\u00e2ncia Sanit\u00e1ria (Anvisa), suspendeu todos os processos de produ\u00e7\u00e3o e vendas desses medicamentos.<\/p>\n<p>A Anvisa, ap\u00f3s decretar o impedimento da produ\u00e7\u00e3o e comercializa\u00e7\u00e3o pelos laborat\u00f3rios brasileiros, impedia a escolha de m\u00e9todos terap\u00eauticos cientificamente reconhecidos no tratamento de problemas graves de obesidade, interferindo no princ\u00edpio da autonomia dos m\u00e9dicos do Brasil.<\/p>\n<p>Com o PL aprovado, o medicamento ter\u00e1 venda controlada, com a c\u00f3pia da receita ficando retida na farm\u00e1cia (receita especial).<\/p>\n<p>O PL foi apresentado e aprovado pela C\u00e2mara, passou pelo Senado para revis\u00e3o, e voltou para ser apreciado novamente pelos deputados, e foi aprovado nesse m\u00eas de junho.<\/p>\n<p>O texto segue agora para a san\u00e7\u00e3o presidencial do presidente Michel Temer.<\/p>\n<p><a href=\"https:\/\/miltonmarchioli.com.br\/blog\/wp-content\/uploads\/aprovado.gif\"><img loading=\"lazy\" decoding=\"async\" class=\"alignleft size-full wp-image-13049\" src=\"https:\/\/miltonmarchioli.com.br\/blog\/wp-content\/uploads\/aprovado.gif\" alt=\"aprovado\" width=\"300\" height=\"226\" \/><\/a><\/p>\n<p>&nbsp;<\/p>\n<div id=\"websigner_softplan_com_br\" class=\"websigner_softplan_com_br\" style=\"display: none;\"><\/div>\n<div id=\"websigner_softplan_com_br\" class=\"websigner_softplan_com_br\" style=\"display: none;\"><\/div>\n","protected":false},"excerpt":{"rendered":"<p>O Projeto de Lei (PL)n\u00ba 2.431\/11, que autoriza a produ\u00e7\u00e3o, comercializa\u00e7\u00e3o e consumo, sob prescri\u00e7\u00e3o m\u00e9dica, de sibutramina, anfepramona, femproporex e mazindol, foi aprovado\u00a0 nesse m\u00eas de junho. H\u00e1 sete anos a Ag\u00eancia Nacional de Vigil\u00e2ncia Sanit\u00e1ria (Anvisa), suspendeu todos os processos de produ\u00e7\u00e3o e vendas desses medicamentos. A Anvisa, ap\u00f3s decretar o impedimento da &hellip; <a href=\"https:\/\/miltonmarchioli.com.br\/blog\/lei-no-2-43111-aprovada-pela-camara-dos-deputados-autoriza-a-a-producao-comercializacao-e-consumo-sob-prescricao-medica-de-sibutramina-anfepramona-femproporex-e-mazindol\/\" class=\"more-link\">Continue lendo <span class=\"screen-reader-text\">Projeto de Lei n\u00ba 2.431\/11 aprovado pela C\u00e2mara dos Deputados autoriza a a produ\u00e7\u00e3o, comercializa\u00e7\u00e3o e consumo, sob prescri\u00e7\u00e3o m\u00e9dica, de sibutramina, anfepramona, femproporex e mazindol<\/span> <span class=\"meta-nav\">&rarr;<\/span><\/a><\/p>\n","protected":false},"author":2,"featured_media":0,"comment_status":"open","ping_status":"closed","sticky":false,"template":"","format":"standard","meta":{"rop_custom_images_group":[],"rop_custom_messages_group":[],"rop_publish_now":"initial","rop_publish_now_accounts":[],"rop_publish_now_history":[],"rop_publish_now_status":"pending","footnotes":""},"categories":[8,10,1075,9,430],"tags":[1127,1128],"class_list":["post-13047","post","type-post","status-publish","format-standard","hentry","category-direito-e-saude","category-farmacologia","category-medicina","category-saude-publica","category-saude-suplementar","tag-anorexigenos","tag-projeto-de-lei-24312011"],"_links":{"self":[{"href":"https:\/\/miltonmarchioli.com.br\/blog\/wp-json\/wp\/v2\/posts\/13047","targetHints":{"allow":["GET"]}}],"collection":[{"href":"https:\/\/miltonmarchioli.com.br\/blog\/wp-json\/wp\/v2\/posts"}],"about":[{"href":"https:\/\/miltonmarchioli.com.br\/blog\/wp-json\/wp\/v2\/types\/post"}],"author":[{"embeddable":true,"href":"https:\/\/miltonmarchioli.com.br\/blog\/wp-json\/wp\/v2\/users\/2"}],"replies":[{"embeddable":true,"href":"https:\/\/miltonmarchioli.com.br\/blog\/wp-json\/wp\/v2\/comments?post=13047"}],"version-history":[{"count":2,"href":"https:\/\/miltonmarchioli.com.br\/blog\/wp-json\/wp\/v2\/posts\/13047\/revisions"}],"predecessor-version":[{"id":13051,"href":"https:\/\/miltonmarchioli.com.br\/blog\/wp-json\/wp\/v2\/posts\/13047\/revisions\/13051"}],"wp:attachment":[{"href":"https:\/\/miltonmarchioli.com.br\/blog\/wp-json\/wp\/v2\/media?parent=13047"}],"wp:term":[{"taxonomy":"category","embeddable":true,"href":"https:\/\/miltonmarchioli.com.br\/blog\/wp-json\/wp\/v2\/categories?post=13047"},{"taxonomy":"post_tag","embeddable":true,"href":"https:\/\/miltonmarchioli.com.br\/blog\/wp-json\/wp\/v2\/tags?post=13047"}],"curies":[{"name":"wp","href":"https:\/\/api.w.org\/{rel}","templated":true}]}}