{"id":13063,"date":"2015-09-29T20:43:01","date_gmt":"2015-09-29T23:43:01","guid":{"rendered":"http:\/\/miltonmarchioli.com.br\/blog\/?p=13063"},"modified":"2022-02-12T11:05:07","modified_gmt":"2022-02-12T14:05:07","slug":"a-resolucao-2-1262015-define-o-comportamento-adequado-dos-medicos-nas-redes-sociais","status":"publish","type":"post","link":"https:\/\/miltonmarchioli.com.br\/blog\/a-resolucao-2-1262015-define-o-comportamento-adequado-dos-medicos-nas-redes-sociais\/","title":{"rendered":"A Resolu\u00e7\u00e3o 2.126\/2015 define o comportamento adequado dos m\u00e9dicos nas redes sociais !"},"content":{"rendered":"<p><a href=\"http:\/\/www.miltonmarchioli.com.br\/blog\/wp-content\/uploads\/PUBLICIDADE-2.jpg\"><img loading=\"lazy\" decoding=\"async\" class=\"alignleft size-medium wp-image-13882\" src=\"http:\/\/www.miltonmarchioli.com.br\/blog\/wp-content\/uploads\/PUBLICIDADE-2-300x208.jpg\" alt=\"PUBLICIDADE 2\" width=\"300\" height=\"208\" srcset=\"https:\/\/miltonmarchioli.com.br\/blog\/wp-content\/uploads\/PUBLICIDADE-2-300x208.jpg 300w, https:\/\/miltonmarchioli.com.br\/blog\/wp-content\/uploads\/PUBLICIDADE-2-768x533.jpg 768w, https:\/\/miltonmarchioli.com.br\/blog\/wp-content\/uploads\/PUBLICIDADE-2.jpg 850w\" sizes=\"auto, (max-width: 300px) 100vw, 300px\" \/><\/a><\/p>\n<p>O Conselho Federal de Medicina (CFM) publicou nesta semana, no Di\u00e1rio de Oficial da Uni\u00e3o, ajustes nas regras para uso divulga\u00e7\u00e3o de assuntos m\u00e9dicos por meio de entrevistas, an\u00fancios publicit\u00e1rios e redes sociais, entre outros pontos.<\/p>\n<p>Temas como a distribui\u00e7\u00e3o de selfies (autorretratos), o an\u00fancio de t\u00e9cnicas n\u00e3o consideradas v\u00e1lidas cientificamente, e a forma adequada de intera\u00e7\u00e3o dos profissionais em canais de m\u00eddias sociais foram abordados no \u00e2mbito da Resolu\u00e7\u00e3o CFM n\u00ba 2.126\/2015, a qual tem como objetivo principal fixar par\u00e2metros para evitar o apelo ao sensacionalismo ou \u00e0 autopromo\u00e7\u00e3o.<\/p>\n<p>Entre as regras que entram em vigor na data da publica\u00e7\u00e3o do texto no Di\u00e1rio Oficial da Uni\u00e3o, est\u00e1 a proibi\u00e7\u00e3o aos m\u00e9dicos, inclusive lideran\u00e7as de entidades da categoria, de participarem de an\u00fancios de empresas comerciais ou de seus produtos, qualquer que seja sua natureza. Antes esta limita\u00e7\u00e3o contemplava produtos como medicamentos, equipamentos e servi\u00e7os de sa\u00fade, e agora se estende a outros, como g\u00eaneros aliment\u00edcios e artigos de higiene e limpeza, entre outros.<\/p>\n<p>A norma veda aos profissionais de fazerem propaganda de m\u00e9todos ou t\u00e9cnicas n\u00e3o reconhecidas como v\u00e1lidos pelo Conselho Federal de Medicina, conforme prev\u00ea a Lei n\u00ba 12.842\/13, em seu artigo 7\u00ba, que atribui \u00e0 autarquia o papel de definir o que \u00e9 experimental e o que \u00e9 aceito para a pr\u00e1tica m\u00e9dica. \u00c9 o caso de pr\u00e1ticas, como a carboxiterapia ou a ozonioterapia, que ainda n\u00e3o possuem reconhecimento cient\u00edfico.<\/p>\n<p>A Resolu\u00e7\u00e3o CFM n\u00ba 2.126\/2015 tamb\u00e9m traz detalhamento com respeito aos autorretratos (selfies) em situa\u00e7\u00f5es de trabalho e de atendimento. Com a mudan\u00e7a, os m\u00e9dicos est\u00e3o proibidos de divulgar este tipo de fotografia, bem como imagens e\/ou \u00e1udios que caracterizem sensacionalismo, autopromo\u00e7\u00e3o ou concorr\u00eancia desleal.<\/p>\n<p>Com rela\u00e7\u00e3o ao uso das redes das m\u00eddias sociais (sites, blogs e canais no facebook, twitter, instagram, youtube, whatsapp e similares), como j\u00e1 havia sido determinado pela Resolu\u00e7\u00e3o CFM n\u00ba 1974\/2011, entre outros pontos, continua sendo vedado ao m\u00e9dico anunciar especialidade\/\u00e1rea de atua\u00e7\u00e3o n\u00e3o reconhecida ou especialidade\/\u00e1rea de atua\u00e7\u00e3o para a qual n\u00e3o esteja qualificado e registrado junto aos Conselhos de Medicina.<\/p>\n<p>O CFM ainda orienta aos Conselhos Regionais de Medicina a investigarem suspeitas de burla \u00e0 orienta\u00e7\u00e3o contra a autopromo\u00e7\u00e3o por meio da colabora\u00e7\u00e3o com outras pessoas ou empresas. Deve ser apurado \u2013 por meio de den\u00fancias, ou n\u00e3o \u2013 a publica\u00e7\u00e3o de imagens do tipo &#8220;antes&#8221; e &#8220;depois&#8221; por n\u00e3o m\u00e9dicos, de modo reiterado e\/ou sistem\u00e1tico, assim como a oferta de elogios a t\u00e9cnicas e aos resultados de procedimentos feitos por pacientes ou leigos, associando-os \u00e0 a\u00e7\u00e3o de um profissional da Medicina.<\/p>\n<p>O m\u00e9dico tamb\u00e9m est\u00e1 proibido de divulgar a posse de t\u00edtulos cient\u00edficos que n\u00e3o possa comprovar e nem induzir o paciente a acreditar que est\u00e1 habilitado num determinado campo de atendimento ao informar que trata sistemas org\u00e2nicos, \u00f3rg\u00e3os ou doen\u00e7as espec\u00edficas.<\/p>\n<p>Da mesma forma, ele n\u00e3o pode consultar, diagnosticar ou prescrever por qualquer meio de comunica\u00e7\u00e3o de massa ou a dist\u00e2ncia, assim como expor a figura de paciente na divulga\u00e7\u00e3o de t\u00e9cnica, m\u00e9todo ou resultado de tratamento. A \u00edntegra dos par\u00e2metros est\u00e1 explicita no Manual da Comiss\u00e3o de Divulga\u00e7\u00e3o de Assuntos M\u00e9dicos (Codame) e foi definida com base na legisla\u00e7\u00e3o,\u00a0 e em outras resolu\u00e7\u00f5es normativas do pr\u00f3prio CFM.<\/p>\n<p>O texto, aprovado pelo Plen\u00e1rio do CFM, prev\u00ea altera\u00e7\u00f5es em pontos espec\u00edficos da Resolu\u00e7\u00e3o CFM n\u00ba 1974\/2011, que se mant\u00e9m em vigor e tamb\u00e9m se dedica ao tema nas redes sociais.<\/p>\n<p>&nbsp;<\/p>\n<p><a href=\"http:\/\/www.miltonmarchioli.com.br\/blog\/wp-content\/uploads\/PUBLICIDADE.jpg\"><img loading=\"lazy\" decoding=\"async\" class=\"aligncenter size-full wp-image-13883\" src=\"http:\/\/www.miltonmarchioli.com.br\/blog\/wp-content\/uploads\/PUBLICIDADE.jpg\" alt=\"PUBLICIDADE\" width=\"988\" height=\"646\" srcset=\"https:\/\/miltonmarchioli.com.br\/blog\/wp-content\/uploads\/PUBLICIDADE.jpg 988w, https:\/\/miltonmarchioli.com.br\/blog\/wp-content\/uploads\/PUBLICIDADE-300x196.jpg 300w, https:\/\/miltonmarchioli.com.br\/blog\/wp-content\/uploads\/PUBLICIDADE-768x502.jpg 768w\" sizes=\"auto, (max-width: 988px) 100vw, 988px\" \/><\/a><\/p>\n<div id=\"websigner_softplan_com_br\" class=\"websigner_softplan_com_br\" style=\"display: none;\"><\/div>\n<div id=\"websigner_softplan_com_br\" class=\"websigner_softplan_com_br\" style=\"display: none;\"><\/div>\n<div id=\"websigner_softplan_com_br\" class=\"websigner_softplan_com_br\" style=\"display: none;\"><\/div>\n<div id=\"websigner_softplan_com_br\" class=\"websigner_softplan_com_br\" style=\"display: none;\"><\/div>\n","protected":false},"excerpt":{"rendered":"<p>O Conselho Federal de Medicina (CFM) publicou nesta semana, no Di\u00e1rio de Oficial da Uni\u00e3o, ajustes nas regras para uso divulga\u00e7\u00e3o de assuntos m\u00e9dicos por meio de entrevistas, an\u00fancios publicit\u00e1rios e redes sociais, entre outros pontos. Temas como a distribui\u00e7\u00e3o de selfies (autorretratos), o an\u00fancio de t\u00e9cnicas n\u00e3o consideradas v\u00e1lidas cientificamente, e a forma adequada &hellip; <a href=\"https:\/\/miltonmarchioli.com.br\/blog\/a-resolucao-2-1262015-define-o-comportamento-adequado-dos-medicos-nas-redes-sociais\/\" class=\"more-link\">Continue lendo <span class=\"screen-reader-text\">A Resolu\u00e7\u00e3o 2.126\/2015 define o comportamento adequado dos m\u00e9dicos nas redes sociais !<\/span> <span class=\"meta-nav\">&rarr;<\/span><\/a><\/p>\n","protected":false},"author":2,"featured_media":0,"comment_status":"open","ping_status":"closed","sticky":false,"template":"","format":"standard","meta":{"rop_custom_images_group":[],"rop_custom_messages_group":[],"rop_publish_now":"initial","rop_publish_now_accounts":[],"rop_publish_now_history":[],"rop_publish_now_status":"pending","footnotes":""},"categories":[18,8,1075],"tags":[1131],"class_list":["post-13063","post","type-post","status-publish","format-standard","hentry","category-direito","category-direito-e-saude","category-medicina","tag-resolucao-cfm-2-1262015"],"_links":{"self":[{"href":"https:\/\/miltonmarchioli.com.br\/blog\/wp-json\/wp\/v2\/posts\/13063","targetHints":{"allow":["GET"]}}],"collection":[{"href":"https:\/\/miltonmarchioli.com.br\/blog\/wp-json\/wp\/v2\/posts"}],"about":[{"href":"https:\/\/miltonmarchioli.com.br\/blog\/wp-json\/wp\/v2\/types\/post"}],"author":[{"embeddable":true,"href":"https:\/\/miltonmarchioli.com.br\/blog\/wp-json\/wp\/v2\/users\/2"}],"replies":[{"embeddable":true,"href":"https:\/\/miltonmarchioli.com.br\/blog\/wp-json\/wp\/v2\/comments?post=13063"}],"version-history":[{"count":7,"href":"https:\/\/miltonmarchioli.com.br\/blog\/wp-json\/wp\/v2\/posts\/13063\/revisions"}],"predecessor-version":[{"id":13885,"href":"https:\/\/miltonmarchioli.com.br\/blog\/wp-json\/wp\/v2\/posts\/13063\/revisions\/13885"}],"wp:attachment":[{"href":"https:\/\/miltonmarchioli.com.br\/blog\/wp-json\/wp\/v2\/media?parent=13063"}],"wp:term":[{"taxonomy":"category","embeddable":true,"href":"https:\/\/miltonmarchioli.com.br\/blog\/wp-json\/wp\/v2\/categories?post=13063"},{"taxonomy":"post_tag","embeddable":true,"href":"https:\/\/miltonmarchioli.com.br\/blog\/wp-json\/wp\/v2\/tags?post=13063"}],"curies":[{"name":"wp","href":"https:\/\/api.w.org\/{rel}","templated":true}]}}