{"id":13072,"date":"2016-10-10T21:35:03","date_gmt":"2016-10-11T00:35:03","guid":{"rendered":"http:\/\/miltonmarchioli.com.br\/blog\/?p=13072"},"modified":"2021-03-27T17:43:51","modified_gmt":"2021-03-27T20:43:51","slug":"alunos-da-famema-protestam-contra-atual-diretoria-geral","status":"publish","type":"post","link":"https:\/\/miltonmarchioli.com.br\/blog\/alunos-da-famema-protestam-contra-atual-diretoria-geral\/","title":{"rendered":"Alunos da Famema protestam contra Diretoria Geral"},"content":{"rendered":"<p><a href=\"https:\/\/miltonmarchioli.com.br\/blog\/wp-content\/uploads\/famema-crise-outubro-2016.png\"><img loading=\"lazy\" decoding=\"async\" class=\"alignleft wp-image-13073\" src=\"https:\/\/miltonmarchioli.com.br\/blog\/wp-content\/uploads\/famema-crise-outubro-2016-300x225.png\" alt=\"famema- crise- outubro 2016\" width=\"243\" height=\"182\" srcset=\"https:\/\/miltonmarchioli.com.br\/blog\/wp-content\/uploads\/famema-crise-outubro-2016-300x225.png 300w, https:\/\/miltonmarchioli.com.br\/blog\/wp-content\/uploads\/famema-crise-outubro-2016.png 620w\" sizes=\"auto, (max-width: 243px) 100vw, 243px\" \/><\/a>Estudantes da Faculdade de Medicina de Mar\u00edlia (Famema) fizeram um protesto em frente ao pr\u00e9dio administrativo nesta segunda-feira.<\/p>\n<p>Protestaram com palavras de ordem, e apontaram condi\u00e7\u00f5es prec\u00e1rias na assist\u00eancia e perda de qualidade no ensino.<a href=\"https:\/\/miltonmarchioli.com.br\/blog\/wp-content\/uploads\/CRISE-FAMEMA-OUTUBRO-2016-MURAL.jpg\"><img loading=\"lazy\" decoding=\"async\" class=\"alignright size-medium wp-image-13074\" src=\"https:\/\/miltonmarchioli.com.br\/blog\/wp-content\/uploads\/CRISE-FAMEMA-OUTUBRO-2016-MURAL-300x169.jpg\" alt=\"CRISE FAMEMA - OUTUBRO 2016- MURAL\" width=\"300\" height=\"169\" srcset=\"https:\/\/miltonmarchioli.com.br\/blog\/wp-content\/uploads\/CRISE-FAMEMA-OUTUBRO-2016-MURAL-300x169.jpg 300w, https:\/\/miltonmarchioli.com.br\/blog\/wp-content\/uploads\/CRISE-FAMEMA-OUTUBRO-2016-MURAL-768x432.jpg 768w, https:\/\/miltonmarchioli.com.br\/blog\/wp-content\/uploads\/CRISE-FAMEMA-OUTUBRO-2016-MURAL.jpg 960w\" sizes=\"auto, (max-width: 300px) 100vw, 300px\" \/><\/a><\/p>\n<p>Com faixas e cartazes, os alunos denunciaram a falta de equipamentos e insumos, como\u00a0 por exemplo falta de agulhas descart\u00e1veis, e medicamentos b\u00e1sicos.<\/p>\n<p><a href=\"https:\/\/miltonmarchioli.com.br\/blog\/wp-content\/uploads\/CRISE-FAMEMA-OUTUBRO-2016-ALUNOS-3.jpg\"><img loading=\"lazy\" decoding=\"async\" class=\"alignleft size-medium wp-image-13075\" src=\"https:\/\/miltonmarchioli.com.br\/blog\/wp-content\/uploads\/CRISE-FAMEMA-OUTUBRO-2016-ALUNOS-3-300x169.jpg\" alt=\"CRISE FAMEMA - OUTUBRO 2016- ALUNOS 3\" width=\"300\" height=\"169\" srcset=\"https:\/\/miltonmarchioli.com.br\/blog\/wp-content\/uploads\/CRISE-FAMEMA-OUTUBRO-2016-ALUNOS-3-300x169.jpg 300w, https:\/\/miltonmarchioli.com.br\/blog\/wp-content\/uploads\/CRISE-FAMEMA-OUTUBRO-2016-ALUNOS-3-768x432.jpg 768w, https:\/\/miltonmarchioli.com.br\/blog\/wp-content\/uploads\/CRISE-FAMEMA-OUTUBRO-2016-ALUNOS-3.jpg 960w\" sizes=\"auto, (max-width: 300px) 100vw, 300px\" \/><\/a>Acad\u00eamicos desejam a encampa\u00e7\u00e3o pela Unesp, e temem de que exista a possibilidade de privatiza\u00e7\u00e3o do Hospital das Cl\u00ednicas por meio de <span class=\"st\">Organiza\u00e7\u00f5es Sociais (OS) e as Organiza\u00e7\u00f5es da Sociedade Civil de Interesse P\u00fablico (OSCIP).<\/span><\/p>\n<p>Outra reclama\u00e7\u00e3o apontada pelos alunos foi em face das bolsas estudantis de R$ 330,00, j\u00e1 que segundo os mesmos s\u00e3o valores considerados insuficientes para moradia, alimenta\u00e7\u00e3o e transporte.\u00a0 <a href=\"https:\/\/miltonmarchioli.com.br\/blog\/wp-content\/uploads\/CRISE-FAMEMA-OUTUBRO-2016-ALUNOS.jpg\"><img loading=\"lazy\" decoding=\"async\" class=\"alignright size-medium wp-image-13076\" src=\"https:\/\/miltonmarchioli.com.br\/blog\/wp-content\/uploads\/CRISE-FAMEMA-OUTUBRO-2016-ALUNOS-300x168.jpg\" alt=\"CRISE FAMEMA - OUTUBRO 2016- ALUNOS\" width=\"300\" height=\"168\" srcset=\"https:\/\/miltonmarchioli.com.br\/blog\/wp-content\/uploads\/CRISE-FAMEMA-OUTUBRO-2016-ALUNOS-300x168.jpg 300w, https:\/\/miltonmarchioli.com.br\/blog\/wp-content\/uploads\/CRISE-FAMEMA-OUTUBRO-2016-ALUNOS-768x430.jpg 768w, https:\/\/miltonmarchioli.com.br\/blog\/wp-content\/uploads\/CRISE-FAMEMA-OUTUBRO-2016-ALUNOS.jpg 960w\" sizes=\"auto, (max-width: 300px) 100vw, 300px\" \/><\/a><\/p>\n<p>Solicitaram que os laborat\u00f3rios de ensino precisam de melhorias urgentes, a falta do RU (Restaurante Universit\u00e1rio), e por fim, ainda reclamaram da falta da qualidade do estagio em fun\u00e7\u00e3o da crise econ\u00f4mica no Hospital das Cl\u00ednicas.<\/p>\n<p>PBL da Famema em crise\u00a0 no ano de 2016.<\/p>\n<p><a href=\"https:\/\/miltonmarchioli.com.br\/blog\/wp-content\/uploads\/crise-famema-outubro-2016-ampla.jpg\"><img loading=\"lazy\" decoding=\"async\" class=\"aligncenter size-full wp-image-13077\" src=\"https:\/\/miltonmarchioli.com.br\/blog\/wp-content\/uploads\/crise-famema-outubro-2016-ampla.jpg\" alt=\"crise famema - outubro 2016- ampla\" width=\"900\" height=\"600\" srcset=\"https:\/\/miltonmarchioli.com.br\/blog\/wp-content\/uploads\/crise-famema-outubro-2016-ampla.jpg 900w, https:\/\/miltonmarchioli.com.br\/blog\/wp-content\/uploads\/crise-famema-outubro-2016-ampla-300x200.jpg 300w, https:\/\/miltonmarchioli.com.br\/blog\/wp-content\/uploads\/crise-famema-outubro-2016-ampla-768x512.jpg 768w\" sizes=\"auto, (max-width: 900px) 100vw, 900px\" \/><\/a><\/p>\n<div id=\"websigner_softplan_com_br\" class=\"websigner_softplan_com_br\" style=\"display: none;\"><\/div>\n<div id=\"websigner_softplan_com_br\" class=\"websigner_softplan_com_br\" style=\"display: none;\"><\/div>\n<div id=\"websigner_softplan_com_br\" class=\"websigner_softplan_com_br\" style=\"display: none;\"><\/div>\n","protected":false},"excerpt":{"rendered":"<p>Estudantes da Faculdade de Medicina de Mar\u00edlia (Famema) fizeram um protesto em frente ao pr\u00e9dio administrativo nesta segunda-feira. Protestaram com palavras de ordem, e apontaram condi\u00e7\u00f5es prec\u00e1rias na assist\u00eancia e perda de qualidade no ensino. Com faixas e cartazes, os alunos denunciaram a falta de equipamentos e insumos, como\u00a0 por exemplo falta de agulhas descart\u00e1veis, &hellip; <a href=\"https:\/\/miltonmarchioli.com.br\/blog\/alunos-da-famema-protestam-contra-atual-diretoria-geral\/\" class=\"more-link\">Continue lendo <span class=\"screen-reader-text\">Alunos da Famema protestam contra Diretoria Geral<\/span> <span class=\"meta-nav\">&rarr;<\/span><\/a><\/p>\n","protected":false},"author":2,"featured_media":0,"comment_status":"open","ping_status":"closed","sticky":false,"template":"","format":"standard","meta":{"rop_custom_images_group":[],"rop_custom_messages_group":[],"rop_publish_now":"initial","rop_publish_now_accounts":[],"rop_publish_now_history":[],"rop_publish_now_status":"pending","footnotes":""},"categories":[18,332,1075,9],"tags":[1164,101],"class_list":["post-13072","post","type-post","status-publish","format-standard","hentry","category-direito","category-educacao","category-medicina","category-saude-publica","tag-crise-institucional-na-famema-2016","tag-pbl-famema"],"_links":{"self":[{"href":"https:\/\/miltonmarchioli.com.br\/blog\/wp-json\/wp\/v2\/posts\/13072","targetHints":{"allow":["GET"]}}],"collection":[{"href":"https:\/\/miltonmarchioli.com.br\/blog\/wp-json\/wp\/v2\/posts"}],"about":[{"href":"https:\/\/miltonmarchioli.com.br\/blog\/wp-json\/wp\/v2\/types\/post"}],"author":[{"embeddable":true,"href":"https:\/\/miltonmarchioli.com.br\/blog\/wp-json\/wp\/v2\/users\/2"}],"replies":[{"embeddable":true,"href":"https:\/\/miltonmarchioli.com.br\/blog\/wp-json\/wp\/v2\/comments?post=13072"}],"version-history":[{"count":5,"href":"https:\/\/miltonmarchioli.com.br\/blog\/wp-json\/wp\/v2\/posts\/13072\/revisions"}],"predecessor-version":[{"id":13269,"href":"https:\/\/miltonmarchioli.com.br\/blog\/wp-json\/wp\/v2\/posts\/13072\/revisions\/13269"}],"wp:attachment":[{"href":"https:\/\/miltonmarchioli.com.br\/blog\/wp-json\/wp\/v2\/media?parent=13072"}],"wp:term":[{"taxonomy":"category","embeddable":true,"href":"https:\/\/miltonmarchioli.com.br\/blog\/wp-json\/wp\/v2\/categories?post=13072"},{"taxonomy":"post_tag","embeddable":true,"href":"https:\/\/miltonmarchioli.com.br\/blog\/wp-json\/wp\/v2\/tags?post=13072"}],"curies":[{"name":"wp","href":"https:\/\/api.w.org\/{rel}","templated":true}]}}