{"id":13094,"date":"2017-07-29T13:44:32","date_gmt":"2017-07-29T16:44:32","guid":{"rendered":"http:\/\/miltonmarchioli.com.br\/blog\/?p=13094"},"modified":"2017-08-19T23:54:10","modified_gmt":"2017-08-20T02:54:10","slug":"14a-conferencia-regional-da-advocacia-em-marilia","status":"publish","type":"post","link":"https:\/\/miltonmarchioli.com.br\/blog\/14a-conferencia-regional-da-advocacia-em-marilia\/","title":{"rendered":"14\u00aa Confer\u00eancia Regional da Advocacia em Mar\u00edlia"},"content":{"rendered":"<p><a href=\"https:\/\/miltonmarchioli.com.br\/blog\/wp-content\/uploads\/XIV-CONFERENCIA-REGIONAL-DA-ADVOCACIA-OAB-SAO-PAULO.jpg\"><img loading=\"lazy\" decoding=\"async\" class=\"alignleft wp-image-13101\" src=\"https:\/\/miltonmarchioli.com.br\/blog\/wp-content\/uploads\/XIV-CONFERENCIA-REGIONAL-DA-ADVOCACIA-OAB-SAO-PAULO-300x200.jpg\" alt=\"XIV CONFERENCIA REGIONAL DA ADVOCACIA- OAB SAO PAULO\" width=\"273\" height=\"182\" srcset=\"https:\/\/miltonmarchioli.com.br\/blog\/wp-content\/uploads\/XIV-CONFERENCIA-REGIONAL-DA-ADVOCACIA-OAB-SAO-PAULO-300x200.jpg 300w, https:\/\/miltonmarchioli.com.br\/blog\/wp-content\/uploads\/XIV-CONFERENCIA-REGIONAL-DA-ADVOCACIA-OAB-SAO-PAULO-768x512.jpg 768w, https:\/\/miltonmarchioli.com.br\/blog\/wp-content\/uploads\/XIV-CONFERENCIA-REGIONAL-DA-ADVOCACIA-OAB-SAO-PAULO-1024x683.jpg 1024w, https:\/\/miltonmarchioli.com.br\/blog\/wp-content\/uploads\/XIV-CONFERENCIA-REGIONAL-DA-ADVOCACIA-OAB-SAO-PAULO.jpg 1200w\" sizes=\"auto, (max-width: 273px) 100vw, 273px\" \/><\/a>A Se\u00e7\u00e3o S\u00e3o Paulo da Ordem dos Advogados do Brasil realizou no dia 28 nas depend\u00eancias do Hotel Quality Sun Valley\u00a0 Hotel\u00a0 &amp; Centro de Conven\u00e7\u00f5es, a 14\u00aa Confer\u00eancia Regional da Advocacia em Mar\u00edlia.<\/p>\n<p>A programa\u00e7\u00e3o abrangeu, a partir das 14h, a palavra de dirigentes da Ordem dos Advogados de S\u00e3o Paulo, da CAASP e da Subse\u00e7\u00e3o de Mar\u00edlia.<\/p>\n<p>Estiveram presentes al\u00e9m dos advogados de Mar\u00edlia &#8211; 31\u00aa Subse\u00e7\u00e3o &#8211;\u00a0 advogados de Assis, C\u00e2ndido Mota, Gar\u00e7a, Ourinhos, Palmital, Paragua\u00e7u Paulista, Santa Cruz do Rio Pardo.<\/p>\n<p>A 31\u00aa Subse\u00e7\u00e3o conta 5.378 advogados inscritos, e Mar\u00edlia possuiu 2.295 inscritos na OAB.<\/p>\n<p>Pela CAASP compareceram o vice-presidente Arnor Gomes da Silva J\u00fanior (foto \u00e0 direita), o secret\u00e1rio-geral adjunto, Alexandre Ogusuku, e o diretor C\u00e9lio Luiz Bitencourt.<a href=\"https:\/\/miltonmarchioli.com.br\/blog\/wp-content\/uploads\/OAB-SP-VICE-PRESIDENTE-DA-CAASP.jpg\"><img loading=\"lazy\" decoding=\"async\" class=\"alignright size-medium wp-image-13104\" src=\"https:\/\/miltonmarchioli.com.br\/blog\/wp-content\/uploads\/OAB-SP-VICE-PRESIDENTE-DA-CAASP-300x200.jpg\" alt=\"OAB- SP- VICE-PRESIDENTE DA CAASP\" width=\"300\" height=\"200\" srcset=\"https:\/\/miltonmarchioli.com.br\/blog\/wp-content\/uploads\/OAB-SP-VICE-PRESIDENTE-DA-CAASP-300x200.jpg 300w, https:\/\/miltonmarchioli.com.br\/blog\/wp-content\/uploads\/OAB-SP-VICE-PRESIDENTE-DA-CAASP.jpg 448w\" sizes=\"auto, (max-width: 300px) 100vw, 300px\" \/><\/a><\/p>\n<p>O pronunciamento do vice-presidente da OAB-SP, F\u00e1bio Romeu Canton Filho, que representou o presidente Marcos da Costa, focou-se na indispensabilidade do advogado em todos os meios de solu\u00e7\u00e3o de conflitos, como prev\u00ea a Constitui\u00e7\u00e3o, tanto em inst\u00e2ncias judiciais quanto em organismos de media\u00e7\u00e3o.<\/p>\n<p>Ao lado do vice-presidente F\u00e1bio Romeu Canton Filho estavam o secret\u00e1rio-geral da Ordem, Caio Augusto dos Santos, coordenador do evento, e os conselheiros secionais Ricardo Hiroshi Botelho Yoshino, Jos\u00e9 Meirelles Filho, Antonio Carlos Roselli, Tayon Soffener Berlanga, Jo\u00e3o Em\u00edlio Zola, Edson Reis, Ailton Gimenez, Fabr\u00edcio Kl\u00e9bis e Margarete Lopes. Encarregaram-se dos semin\u00e1rios tem\u00e1ticos Fernando Salles Freire, presidente do Tribunal de \u00c9tica e Disciplina, Cid Veira de Souza Filho, presidente da Comiss\u00e3o de Direitos e Prerrogativas, K\u00e1tia Boulos, presidente da Comiss\u00e3o da Mulher Advogada, Aislan de Queiroga Trigo, presidente da Comiss\u00e3o de Assist\u00eancia Judici\u00e1ria, Leandro Nava, presidente da Comiss\u00e3o da Jovem Advocacia, Renata de Carlis Pereira, presidente da Comiss\u00e3o OAB Concilia, e J\u00falio C\u00e9sar Fiorino Vicente, vice-presidente do Conselho Curador da Escola Superior de Advocacia.<\/p>\n<p>Foram apresentados semin\u00e1rios sobre temas de interesse da advocacia, entre os quais assist\u00eancia judici\u00e1ria, concilia\u00e7\u00e3o, media\u00e7\u00e3o e negocia\u00e7\u00e3o extrajudiciais, direitos e prerrogativas, \u00e9tica e disciplina, jovem advogado, mulher advogada e Escola Superior de Advocacia.<\/p>\n<p>O Presidente da OAB &#8211; 31 \u00aa Subse\u00e7\u00e3o de Mar\u00edlia &#8211; Marl\u00facio Bonfim Andrade abriu e encerrou o evento, e destacou a import\u00e2ncia da presen\u00e7a do advogado em todos os atos em que envolvam as \u00e1reas do direito.<\/p>\n<p>O Conselheiro da OAB Tayon Soffner Berlanga\u00a0 esteve presente no evento ao lados de outros conselheiros da regi\u00e3o do Centro-Oeste Paulista, e recepcionou o vice-presidente da OAB S\u00e3o Paulo F\u00e1bio Romeu Canton Filho.<\/p>\n<p>Um sucesso absoluto !<\/p>\n<p><a href=\"https:\/\/miltonmarchioli.com.br\/blog\/wp-content\/uploads\/14\u00aa-Conferencia-Regional-da-Advocacia-OAB-S\u00c3O-PAULO-MILTON-MARCHIOLI.jpg\"><img loading=\"lazy\" decoding=\"async\" class=\"aligncenter size-full wp-image-13109\" src=\"https:\/\/miltonmarchioli.com.br\/blog\/wp-content\/uploads\/14\u00aa-Conferencia-Regional-da-Advocacia-OAB-S\u00c3O-PAULO-MILTON-MARCHIOLI.jpg\" alt=\"14\u00aa Confer\u00eancia Regional da Advocacia\" width=\"1772\" height=\"1181\" srcset=\"https:\/\/miltonmarchioli.com.br\/blog\/wp-content\/uploads\/14\u00aa-Conferencia-Regional-da-Advocacia-OAB-S\u00c3O-PAULO-MILTON-MARCHIOLI.jpg 1772w, https:\/\/miltonmarchioli.com.br\/blog\/wp-content\/uploads\/14\u00aa-Conferencia-Regional-da-Advocacia-OAB-S\u00c3O-PAULO-MILTON-MARCHIOLI-300x200.jpg 300w, https:\/\/miltonmarchioli.com.br\/blog\/wp-content\/uploads\/14\u00aa-Conferencia-Regional-da-Advocacia-OAB-S\u00c3O-PAULO-MILTON-MARCHIOLI-768x512.jpg 768w, https:\/\/miltonmarchioli.com.br\/blog\/wp-content\/uploads\/14\u00aa-Conferencia-Regional-da-Advocacia-OAB-S\u00c3O-PAULO-MILTON-MARCHIOLI-1024x682.jpg 1024w\" sizes=\"auto, (max-width: 1772px) 100vw, 1772px\" \/><\/a><\/p>\n<div id=\"websigner_softplan_com_br\" class=\"websigner_softplan_com_br\" style=\"display: none;\"><\/div>\n<div id=\"websigner_softplan_com_br\" class=\"websigner_softplan_com_br\" style=\"display: none;\"><\/div>\n<div id=\"websigner_softplan_com_br\" class=\"websigner_softplan_com_br\" style=\"display: none;\"><\/div>\n<div id=\"websigner_softplan_com_br\" class=\"websigner_softplan_com_br\" style=\"display: none;\"><\/div>\n<div id=\"websigner_softplan_com_br\" class=\"websigner_softplan_com_br\" style=\"display: none;\"><\/div>\n<div id=\"websigner_softplan_com_br\" class=\"websigner_softplan_com_br\" style=\"display: none;\"><\/div>\n","protected":false},"excerpt":{"rendered":"<p>A Se\u00e7\u00e3o S\u00e3o Paulo da Ordem dos Advogados do Brasil realizou no dia 28 nas depend\u00eancias do Hotel Quality Sun Valley\u00a0 Hotel\u00a0 &amp; Centro de Conven\u00e7\u00f5es, a 14\u00aa Confer\u00eancia Regional da Advocacia em Mar\u00edlia. A programa\u00e7\u00e3o abrangeu, a partir das 14h, a palavra de dirigentes da Ordem dos Advogados de S\u00e3o Paulo, da CAASP e &hellip; <a href=\"https:\/\/miltonmarchioli.com.br\/blog\/14a-conferencia-regional-da-advocacia-em-marilia\/\" class=\"more-link\">Continue lendo <span class=\"screen-reader-text\">14\u00aa Confer\u00eancia Regional da Advocacia em Mar\u00edlia<\/span> <span class=\"meta-nav\">&rarr;<\/span><\/a><\/p>\n","protected":false},"author":2,"featured_media":0,"comment_status":"open","ping_status":"closed","sticky":false,"template":"","format":"standard","meta":{"rop_custom_images_group":[],"rop_custom_messages_group":[],"rop_publish_now":"initial","rop_publish_now_accounts":[],"rop_publish_now_history":[],"rop_publish_now_status":"pending","footnotes":""},"categories":[18,332,13],"tags":[1137,1138],"class_list":["post-13094","post","type-post","status-publish","format-standard","hentry","category-direito","category-educacao","category-opiniao","tag-14a-conferencia-regional-oab-sp","tag-31a-subsubsecao-marilia"],"_links":{"self":[{"href":"https:\/\/miltonmarchioli.com.br\/blog\/wp-json\/wp\/v2\/posts\/13094","targetHints":{"allow":["GET"]}}],"collection":[{"href":"https:\/\/miltonmarchioli.com.br\/blog\/wp-json\/wp\/v2\/posts"}],"about":[{"href":"https:\/\/miltonmarchioli.com.br\/blog\/wp-json\/wp\/v2\/types\/post"}],"author":[{"embeddable":true,"href":"https:\/\/miltonmarchioli.com.br\/blog\/wp-json\/wp\/v2\/users\/2"}],"replies":[{"embeddable":true,"href":"https:\/\/miltonmarchioli.com.br\/blog\/wp-json\/wp\/v2\/comments?post=13094"}],"version-history":[{"count":8,"href":"https:\/\/miltonmarchioli.com.br\/blog\/wp-json\/wp\/v2\/posts\/13094\/revisions"}],"predecessor-version":[{"id":13113,"href":"https:\/\/miltonmarchioli.com.br\/blog\/wp-json\/wp\/v2\/posts\/13094\/revisions\/13113"}],"wp:attachment":[{"href":"https:\/\/miltonmarchioli.com.br\/blog\/wp-json\/wp\/v2\/media?parent=13094"}],"wp:term":[{"taxonomy":"category","embeddable":true,"href":"https:\/\/miltonmarchioli.com.br\/blog\/wp-json\/wp\/v2\/categories?post=13094"},{"taxonomy":"post_tag","embeddable":true,"href":"https:\/\/miltonmarchioli.com.br\/blog\/wp-json\/wp\/v2\/tags?post=13094"}],"curies":[{"name":"wp","href":"https:\/\/api.w.org\/{rel}","templated":true}]}}