{"id":13114,"date":"2017-08-20T00:42:22","date_gmt":"2017-08-20T03:42:22","guid":{"rendered":"http:\/\/miltonmarchioli.com.br\/blog\/?p=13114"},"modified":"2017-08-25T09:37:52","modified_gmt":"2017-08-25T12:37:52","slug":"1o-congresso-do-nucleo-regional-de-marilia-da-associacao-paulista-de-saude-publica-15o-congresso-de-saude-publica","status":"publish","type":"post","link":"https:\/\/miltonmarchioli.com.br\/blog\/1o-congresso-do-nucleo-regional-de-marilia-da-associacao-paulista-de-saude-publica-15o-congresso-de-saude-publica\/","title":{"rendered":"1\u00ba Congresso do N\u00facleo Regional de Mar\u00edlia da Associa\u00e7\u00e3o Paulista de Sa\u00fade P\u00fablica. 15\u00ba Congresso de Sa\u00fade P\u00fablica"},"content":{"rendered":"<p><a href=\"https:\/\/miltonmarchioli.com.br\/blog\/wp-content\/uploads\/15-congresso-sa\u00fade-p\u00fablica.jpg\"><img loading=\"lazy\" decoding=\"async\" class=\"alignleft size-medium wp-image-13115\" src=\"https:\/\/miltonmarchioli.com.br\/blog\/wp-content\/uploads\/15-congresso-sa\u00fade-p\u00fablica-300x152.jpg\" alt=\"15 congresso sa\u00fade p\u00fablica\" width=\"300\" height=\"152\" srcset=\"https:\/\/miltonmarchioli.com.br\/blog\/wp-content\/uploads\/15-congresso-sa\u00fade-p\u00fablica-300x152.jpg 300w, https:\/\/miltonmarchioli.com.br\/blog\/wp-content\/uploads\/15-congresso-sa\u00fade-p\u00fablica-768x389.jpg 768w, https:\/\/miltonmarchioli.com.br\/blog\/wp-content\/uploads\/15-congresso-sa\u00fade-p\u00fablica.jpg 810w\" sizes=\"auto, (max-width: 300px) 100vw, 300px\" \/><\/a>Com o tema surreal\u00a0 \u201cSa\u00fade \u00e9 pol\u00edtica: H\u00e1 uma grande desordem sob o c\u00e9u\u2026\u201d, a cidade de Mar\u00edlia promoveu\u00a0 nos dias 18 e 19 de agosto o 15\u00ba Congresso de Sa\u00fade P\u00fablica &#8211; 1\u00ba Congresso do N\u00facleo Regional\u00a0 de Mar\u00edlia da APSP (Associa\u00e7\u00e3o Paulista de Sa\u00fade P\u00fablica), o qual aconteceu nas depend\u00eancias da Unimar.<\/p>\n<p>O 15\u00ba Congresso de Sa\u00fade P\u00fablica &#8211; 1\u00ba Congresso do N\u00facleo Regional de Mar\u00edlia\u00a0 teve o apoio da Secretaria Municipal de Sa\u00fade, Famema (Faculdade de Medicina de Mar\u00edlia, Unimar (Universidade de Mar\u00edlia) e Universidade Estadual Paulista (Unesp).<\/p>\n<p>O p\u00fablico-alvo do congresso envolveu docentes, alunos dos cursos de sa\u00fade, pesquisadores da \u00e1rea da sa\u00fade; conselheiros municipais de sa\u00fade, gestores da sa\u00fade p\u00fablica, al\u00e9m de profissionais de sa\u00fade .<\/p>\n<p>O m\u00e9dico M\u00e1rcio Travaglini Carvalho Pereira (foto \u00e0 direita), ex-secret\u00e1rio municipal, e coordenador do N\u00facleo Mar\u00edlia da APSP, destacou a import\u00e2ncia do evento em Mar\u00edlia, e na abertura do 15\u00ba Congresso de Sa\u00fade P\u00fablica enfatizou a necessidade de discuss\u00f5es do SUS de maneira frequente em n\u00edvel regional.<a href=\"https:\/\/miltonmarchioli.com.br\/blog\/wp-content\/uploads\/CONGRESSO-PAULISTA-SA\u00daDE-P\u00daBLICA-MAR\u00cdLIA-MARCIO-TRAVAGLINI.jpg\"><img loading=\"lazy\" decoding=\"async\" class=\"alignright size-medium wp-image-13130\" src=\"https:\/\/miltonmarchioli.com.br\/blog\/wp-content\/uploads\/CONGRESSO-PAULISTA-SA\u00daDE-P\u00daBLICA-MAR\u00cdLIA-MARCIO-TRAVAGLINI-225x300.jpg\" alt=\"CONGRESSO PAULISTA SA\u00daDE P\u00daBLICA MAR\u00cdLIA- MARCIO TRAVAGLINI\" width=\"225\" height=\"300\" srcset=\"https:\/\/miltonmarchioli.com.br\/blog\/wp-content\/uploads\/CONGRESSO-PAULISTA-SA\u00daDE-P\u00daBLICA-MAR\u00cdLIA-MARCIO-TRAVAGLINI-225x300.jpg 225w, https:\/\/miltonmarchioli.com.br\/blog\/wp-content\/uploads\/CONGRESSO-PAULISTA-SA\u00daDE-P\u00daBLICA-MAR\u00cdLIA-MARCIO-TRAVAGLINI-768x1024.jpg 768w\" sizes=\"auto, (max-width: 225px) 100vw, 225px\" \/><\/a><\/p>\n<p>O 1\u00ba Congresso do N\u00facleo Regional de Mar\u00edlia da APSP\u00a0 teve amostras de servi\u00e7os em sa\u00fade no SUS na forma de p\u00f4steres, e, posteriormente oficinas para reflex\u00e3o das pr\u00e1ticas em servi\u00e7os de\u00a0 Unidades B\u00e1sicas de Sa\u00fade, Unidade de Sa\u00fade da Fam\u00edlia,\u00a0 Hospitais P\u00fablicos, e Unidades de Pronto Atendimento, com posterior plen\u00e1ria apresentada no final do congresso.<\/p>\n<p>Estiveram presentes Luis Carlos Cesarin (ex-secret\u00e1rio de Sa\u00fade de Jundia\u00ed), Jos\u00e9 Carlos Lopes (docente do Departamento de Epidemiologia e Sa\u00fade Coletiva da Faculdade de Medicina de S\u00e3o Jos\u00e9 do Rio Preto) e Marcos Tadeu Del Roio (docente do Departamento de Ci\u00eancias Pol\u00edticas e Econ\u00f4micas da Faculdade de Filosofia e Ci\u00eancias da Unesp \u2013 Mar\u00edlia).<\/p>\n<p>O 15\u00ba Congresso de Sa\u00fade P\u00fablica- 1\u00ba N\u00facleo Regional de Mar\u00edlia superou as expectativas dos presentes, e da pr\u00f3pria comiss\u00e3o organizadora que constatou participantes de mais de 30 cidades no final de semana em Mar\u00edlia.<\/p>\n<p>O paradigma do 15\u00ba Congresso de Sa\u00fade P\u00fablica\u00a0 foi a de que &#8220;Sa\u00fade \u00e9 pol\u00edtica. E no atual contexto brasileiro se poderia dizer que pol\u00edtica \u00e9 sa\u00fade! Por isso, tamb\u00e9m dizemos haver uma grande desordem sob o c\u00e9u\u2026.&#8221;.<\/p>\n<p>A OAB S\u00e3o Paulo- 31 Subse\u00e7\u00e3o- Presidente Marlucio Bonfim Trindade &#8211; esteve representada pelo presidente da Comiss\u00e3o de Direito M\u00e9dico [presidente Milton Marchioli].<\/p>\n<p><a href=\"https:\/\/miltonmarchioli.com.br\/blog\/wp-content\/uploads\/congresso-jogo-de-palavras.png\"><img loading=\"lazy\" decoding=\"async\" class=\"aligncenter size-full wp-image-13116\" src=\"https:\/\/miltonmarchioli.com.br\/blog\/wp-content\/uploads\/congresso-jogo-de-palavras.png\" alt=\"congresso - jogo de palavras\" width=\"834\" height=\"437\" srcset=\"https:\/\/miltonmarchioli.com.br\/blog\/wp-content\/uploads\/congresso-jogo-de-palavras.png 834w, https:\/\/miltonmarchioli.com.br\/blog\/wp-content\/uploads\/congresso-jogo-de-palavras-300x157.png 300w, https:\/\/miltonmarchioli.com.br\/blog\/wp-content\/uploads\/congresso-jogo-de-palavras-768x402.png 768w\" sizes=\"auto, (max-width: 834px) 100vw, 834px\" \/><\/a><\/p>\n<p>&nbsp;<\/p>\n<div id=\"websigner_softplan_com_br\" class=\"websigner_softplan_com_br\" style=\"display: none;\"><\/div>\n<div id=\"websigner_softplan_com_br\" class=\"websigner_softplan_com_br\" style=\"display: none;\"><\/div>\n<div id=\"websigner_softplan_com_br\" class=\"websigner_softplan_com_br\" style=\"display: none;\"><\/div>\n<div id=\"websigner_softplan_com_br\" class=\"websigner_softplan_com_br\" style=\"display: none;\"><\/div>\n<div id=\"websigner_softplan_com_br\" class=\"websigner_softplan_com_br\" style=\"display: none;\"><\/div>\n","protected":false},"excerpt":{"rendered":"<p>Com o tema surreal\u00a0 \u201cSa\u00fade \u00e9 pol\u00edtica: H\u00e1 uma grande desordem sob o c\u00e9u\u2026\u201d, a cidade de Mar\u00edlia promoveu\u00a0 nos dias 18 e 19 de agosto o 15\u00ba Congresso de Sa\u00fade P\u00fablica &#8211; 1\u00ba Congresso do N\u00facleo Regional\u00a0 de Mar\u00edlia da APSP (Associa\u00e7\u00e3o Paulista de Sa\u00fade P\u00fablica), o qual aconteceu nas depend\u00eancias da Unimar. O &hellip; <a href=\"https:\/\/miltonmarchioli.com.br\/blog\/1o-congresso-do-nucleo-regional-de-marilia-da-associacao-paulista-de-saude-publica-15o-congresso-de-saude-publica\/\" class=\"more-link\">Continue lendo <span class=\"screen-reader-text\">1\u00ba Congresso do N\u00facleo Regional de Mar\u00edlia da Associa\u00e7\u00e3o Paulista de Sa\u00fade P\u00fablica. 15\u00ba Congresso de Sa\u00fade P\u00fablica<\/span> <span class=\"meta-nav\">&rarr;<\/span><\/a><\/p>\n","protected":false},"author":2,"featured_media":0,"comment_status":"open","ping_status":"closed","sticky":false,"template":"","format":"standard","meta":{"rop_custom_images_group":[],"rop_custom_messages_group":[],"rop_publish_now":"initial","rop_publish_now_accounts":[],"rop_publish_now_history":[],"rop_publish_now_status":"pending","footnotes":""},"categories":[332,9],"tags":[1139,1140],"class_list":["post-13114","post","type-post","status-publish","format-standard","hentry","category-educacao","category-saude-publica","tag-15o-congresso-de-saude-publica","tag-1o-congresso-do-nucleo-regional-de-marilia"],"_links":{"self":[{"href":"https:\/\/miltonmarchioli.com.br\/blog\/wp-json\/wp\/v2\/posts\/13114","targetHints":{"allow":["GET"]}}],"collection":[{"href":"https:\/\/miltonmarchioli.com.br\/blog\/wp-json\/wp\/v2\/posts"}],"about":[{"href":"https:\/\/miltonmarchioli.com.br\/blog\/wp-json\/wp\/v2\/types\/post"}],"author":[{"embeddable":true,"href":"https:\/\/miltonmarchioli.com.br\/blog\/wp-json\/wp\/v2\/users\/2"}],"replies":[{"embeddable":true,"href":"https:\/\/miltonmarchioli.com.br\/blog\/wp-json\/wp\/v2\/comments?post=13114"}],"version-history":[{"count":6,"href":"https:\/\/miltonmarchioli.com.br\/blog\/wp-json\/wp\/v2\/posts\/13114\/revisions"}],"predecessor-version":[{"id":13134,"href":"https:\/\/miltonmarchioli.com.br\/blog\/wp-json\/wp\/v2\/posts\/13114\/revisions\/13134"}],"wp:attachment":[{"href":"https:\/\/miltonmarchioli.com.br\/blog\/wp-json\/wp\/v2\/media?parent=13114"}],"wp:term":[{"taxonomy":"category","embeddable":true,"href":"https:\/\/miltonmarchioli.com.br\/blog\/wp-json\/wp\/v2\/categories?post=13114"},{"taxonomy":"post_tag","embeddable":true,"href":"https:\/\/miltonmarchioli.com.br\/blog\/wp-json\/wp\/v2\/tags?post=13114"}],"curies":[{"name":"wp","href":"https:\/\/api.w.org\/{rel}","templated":true}]}}