{"id":13120,"date":"2017-08-25T09:04:35","date_gmt":"2017-08-25T12:04:35","guid":{"rendered":"http:\/\/miltonmarchioli.com.br\/blog\/?p=13120"},"modified":"2017-08-25T09:34:12","modified_gmt":"2017-08-25T12:34:12","slug":"judicializacao-da-saude-e-da-educacao","status":"publish","type":"post","link":"https:\/\/miltonmarchioli.com.br\/blog\/judicializacao-da-saude-e-da-educacao\/","title":{"rendered":"Debate sobre Judicializa\u00e7\u00e3o da sa\u00fade e da educa\u00e7\u00e3o na Unesp Mar\u00edlia"},"content":{"rendered":"<p><a href=\"https:\/\/miltonmarchioli.com.br\/blog\/wp-content\/uploads\/JUDICIALIZA\u00c7\u00c3O-DA-SA\u00daDE.jpg\"><img loading=\"lazy\" decoding=\"async\" class=\"alignleft size-medium wp-image-13123\" src=\"https:\/\/miltonmarchioli.com.br\/blog\/wp-content\/uploads\/JUDICIALIZA\u00c7\u00c3O-DA-SA\u00daDE-300x158.jpg\" alt=\"JUDICIALIZA\u00c7\u00c3O DA SA\u00daDE\" width=\"300\" height=\"158\" srcset=\"https:\/\/miltonmarchioli.com.br\/blog\/wp-content\/uploads\/JUDICIALIZA\u00c7\u00c3O-DA-SA\u00daDE-300x158.jpg 300w, https:\/\/miltonmarchioli.com.br\/blog\/wp-content\/uploads\/JUDICIALIZA\u00c7\u00c3O-DA-SA\u00daDE-768x404.jpg 768w, https:\/\/miltonmarchioli.com.br\/blog\/wp-content\/uploads\/JUDICIALIZA\u00c7\u00c3O-DA-SA\u00daDE.jpg 800w\" sizes=\"auto, (max-width: 300px) 100vw, 300px\" \/><\/a>O N\u00facleo de Direitos Humanos e Cidadania (NUDHUC) da Faculdade de Filosofia e Ci\u00eancias (FFC) da Unesp, C\u00e2mpus de Mar\u00edlia, promoveu a palestra &#8220;Progressos e desafios na judicializa\u00e7\u00e3o do direito \u00e0 sa\u00fade e pelo direito \u00e0 educa\u00e7\u00e3o&#8221; no Anfiteatro da Unidade.<\/p>\n<p>O palestrante\u00a0 foi o Prof. Rodolfo Guti\u00e9rrez Silva, da Faculdade de Ci\u00eancias de Sa\u00fade (Col\u00f4mbia), e contou com o mediadores Prof. Dr. Jos\u00e9 Augusto Chaves Guimar\u00e3es, assessor da Pr\u00f3-Reitoria de Pesquisa da Unesp (PROPe) e a Professora Titular do Departamento de Ci\u00eancia da Informa\u00e7\u00e3o (DCI) T\u00e2nia Suely Antonelli Marcelino Brabo.<\/p>\n<p>Rodolfo Guti\u00e9rrez Silva \u00e9 especialista em Direitos Humanos, com s\u00f3lida experi\u00eancia em pesquisa e doc\u00eancia em sete pa\u00edses (Reino Unido, \u00cdndia, Espanha, It\u00e1lia, M\u00e9xico, Peru e Col\u00f4mbia).<a href=\"https:\/\/miltonmarchioli.com.br\/blog\/wp-content\/uploads\/Rodolfo-Guti\u00e9rrez-Silva.jpg\"><img loading=\"lazy\" decoding=\"async\" class=\"alignright size-medium wp-image-13127\" src=\"https:\/\/miltonmarchioli.com.br\/blog\/wp-content\/uploads\/Rodolfo-Guti\u00e9rrez-Silva-225x300.jpg\" alt=\",Rodolfo Guti\u00e9rrez Silva\" width=\"225\" height=\"300\" srcset=\"https:\/\/miltonmarchioli.com.br\/blog\/wp-content\/uploads\/Rodolfo-Guti\u00e9rrez-Silva-225x300.jpg 225w, https:\/\/miltonmarchioli.com.br\/blog\/wp-content\/uploads\/Rodolfo-Guti\u00e9rrez-Silva-768x1024.jpg 768w\" sizes=\"auto, (max-width: 225px) 100vw, 225px\" \/><\/a><\/p>\n<p>O palestrante abordou\u00a0 as quest\u00f5es relativas aos medicamentos de alto custo\u00a0 em v\u00e1rios pa\u00edses da Am\u00e9rica do Sul e Central, bem como o acesso ao ensino fundamental na Col\u00f4mbia, na qual reside.<\/p>\n<p>Ao final da palestra foi indagado de que no Brasil h\u00e1 dois recursos extraordin\u00e1rios no Brasil\u00a0 relativos ao fornecimento de medicamento n\u00e3o registrado na Anvisa (Recurso Extraordin\u00e1rio \u2013 RE 657718) e de alto custo (RE 566471), ambos ainda pendentes de julgamento de m\u00e9rito.<\/p>\n<p>E por fim perguntado sobre as quest\u00f5es de bio\u00e9tica ortotan\u00e1sia e distan\u00e1sia\u00a0 e suas implica\u00e7\u00f5es jur\u00eddicas no Poder Judici\u00e1rio da Col\u00f4mbia.<\/p>\n<p>A OAB S\u00e3o Paulo- 31 Subse\u00e7\u00e3o- Presidente Marlucio Bonfim Trindade \u2013 esteve representada pelo presidente da Comiss\u00e3o de Direito M\u00e9dico [presidente Milton Marchioli].<\/p>\n<p><a href=\"https:\/\/miltonmarchioli.com.br\/blog\/wp-content\/uploads\/MARCHIOLI-E-RODRIGUES-UNESP-MARIIA-24-08-2017.jpg\"><img loading=\"lazy\" decoding=\"async\" class=\"aligncenter size-large wp-image-13126\" src=\"https:\/\/miltonmarchioli.com.br\/blog\/wp-content\/uploads\/MARCHIOLI-E-RODRIGUES-UNESP-MARIIA-24-08-2017-768x1024.jpg\" alt=\"MARCHIOLI E RODRIGUES - UNESP MARIIA - 24-08-2017\" width=\"474\" height=\"632\" srcset=\"https:\/\/miltonmarchioli.com.br\/blog\/wp-content\/uploads\/MARCHIOLI-E-RODRIGUES-UNESP-MARIIA-24-08-2017-768x1024.jpg 768w, https:\/\/miltonmarchioli.com.br\/blog\/wp-content\/uploads\/MARCHIOLI-E-RODRIGUES-UNESP-MARIIA-24-08-2017-225x300.jpg 225w\" sizes=\"auto, (max-width: 474px) 100vw, 474px\" \/><\/a><\/p>\n<div id=\"websigner_softplan_com_br\" class=\"websigner_softplan_com_br\" style=\"display: none;\"><\/div>\n<div id=\"websigner_softplan_com_br\" class=\"websigner_softplan_com_br\" style=\"display: none;\"><\/div>\n<div id=\"websigner_softplan_com_br\" class=\"websigner_softplan_com_br\" style=\"display: none;\"><\/div>\n<div id=\"websigner_softplan_com_br\" class=\"websigner_softplan_com_br\" style=\"display: none;\"><\/div>\n<div id=\"websigner_softplan_com_br\" class=\"websigner_softplan_com_br\" style=\"display: none;\"><\/div>\n","protected":false},"excerpt":{"rendered":"<p>O N\u00facleo de Direitos Humanos e Cidadania (NUDHUC) da Faculdade de Filosofia e Ci\u00eancias (FFC) da Unesp, C\u00e2mpus de Mar\u00edlia, promoveu a palestra &#8220;Progressos e desafios na judicializa\u00e7\u00e3o do direito \u00e0 sa\u00fade e pelo direito \u00e0 educa\u00e7\u00e3o&#8221; no Anfiteatro da Unidade. O palestrante\u00a0 foi o Prof. Rodolfo Guti\u00e9rrez Silva, da Faculdade de Ci\u00eancias de Sa\u00fade &hellip; <a href=\"https:\/\/miltonmarchioli.com.br\/blog\/judicializacao-da-saude-e-da-educacao\/\" class=\"more-link\">Continue lendo <span class=\"screen-reader-text\">Debate sobre Judicializa\u00e7\u00e3o da sa\u00fade e da educa\u00e7\u00e3o na Unesp Mar\u00edlia<\/span> <span class=\"meta-nav\">&rarr;<\/span><\/a><\/p>\n","protected":false},"author":2,"featured_media":0,"comment_status":"open","ping_status":"closed","sticky":false,"template":"","format":"standard","meta":{"rop_custom_images_group":[],"rop_custom_messages_group":[],"rop_publish_now":"initial","rop_publish_now_accounts":[],"rop_publish_now_history":[],"rop_publish_now_status":"pending","footnotes":""},"categories":[8,332],"tags":[1142,193,1141,1143],"class_list":["post-13120","post","type-post","status-publish","format-standard","hentry","category-direito-e-saude","category-educacao","tag-judicializacao-da-saude-e-da-educacao","tag-milton-marchioli","tag-re-657718-fornecimento-de-medicamento-nao-registrado-na-anvisa-e-re-657718-de-alto-custo","tag-rodolfo-gutierrez-silva"],"_links":{"self":[{"href":"https:\/\/miltonmarchioli.com.br\/blog\/wp-json\/wp\/v2\/posts\/13120","targetHints":{"allow":["GET"]}}],"collection":[{"href":"https:\/\/miltonmarchioli.com.br\/blog\/wp-json\/wp\/v2\/posts"}],"about":[{"href":"https:\/\/miltonmarchioli.com.br\/blog\/wp-json\/wp\/v2\/types\/post"}],"author":[{"embeddable":true,"href":"https:\/\/miltonmarchioli.com.br\/blog\/wp-json\/wp\/v2\/users\/2"}],"replies":[{"embeddable":true,"href":"https:\/\/miltonmarchioli.com.br\/blog\/wp-json\/wp\/v2\/comments?post=13120"}],"version-history":[{"count":6,"href":"https:\/\/miltonmarchioli.com.br\/blog\/wp-json\/wp\/v2\/posts\/13120\/revisions"}],"predecessor-version":[{"id":13129,"href":"https:\/\/miltonmarchioli.com.br\/blog\/wp-json\/wp\/v2\/posts\/13120\/revisions\/13129"}],"wp:attachment":[{"href":"https:\/\/miltonmarchioli.com.br\/blog\/wp-json\/wp\/v2\/media?parent=13120"}],"wp:term":[{"taxonomy":"category","embeddable":true,"href":"https:\/\/miltonmarchioli.com.br\/blog\/wp-json\/wp\/v2\/categories?post=13120"},{"taxonomy":"post_tag","embeddable":true,"href":"https:\/\/miltonmarchioli.com.br\/blog\/wp-json\/wp\/v2\/tags?post=13120"}],"curies":[{"name":"wp","href":"https:\/\/api.w.org\/{rel}","templated":true}]}}