{"id":13137,"date":"2017-10-04T19:11:30","date_gmt":"2017-10-04T22:11:30","guid":{"rendered":"http:\/\/miltonmarchioli.com.br\/blog\/?p=13137"},"modified":"2017-10-04T19:18:35","modified_gmt":"2017-10-04T22:18:35","slug":"justica-federal-suspende-resolucao-do-conselho-federal-de-enfermagem-na-area-de-estetica","status":"publish","type":"post","link":"https:\/\/miltonmarchioli.com.br\/blog\/justica-federal-suspende-resolucao-do-conselho-federal-de-enfermagem-na-area-de-estetica\/","title":{"rendered":"Justi\u00e7a Federal suspende resolu\u00e7\u00e3o do Conselho Federal de Enfermagem na \u00e1rea de est\u00e9tica"},"content":{"rendered":"<p><a href=\"https:\/\/miltonmarchioli.com.br\/blog\/wp-content\/uploads\/a\u00e7\u00e3o-civil-publica-2.png\"><img loading=\"lazy\" decoding=\"async\" class=\"alignleft size-medium wp-image-13141\" src=\"https:\/\/miltonmarchioli.com.br\/blog\/wp-content\/uploads\/a\u00e7\u00e3o-civil-publica-2-300x163.png\" alt=\"a\u00e7\u00e3o civil publica 2\" width=\"300\" height=\"163\" srcset=\"https:\/\/miltonmarchioli.com.br\/blog\/wp-content\/uploads\/a\u00e7\u00e3o-civil-publica-2-300x163.png 300w, https:\/\/miltonmarchioli.com.br\/blog\/wp-content\/uploads\/a\u00e7\u00e3o-civil-publica-2-768x417.png 768w, https:\/\/miltonmarchioli.com.br\/blog\/wp-content\/uploads\/a\u00e7\u00e3o-civil-publica-2.png 830w\" sizes=\"auto, (max-width: 300px) 100vw, 300px\" \/><\/a>O Conselho Regional de Medicina do Estado de S\u00e3o Paulo (Cremesp), juntamente com o Conselho Federal de Medicina (CFM) e outros Conselhos Regionais, conseguiu, por meio de A\u00e7\u00e3o Civil P\u00fablica, a suspens\u00e3o da Resolu\u00e7\u00e3o Cofen n\u00ba 529\/2016, que normatiza a atua\u00e7\u00e3o do enfermeiro na \u00e1rea de est\u00e9tica.<\/p>\n<p>A Decis\u00e3o do Tribunal Regional Federal da Primeira Regi\u00e3o (TRF1) a declarou que a Resolu\u00e7\u00e3o do Cofen\u00a0 a qual atribu\u00eda compet\u00eancia aos enfermeiros e praticar procedimentos est\u00e9ticos foi suspensa, e que tais procedimentos \u00e9 de compet\u00eancia privativa dos m\u00e9dicos.<\/p>\n<p>A ju\u00edza federal Adverci Rates Mendes de Abreu, autora da Decis\u00e3o, citou trecho da Lei n\u00ba 12.842\/2013: \u201ca indica\u00e7\u00e3o da execu\u00e7\u00e3o e execu\u00e7\u00e3o de procedimentos invasivos, sejam diagn\u00f3sticos, terap\u00eauticos ou est\u00e9ticos, incluindo os acessos vasculares profundos, as biopsias e as endoscopias\u201d s\u00e3o atividades privativas do m\u00e9dico (art. 4\u00ba, inciso XII).<\/p>\n<p>De igual modo o inciso X do art. 4\u00ba da referida lei, Lei do Ato M\u00e9dico, estabelece que \u201ca determina\u00e7\u00e3o do progn\u00f3stico relativo ao diagn\u00f3stico nosol\u00f3gico\u201d tamb\u00e9m \u00e9 atividade privativa dos m\u00e9dicos.\u201d<\/p>\n<p>O COFEN, por mera Resolu\u00e7\u00e3o, atribuiu compet\u00eancia n\u00e3o prevista na lei que regulamenta a profiss\u00e3o de enfermeiro e que, em princ\u00edpio, invadiu a \u00e1rea de atua\u00e7\u00e3o dos m\u00e9dicos, haja vista a Lei n\u00ba 12.842\/2013, que \u00e9 clara ao afirmar que a execu\u00e7\u00e3o de procedimentos est\u00e9ticos \u00e9 de compet\u00eancia privativa dos m\u00e9dicos.<\/p>\n<p>A senten\u00e7a afirmou que\u00a0 os procedimentos (i) micropuntura (microagrilhamento); (ii) laserterapia; (iii) depila\u00e7\u00e3o \u00e0 laser; (iv) criolip\u00f3lise; (v) escleroterapia; (vi) intradermoterapia\/mesoterapia; (vii) prescri\u00e7\u00e3o de nutric\u00eauticos\/mutriconsm\u00e9ticos e (viii) peelings s\u00e3o de compet\u00eancia privativa dos m\u00e9dicos.<\/p>\n<p>A decis\u00e3o\u00a0 assevera que h\u00e1 urg\u00eancia da medida uma vez que interven\u00e7\u00f5es est\u00e9ticas por profissional\u00a0 de sa\u00fade n\u00e3o habilitado podem acarretar s\u00e9rios danos \u00e0 sa\u00fade das pessoas,<\/p>\n<p><a href=\"https:\/\/miltonmarchioli.com.br\/blog\/wp-content\/uploads\/CFM-COFEN-A\u00c7\u00c3O-CIVIL-P\u00daBLICA.pdf\">Leia senten\u00e7a na \u00edntegra da A\u00e7\u00e3o Civil P\u00fablica.<\/a><\/p>\n<p><a href=\"https:\/\/miltonmarchioli.com.br\/blog\/wp-content\/uploads\/SENTEN\u00c7A.jpg\"><img loading=\"lazy\" decoding=\"async\" class=\"aligncenter size-full wp-image-13142\" src=\"https:\/\/miltonmarchioli.com.br\/blog\/wp-content\/uploads\/SENTEN\u00c7A.jpg\" alt=\"SENTEN\u00c7A\" width=\"1024\" height=\"510\" srcset=\"https:\/\/miltonmarchioli.com.br\/blog\/wp-content\/uploads\/SENTEN\u00c7A.jpg 1024w, https:\/\/miltonmarchioli.com.br\/blog\/wp-content\/uploads\/SENTEN\u00c7A-300x149.jpg 300w, https:\/\/miltonmarchioli.com.br\/blog\/wp-content\/uploads\/SENTEN\u00c7A-768x383.jpg 768w\" sizes=\"auto, (max-width: 1024px) 100vw, 1024px\" \/><\/a><\/p>\n<div id=\"websigner_softplan_com_br\" class=\"websigner_softplan_com_br\" style=\"display: none;\"><\/div>\n<div id=\"websigner_softplan_com_br\" class=\"websigner_softplan_com_br\" style=\"display: none;\"><\/div>\n<div id=\"websigner_softplan_com_br\" class=\"websigner_softplan_com_br\" style=\"display: none;\"><\/div>\n<div id=\"websigner_softplan_com_br\" class=\"websigner_softplan_com_br\" style=\"display: none;\"><\/div>\n","protected":false},"excerpt":{"rendered":"<p>O Conselho Regional de Medicina do Estado de S\u00e3o Paulo (Cremesp), juntamente com o Conselho Federal de Medicina (CFM) e outros Conselhos Regionais, conseguiu, por meio de A\u00e7\u00e3o Civil P\u00fablica, a suspens\u00e3o da Resolu\u00e7\u00e3o Cofen n\u00ba 529\/2016, que normatiza a atua\u00e7\u00e3o do enfermeiro na \u00e1rea de est\u00e9tica. A Decis\u00e3o do Tribunal Regional Federal da Primeira &hellip; <a href=\"https:\/\/miltonmarchioli.com.br\/blog\/justica-federal-suspende-resolucao-do-conselho-federal-de-enfermagem-na-area-de-estetica\/\" class=\"more-link\">Continue lendo <span class=\"screen-reader-text\">Justi\u00e7a Federal suspende resolu\u00e7\u00e3o do Conselho Federal de Enfermagem na \u00e1rea de est\u00e9tica<\/span> <span class=\"meta-nav\">&rarr;<\/span><\/a><\/p>\n","protected":false},"author":2,"featured_media":0,"comment_status":"open","ping_status":"closed","sticky":false,"template":"","format":"standard","meta":{"rop_custom_images_group":[],"rop_custom_messages_group":[],"rop_publish_now":"initial","rop_publish_now_accounts":[],"rop_publish_now_history":[],"rop_publish_now_status":"pending","footnotes":""},"categories":[13],"tags":[1144,950,1145],"class_list":["post-13137","post","type-post","status-publish","format-standard","hentry","category-opiniao","tag-conselho-federal-de-enfermagem","tag-conselho-federal-de-medicina","tag-resolucao-529-2016"],"_links":{"self":[{"href":"https:\/\/miltonmarchioli.com.br\/blog\/wp-json\/wp\/v2\/posts\/13137","targetHints":{"allow":["GET"]}}],"collection":[{"href":"https:\/\/miltonmarchioli.com.br\/blog\/wp-json\/wp\/v2\/posts"}],"about":[{"href":"https:\/\/miltonmarchioli.com.br\/blog\/wp-json\/wp\/v2\/types\/post"}],"author":[{"embeddable":true,"href":"https:\/\/miltonmarchioli.com.br\/blog\/wp-json\/wp\/v2\/users\/2"}],"replies":[{"embeddable":true,"href":"https:\/\/miltonmarchioli.com.br\/blog\/wp-json\/wp\/v2\/comments?post=13137"}],"version-history":[{"count":5,"href":"https:\/\/miltonmarchioli.com.br\/blog\/wp-json\/wp\/v2\/posts\/13137\/revisions"}],"predecessor-version":[{"id":13148,"href":"https:\/\/miltonmarchioli.com.br\/blog\/wp-json\/wp\/v2\/posts\/13137\/revisions\/13148"}],"wp:attachment":[{"href":"https:\/\/miltonmarchioli.com.br\/blog\/wp-json\/wp\/v2\/media?parent=13137"}],"wp:term":[{"taxonomy":"category","embeddable":true,"href":"https:\/\/miltonmarchioli.com.br\/blog\/wp-json\/wp\/v2\/categories?post=13137"},{"taxonomy":"post_tag","embeddable":true,"href":"https:\/\/miltonmarchioli.com.br\/blog\/wp-json\/wp\/v2\/tags?post=13137"}],"curies":[{"name":"wp","href":"https:\/\/api.w.org\/{rel}","templated":true}]}}