{"id":13150,"date":"2017-10-13T22:30:58","date_gmt":"2017-10-14T01:30:58","guid":{"rendered":"http:\/\/miltonmarchioli.com.br\/blog\/?p=13150"},"modified":"2017-10-13T22:36:28","modified_gmt":"2017-10-14T01:36:28","slug":"divida-da-famema-com-a-fazenda-nacional-passa-de-r-500-milhoes-divida-previdenciaria-ultrapassa-r-295-milhoes","status":"publish","type":"post","link":"https:\/\/miltonmarchioli.com.br\/blog\/divida-da-famema-com-a-fazenda-nacional-passa-de-r-500-milhoes-divida-previdenciaria-ultrapassa-r-295-milhoes\/","title":{"rendered":"D\u00edvida da Famema com a Fazenda Nacional passa de R$ 500 milh\u00f5es. D\u00edvida previdenci\u00e1ria ultrapassa R$ 295 milh\u00f5es."},"content":{"rendered":"<p><a href=\"https:\/\/miltonmarchioli.com.br\/blog\/wp-content\/uploads\/D\u00cdVIDA-3.png\"><img loading=\"lazy\" decoding=\"async\" class=\"alignleft wp-image-13153\" src=\"https:\/\/miltonmarchioli.com.br\/blog\/wp-content\/uploads\/D\u00cdVIDA-3.png\" alt=\"D\u00cdVIDA 3\" width=\"269\" height=\"269\" srcset=\"https:\/\/miltonmarchioli.com.br\/blog\/wp-content\/uploads\/D\u00cdVIDA-3.png 300w, https:\/\/miltonmarchioli.com.br\/blog\/wp-content\/uploads\/D\u00cdVIDA-3-150x150.png 150w\" sizes=\"auto, (max-width: 269px) 100vw, 269px\" \/><\/a>A D\u00edvida Tribut\u00e1ria da Faculdade de Medicina de Mar\u00edlia (Famema) com a Fazenda Nacional \u00e9 de R$ 500.826.471,13.\u00a0 A D\u00edvida Previdenci\u00e1ria \u00e9\u00a0 de R$ 295.052.581,50. A D\u00edvida\u00a0 Tribut\u00e1ria N\u00e3o Previdenci\u00e1ria \u00e9 de R$ 200.773.889, 63.<\/p>\n<p>O acesso foi feito no dia 12 de outubro de 2017.<\/p>\n<p>O link para acesso \u00e9: https:\/\/www2.pgfn.fazenda.gov.br\/ecac\/contribuinte\/devedores\/listaDevedores.jsf<\/p>\n<p>Basta informar o CNPJ e pesquisar.<\/p>\n<p>As quest\u00f5es concernentes ao conceito de D\u00edvida Ativa s\u00e3o de grande interesse para a Fazenda Nacional, em virtude do papel relevant\u00edssimo da institui\u00e7\u00e3o na cobran\u00e7a e recupera\u00e7\u00e3o de cr\u00e9ditos da Uni\u00e3o.<\/p>\n<p>Ainda que se questione e discuta a efetividade da execu\u00e7\u00e3o fiscal no seu prop\u00f3sito de satisfa\u00e7\u00e3o da pretens\u00e3o credit\u00f3ria fazend\u00e1ria, \u00e9 ineg\u00e1vel que a a\u00e7\u00e3o executiva possui enorme import\u00e2ncia para a Fazenda Nacional.<\/p>\n<p>Assim, as discuss\u00f5es relativas \u00e0 inscri\u00e7\u00e3o na D\u00edvida Ativa s\u00e3o de suma relev\u00e2ncia para o tratamento adequado da execu\u00e7\u00e3o fiscal, na medida em que tal a\u00e7\u00e3o lastreia-se na Certid\u00e3o de D\u00edvida Ativa (CDA), t\u00edtulo executivo extrajudicial formado em raz\u00e3o da aus\u00eancia de pagamento de cr\u00e9ditos tribut\u00e1rios e n\u00e3o tribut\u00e1rios.<\/p>\n<p>O <strong>art. 2\u00ba da Lei n\u00ba 6.830\/1980<\/strong>\u00a0 disp\u00f5e que a D\u00edvida Ativa da Fazenda P\u00fablica pode ser tribut\u00e1ria ou n\u00e3o tribut\u00e1ria, conforme a definido na Lei n\u00ba 4.320\/1964, <em>in verbis<\/em>:<\/p>\n<p><em>Art. 2\u00ba \u2013 Constitui D\u00edvida Ativa da Fazenda P\u00fablica aquela definida como tribut\u00e1ria ou n\u00e3o tribut\u00e1ria na Lei n\u00ba 4.320, de 17 de mar\u00e7o de 1964, com as altera\u00e7\u00f5es posteriores, que estatui normas gerais de direito financeiro para elabora\u00e7\u00e3o e controle dos or\u00e7amentos e balan\u00e7os da Uni\u00e3o, dos Estados, dos Munic\u00edpios e do Distrito Federal.<\/em><\/p>\n<p><em>1\u00ba \u2013 Qualquer valor, cuja cobran\u00e7a seja atribu\u00edda por lei \u00e0s entidades de que trata o artigo 1\u00ba, ser\u00e1 considerado D\u00edvida Ativa da Fazenda P\u00fablica.<\/em><\/p>\n<p><em>2\u00ba \u2013 A D\u00edvida Ativa da Fazenda P\u00fablica, compreendendo a tribut\u00e1ria e a n\u00e3o tribut\u00e1ria, abrange atualiza\u00e7\u00e3o monet\u00e1ria, juros e multa de mora e demais encargos previstos em lei ou contrato.<\/em><\/p>\n<p>O <strong>art. 39 da Lei n\u00ba 4.320\/1964<\/strong>\u00a0 aduz\u00a0 os cr\u00e9ditos pass\u00edveis de inscri\u00e7\u00e3o em D\u00edvida Ativa, dispondo no \u00a72\u00ba acerca dos cr\u00e9ditos tribut\u00e1rios e n\u00e3o tribut\u00e1rios:<\/p>\n<p><em>Art. 39. Os cr\u00e9ditos da Fazenda P\u00fablica, de natureza tribut\u00e1ria ou n\u00e3o tribut\u00e1ria, ser\u00e3o escriturados como receita do exerc\u00edcio em que forem arrecadados, nas respectivas rubricas or\u00e7ament\u00e1rias.<\/em><\/p>\n<p><em>(\u2026)<\/em><\/p>\n<p><em>2\u00ba \u2013 D\u00edvida Ativa Tribut\u00e1ria \u00e9 o cr\u00e9dito da Fazenda P\u00fablica dessa natureza, proveniente de obriga\u00e7\u00e3o legal relativa a tributos e respectivos adicionais e multas, e D\u00edvida Ativa n\u00e3o Tribut\u00e1ria s\u00e3o os demais cr\u00e9ditos da Fazenda P\u00fablica, tais como os provenientes de empr\u00e9stimos compuls\u00f3rios, contribui\u00e7\u00f5es estabelecidas em lei, multa de qualquer origem ou natureza, exceto as tribut\u00e1rias, foros, laud\u00eamios, alugueis ou taxas de ocupa\u00e7\u00e3o, custas processuais, pre\u00e7os de servi\u00e7os prestados por estabelecimentos p\u00fablicos, indeniza\u00e7\u00f5es, reposi\u00e7\u00f5es, restitui\u00e7\u00f5es, alcances dos respons\u00e1veis definitivamente julgados, bem assim os cr\u00e9ditos decorrentes de obriga\u00e7\u00f5es em moeda estrangeira, de subroga\u00e7\u00e3o de hipoteca, fian\u00e7a, aval ou outra garantia, de contratos em geral ou de outras obriga\u00e7\u00f5es legais.<\/em><\/p>\n<p><em>(\u2026).<\/em><\/p>\n<p>Ao consultar informa\u00e7\u00f5es sobre a Faculdade de Medicina\u00a0 de Mar\u00edlia encontra-se as seguintes informa\u00e7\u00f5es:<\/p>\n<p>D\u00cdVIDA TRIBUT\u00c1RIA N\u00c3O PREVIDENCI\u00c1RIA E TOTAL<\/p>\n<p><a href=\"https:\/\/miltonmarchioli.com.br\/blog\/wp-content\/uploads\/FAMEMA-12-10-2017-N\u00c3O-PREVIDENCI\u00c1RIA.jpg\"><img loading=\"lazy\" decoding=\"async\" class=\"aligncenter size-full wp-image-13151\" src=\"https:\/\/miltonmarchioli.com.br\/blog\/wp-content\/uploads\/FAMEMA-12-10-2017-N\u00c3O-PREVIDENCI\u00c1RIA.jpg\" alt=\"FAMEMA 12-10-2017- N\u00c3O PREVIDENCI\u00c1RIA\" width=\"1917\" height=\"807\" srcset=\"https:\/\/miltonmarchioli.com.br\/blog\/wp-content\/uploads\/FAMEMA-12-10-2017-N\u00c3O-PREVIDENCI\u00c1RIA.jpg 1917w, https:\/\/miltonmarchioli.com.br\/blog\/wp-content\/uploads\/FAMEMA-12-10-2017-N\u00c3O-PREVIDENCI\u00c1RIA-300x126.jpg 300w, https:\/\/miltonmarchioli.com.br\/blog\/wp-content\/uploads\/FAMEMA-12-10-2017-N\u00c3O-PREVIDENCI\u00c1RIA-768x323.jpg 768w, https:\/\/miltonmarchioli.com.br\/blog\/wp-content\/uploads\/FAMEMA-12-10-2017-N\u00c3O-PREVIDENCI\u00c1RIA-1024x431.jpg 1024w\" sizes=\"auto, (max-width: 1917px) 100vw, 1917px\" \/><\/a><\/p>\n<p>D\u00cdVIDA PREVIDENCI\u00c1RIA E TOTAL<\/p>\n<p><a href=\"https:\/\/miltonmarchioli.com.br\/blog\/wp-content\/uploads\/FAMEMA-12-10-2017-PREVIDENCI\u00c1RIA.jpg\"><img loading=\"lazy\" decoding=\"async\" class=\"aligncenter size-full wp-image-13152\" src=\"https:\/\/miltonmarchioli.com.br\/blog\/wp-content\/uploads\/FAMEMA-12-10-2017-PREVIDENCI\u00c1RIA.jpg\" alt=\"FAMEMA 12-10-2017- PREVIDENCI\u00c1RIA\" width=\"1919\" height=\"798\" srcset=\"https:\/\/miltonmarchioli.com.br\/blog\/wp-content\/uploads\/FAMEMA-12-10-2017-PREVIDENCI\u00c1RIA.jpg 1919w, https:\/\/miltonmarchioli.com.br\/blog\/wp-content\/uploads\/FAMEMA-12-10-2017-PREVIDENCI\u00c1RIA-300x125.jpg 300w, https:\/\/miltonmarchioli.com.br\/blog\/wp-content\/uploads\/FAMEMA-12-10-2017-PREVIDENCI\u00c1RIA-768x319.jpg 768w, https:\/\/miltonmarchioli.com.br\/blog\/wp-content\/uploads\/FAMEMA-12-10-2017-PREVIDENCI\u00c1RIA-1024x426.jpg 1024w\" sizes=\"auto, (max-width: 1919px) 100vw, 1919px\" \/><\/a><\/p>\n<p><a href=\"https:\/\/www2.pgfn.fazenda.gov.br\/ecac\/contribuinte\/devedores\/listaDevedores.jsf\">A Procuradoria da Fazenda Nacional por meio do seu site oficial divulga para qualquer cidad\u00e3o brasileiro informa\u00e7\u00f5es relativas \u00e0s funda\u00e7\u00f5es p\u00fablicas e autarquias em d\u00edvidas tribut\u00e1rias e d\u00edvidas previdenci\u00e1rias.<\/a><\/p>\n<p><a href=\"https:\/\/miltonmarchioli.com.br\/blog\/wp-content\/uploads\/D\u00cdVIDA-ATIVA.jpg\"><img loading=\"lazy\" decoding=\"async\" class=\"aligncenter size-full wp-image-13155\" src=\"https:\/\/miltonmarchioli.com.br\/blog\/wp-content\/uploads\/D\u00cdVIDA-ATIVA.jpg\" alt=\"D\u00cdVIDA ATIVA\" width=\"300\" height=\"300\" srcset=\"https:\/\/miltonmarchioli.com.br\/blog\/wp-content\/uploads\/D\u00cdVIDA-ATIVA.jpg 300w, https:\/\/miltonmarchioli.com.br\/blog\/wp-content\/uploads\/D\u00cdVIDA-ATIVA-150x150.jpg 150w\" sizes=\"auto, (max-width: 300px) 100vw, 300px\" \/><\/a><\/p>\n<p>&nbsp;<\/p>\n<div id=\"websigner_softplan_com_br\" class=\"websigner_softplan_com_br\" style=\"display: none;\"><\/div>\n<div id=\"websigner_softplan_com_br\" class=\"websigner_softplan_com_br\" style=\"display: none;\"><\/div>\n<div id=\"websigner_softplan_com_br\" class=\"websigner_softplan_com_br\" style=\"display: none;\"><\/div>\n","protected":false},"excerpt":{"rendered":"<p>A D\u00edvida Tribut\u00e1ria da Faculdade de Medicina de Mar\u00edlia (Famema) com a Fazenda Nacional \u00e9 de R$ 500.826.471,13.\u00a0 A D\u00edvida Previdenci\u00e1ria \u00e9\u00a0 de R$ 295.052.581,50. A D\u00edvida\u00a0 Tribut\u00e1ria N\u00e3o Previdenci\u00e1ria \u00e9 de R$ 200.773.889, 63. O acesso foi feito no dia 12 de outubro de 2017. O link para acesso \u00e9: https:\/\/www2.pgfn.fazenda.gov.br\/ecac\/contribuinte\/devedores\/listaDevedores.jsf Basta informar o &hellip; <a href=\"https:\/\/miltonmarchioli.com.br\/blog\/divida-da-famema-com-a-fazenda-nacional-passa-de-r-500-milhoes-divida-previdenciaria-ultrapassa-r-295-milhoes\/\" class=\"more-link\">Continue lendo <span class=\"screen-reader-text\">D\u00edvida da Famema com a Fazenda Nacional passa de R$ 500 milh\u00f5es. D\u00edvida previdenci\u00e1ria ultrapassa R$ 295 milh\u00f5es.<\/span> <span class=\"meta-nav\">&rarr;<\/span><\/a><\/p>\n","protected":false},"author":2,"featured_media":0,"comment_status":"open","ping_status":"closed","sticky":false,"template":"","format":"standard","meta":{"rop_custom_images_group":[],"rop_custom_messages_group":[],"rop_publish_now":"initial","rop_publish_now_accounts":[],"rop_publish_now_history":[],"rop_publish_now_status":"pending","footnotes":""},"categories":[18,8,332,9],"tags":[202,1146],"class_list":["post-13150","post","type-post","status-publish","format-standard","hentry","category-direito","category-direito-e-saude","category-educacao","category-saude-publica","tag-famema","tag-procuradoria-geral-da-fazenda-nacional"],"_links":{"self":[{"href":"https:\/\/miltonmarchioli.com.br\/blog\/wp-json\/wp\/v2\/posts\/13150","targetHints":{"allow":["GET"]}}],"collection":[{"href":"https:\/\/miltonmarchioli.com.br\/blog\/wp-json\/wp\/v2\/posts"}],"about":[{"href":"https:\/\/miltonmarchioli.com.br\/blog\/wp-json\/wp\/v2\/types\/post"}],"author":[{"embeddable":true,"href":"https:\/\/miltonmarchioli.com.br\/blog\/wp-json\/wp\/v2\/users\/2"}],"replies":[{"embeddable":true,"href":"https:\/\/miltonmarchioli.com.br\/blog\/wp-json\/wp\/v2\/comments?post=13150"}],"version-history":[{"count":3,"href":"https:\/\/miltonmarchioli.com.br\/blog\/wp-json\/wp\/v2\/posts\/13150\/revisions"}],"predecessor-version":[{"id":13158,"href":"https:\/\/miltonmarchioli.com.br\/blog\/wp-json\/wp\/v2\/posts\/13150\/revisions\/13158"}],"wp:attachment":[{"href":"https:\/\/miltonmarchioli.com.br\/blog\/wp-json\/wp\/v2\/media?parent=13150"}],"wp:term":[{"taxonomy":"category","embeddable":true,"href":"https:\/\/miltonmarchioli.com.br\/blog\/wp-json\/wp\/v2\/categories?post=13150"},{"taxonomy":"post_tag","embeddable":true,"href":"https:\/\/miltonmarchioli.com.br\/blog\/wp-json\/wp\/v2\/tags?post=13150"}],"curies":[{"name":"wp","href":"https:\/\/api.w.org\/{rel}","templated":true}]}}