{"id":14025,"date":"2022-07-24T22:41:14","date_gmt":"2022-07-25T01:41:14","guid":{"rendered":"https:\/\/www.miltonmarchioli.com.br\/blog\/?p=14025"},"modified":"2022-07-24T22:44:22","modified_gmt":"2022-07-25T01:44:22","slug":"pastor-marcos-kopeska-aborda-depressao-na-percepcao-teologica-crista","status":"publish","type":"post","link":"https:\/\/miltonmarchioli.com.br\/blog\/pastor-marcos-kopeska-aborda-depressao-na-percepcao-teologica-crista\/","title":{"rendered":"Pastor Marcos Kopeska aborda Depress\u00e3o na percep\u00e7\u00e3o teol\u00f3gica crist\u00e3"},"content":{"rendered":"<p><a href=\"http:\/\/www.miltonmarchioli.com.br\/blog\/wp-content\/uploads\/marchioli-e-kopeska-3.jpg\"><img loading=\"lazy\" decoding=\"async\" class=\"alignleft size-medium wp-image-14027\" src=\"http:\/\/www.miltonmarchioli.com.br\/blog\/wp-content\/uploads\/marchioli-e-kopeska-3-225x300.jpg\" alt=\"\" width=\"225\" height=\"300\" srcset=\"https:\/\/miltonmarchioli.com.br\/blog\/wp-content\/uploads\/marchioli-e-kopeska-3-225x300.jpg 225w, https:\/\/miltonmarchioli.com.br\/blog\/wp-content\/uploads\/marchioli-e-kopeska-3-768x1024.jpg 768w, https:\/\/miltonmarchioli.com.br\/blog\/wp-content\/uploads\/marchioli-e-kopeska-3-1152x1536.jpg 1152w, https:\/\/miltonmarchioli.com.br\/blog\/wp-content\/uploads\/marchioli-e-kopeska-3.jpg 1200w\" sizes=\"auto, (max-width: 225px) 100vw, 225px\" \/><\/a>No dia 22\/07\/220, nas depend\u00eancias da Livraria Manah, o\u00a0 Pastor Marcos Kopeska , pastor da 3 \u00aa Igreja Presbiteriana Independente de Mar\u00edlia publicou o livro &#8220;Enfrentando e Superando a Depress\u00e3o&#8221;, Editora Esperan\u00e7a.<\/p>\n<p>O tema \u00e9 muito interessante, pois dados da Organiza\u00e7\u00e3o Mundial da Sa\u00fade, apontam aumento percentual da Depress\u00e3o na popula\u00e7\u00e3o mundial.<\/p>\n<p>O grande diferencial desse livro \u00e9 abordagem do tema Depress\u00e3o com a abordagem teol\u00f3gica crist\u00e3.<\/p>\n<p>A neurologia mudou completamente a abordagem do tema Depress\u00e3o quando os exames complementares como PET Scan, ou\u00a0 tomografia computadorizada por emiss\u00e3o de p\u00f3sitrons, passou a ser utilizado para diagnosticar precocemente doen\u00e7as neurol\u00f3gicas e o funcionamento do c\u00e9rebro.<\/p>\n<p>Esse exame \u00e9 capaz de mostrar o funcionamento do sistema nervoso central atrav\u00e9s da administra\u00e7\u00e3o de uma subst\u00e2ncia radioativa (glicose marcada com uma subst\u00e2ncia radioativa)\u00a0 que quando absorvida, emite radia\u00e7\u00e3o que \u00e9 captada pelo equipamento e transformada em imagem.<\/p>\n<p>Al\u00e9m de ser muito aplicado na oncologia, o PET scan tamb\u00e9m possui utilidade no diagn\u00f3stico de doen\u00e7as neurol\u00f3gicas, como o Alzheimer, epilepsia, e no caso em tela, a Depress\u00e3o.<\/p>\n<p>Na Depress\u00e3o h\u00e1 altera\u00e7\u00f5es em v\u00e1rios regi\u00f5es do c\u00e9rebro como foi abordado no livro com o tema &#8221; Enfrentando e Superando a Depress\u00e3o&#8221;, e o mais importante \u00e9 a correla\u00e7\u00e3o entre a neuroci\u00eancia e a vis\u00e3o teol\u00f3gica crist\u00e3, mostrando que a Depress\u00e3o j\u00e1 era abordada tanto no Velho Testamento como no Novo Testamento.<\/p>\n<p>Estive no lan\u00e7amento do livro do Pastor Kopeska, e agradecemos a bela dedicat\u00f3ria, e reitero a que a minha forma\u00e7\u00e3o na vida crist\u00e3 deveu-se muito aos\u00a0 conselhos pastorais do Pastor Kopeska, ou em n\u00edvel no dia a dia, ou mesmo na igreja, na qual \u00e9 o pastor presidente hoje na 3\u00aa Igreja Presbiteriana Independente de Mar\u00edlia.<\/p>\n<p>Recomendamos a leitura desse livro tamb\u00e9m para profissionais da \u00e1rea da sa\u00fade pela vis\u00e3o hol\u00edstica sobre Depress\u00e3o no s\u00e9culo 21 e que vem crescendo de maneira alarmante na popula\u00e7\u00e3o brasileira e mundial: teologia crist\u00e3 e neuroci\u00eancia.<\/p>\n<p><a href=\"http:\/\/www.miltonmarchioli.com.br\/blog\/wp-content\/uploads\/marchioli-e-kopeska.jpg\"><img loading=\"lazy\" decoding=\"async\" class=\"aligncenter size-large wp-image-14026\" src=\"http:\/\/www.miltonmarchioli.com.br\/blog\/wp-content\/uploads\/marchioli-e-kopeska-1024x768.jpg\" alt=\"\" width=\"474\" height=\"356\" srcset=\"https:\/\/miltonmarchioli.com.br\/blog\/wp-content\/uploads\/marchioli-e-kopeska-1024x768.jpg 1024w, https:\/\/miltonmarchioli.com.br\/blog\/wp-content\/uploads\/marchioli-e-kopeska-300x225.jpg 300w, https:\/\/miltonmarchioli.com.br\/blog\/wp-content\/uploads\/marchioli-e-kopeska-768x576.jpg 768w, https:\/\/miltonmarchioli.com.br\/blog\/wp-content\/uploads\/marchioli-e-kopeska-1536x1152.jpg 1536w, https:\/\/miltonmarchioli.com.br\/blog\/wp-content\/uploads\/marchioli-e-kopeska.jpg 1600w\" sizes=\"auto, (max-width: 474px) 100vw, 474px\" \/><\/a><\/p>\n","protected":false},"excerpt":{"rendered":"<p>No dia 22\/07\/220, nas depend\u00eancias da Livraria Manah, o\u00a0 Pastor Marcos Kopeska , pastor da 3 \u00aa Igreja Presbiteriana Independente de Mar\u00edlia publicou o livro &#8220;Enfrentando e Superando a Depress\u00e3o&#8221;, Editora Esperan\u00e7a. O tema \u00e9 muito interessante, pois dados da Organiza\u00e7\u00e3o Mundial da Sa\u00fade, apontam aumento percentual da Depress\u00e3o na popula\u00e7\u00e3o mundial. O grande diferencial &hellip; <a href=\"https:\/\/miltonmarchioli.com.br\/blog\/pastor-marcos-kopeska-aborda-depressao-na-percepcao-teologica-crista\/\" class=\"more-link\">Continue lendo <span class=\"screen-reader-text\">Pastor Marcos Kopeska aborda Depress\u00e3o na percep\u00e7\u00e3o teol\u00f3gica crist\u00e3<\/span> <span class=\"meta-nav\">&rarr;<\/span><\/a><\/p>\n","protected":false},"author":2,"featured_media":0,"comment_status":"open","ping_status":"closed","sticky":false,"template":"","format":"standard","meta":{"rop_custom_images_group":[],"rop_custom_messages_group":[],"rop_publish_now":"initial","rop_publish_now_accounts":[],"rop_publish_now_history":[],"rop_publish_now_status":"pending","footnotes":""},"categories":[1075,9,298],"tags":[1314],"class_list":["post-14025","post","type-post","status-publish","format-standard","hentry","category-medicina","category-saude-publica","category-teologia","tag-enfrentando-e-superando-a-depressao"],"_links":{"self":[{"href":"https:\/\/miltonmarchioli.com.br\/blog\/wp-json\/wp\/v2\/posts\/14025","targetHints":{"allow":["GET"]}}],"collection":[{"href":"https:\/\/miltonmarchioli.com.br\/blog\/wp-json\/wp\/v2\/posts"}],"about":[{"href":"https:\/\/miltonmarchioli.com.br\/blog\/wp-json\/wp\/v2\/types\/post"}],"author":[{"embeddable":true,"href":"https:\/\/miltonmarchioli.com.br\/blog\/wp-json\/wp\/v2\/users\/2"}],"replies":[{"embeddable":true,"href":"https:\/\/miltonmarchioli.com.br\/blog\/wp-json\/wp\/v2\/comments?post=14025"}],"version-history":[{"count":3,"href":"https:\/\/miltonmarchioli.com.br\/blog\/wp-json\/wp\/v2\/posts\/14025\/revisions"}],"predecessor-version":[{"id":14030,"href":"https:\/\/miltonmarchioli.com.br\/blog\/wp-json\/wp\/v2\/posts\/14025\/revisions\/14030"}],"wp:attachment":[{"href":"https:\/\/miltonmarchioli.com.br\/blog\/wp-json\/wp\/v2\/media?parent=14025"}],"wp:term":[{"taxonomy":"category","embeddable":true,"href":"https:\/\/miltonmarchioli.com.br\/blog\/wp-json\/wp\/v2\/categories?post=14025"},{"taxonomy":"post_tag","embeddable":true,"href":"https:\/\/miltonmarchioli.com.br\/blog\/wp-json\/wp\/v2\/tags?post=14025"}],"curies":[{"name":"wp","href":"https:\/\/api.w.org\/{rel}","templated":true}]}}