{"id":14032,"date":"2022-09-30T16:08:37","date_gmt":"2022-09-30T19:08:37","guid":{"rendered":"https:\/\/www.miltonmarchioli.com.br\/blog\/?p=14032"},"modified":"2022-10-17T16:35:42","modified_gmt":"2022-10-17T19:35:42","slug":"alunos-da-famema-protestam-por-melhorias-nos-cursos-de-enfermagem-e-medicina","status":"publish","type":"post","link":"https:\/\/miltonmarchioli.com.br\/blog\/alunos-da-famema-protestam-por-melhorias-nos-cursos-de-enfermagem-e-medicina\/","title":{"rendered":"Alunos da Famema protestam por melhorias nos cursos de enfermagem e medicina"},"content":{"rendered":"<p><a href=\"http:\/\/www.miltonmarchioli.com.br\/blog\/wp-content\/uploads\/WhatsApp-Image-2022-09-30-at-12.35.25-22.jpeg\"><img loading=\"lazy\" decoding=\"async\" class=\"alignleft size-medium wp-image-14033\" src=\"http:\/\/www.miltonmarchioli.com.br\/blog\/wp-content\/uploads\/WhatsApp-Image-2022-09-30-at-12.35.25-22-300x225.jpeg\" alt=\"\" width=\"300\" height=\"225\" srcset=\"https:\/\/miltonmarchioli.com.br\/blog\/wp-content\/uploads\/WhatsApp-Image-2022-09-30-at-12.35.25-22-300x225.jpeg 300w, https:\/\/miltonmarchioli.com.br\/blog\/wp-content\/uploads\/WhatsApp-Image-2022-09-30-at-12.35.25-22-1024x768.jpeg 1024w, https:\/\/miltonmarchioli.com.br\/blog\/wp-content\/uploads\/WhatsApp-Image-2022-09-30-at-12.35.25-22-768x576.jpeg 768w, https:\/\/miltonmarchioli.com.br\/blog\/wp-content\/uploads\/WhatsApp-Image-2022-09-30-at-12.35.25-22-1536x1152.jpeg 1536w, https:\/\/miltonmarchioli.com.br\/blog\/wp-content\/uploads\/WhatsApp-Image-2022-09-30-at-12.35.25-22.jpeg 1600w\" sizes=\"auto, (max-width: 300px) 100vw, 300px\" \/><\/a>No dias 29 e 30 de setembro nas depend\u00eancias da faculdade houve manifesta\u00e7\u00e3o de alunos exigindo melhorias na infraestrutura do curso: mais laborat\u00f3rios e mais contrata\u00e7\u00e3o de professores.<\/p>\n<p>O movimento estudantil ocorreu durante dois per\u00edodos, manh\u00e3 e tarde, nos dias 29 e 30 de setembro com o intuito de se pretender por melhorias nos cursos da institui\u00e7\u00e3o &#8211; FAMEMA- Faculdade de Medicina de Mar\u00edlia.<\/p>\n<p>Houve redu\u00e7\u00e3o de professores ao longo dos \u00faltimos anos e h\u00e1 previs\u00e3o de concurso p\u00fablico para 2023 segundo informa\u00e7\u00f5es da pr\u00f3pria institui\u00e7\u00e3o em contrato de trabalho tempor\u00e1rio.<\/p>\n<p><a href=\"http:\/\/www.miltonmarchioli.com.br\/blog\/wp-content\/uploads\/WhatsApp-Image-2022-09-29-at-13.44.28-3.jpeg\"><img loading=\"lazy\" decoding=\"async\" class=\"aligncenter size-full wp-image-14036\" src=\"http:\/\/www.miltonmarchioli.com.br\/blog\/wp-content\/uploads\/WhatsApp-Image-2022-09-29-at-13.44.28-3.jpeg\" alt=\"\" width=\"1600\" height=\"1200\" srcset=\"https:\/\/miltonmarchioli.com.br\/blog\/wp-content\/uploads\/WhatsApp-Image-2022-09-29-at-13.44.28-3.jpeg 1600w, https:\/\/miltonmarchioli.com.br\/blog\/wp-content\/uploads\/WhatsApp-Image-2022-09-29-at-13.44.28-3-300x225.jpeg 300w, https:\/\/miltonmarchioli.com.br\/blog\/wp-content\/uploads\/WhatsApp-Image-2022-09-29-at-13.44.28-3-1024x768.jpeg 1024w, https:\/\/miltonmarchioli.com.br\/blog\/wp-content\/uploads\/WhatsApp-Image-2022-09-29-at-13.44.28-3-768x576.jpeg 768w, https:\/\/miltonmarchioli.com.br\/blog\/wp-content\/uploads\/WhatsApp-Image-2022-09-29-at-13.44.28-3-1536x1152.jpeg 1536w\" sizes=\"auto, (max-width: 1600px) 100vw, 1600px\" \/><\/a><\/p>\n<p>Alguns concursos em contrato de trabalho tempor\u00e1rio foram realizados nesse ano de 2022, e que terminam em fevereiro de 2023.<\/p>\n<p><a href=\"http:\/\/www.miltonmarchioli.com.br\/blog\/wp-content\/uploads\/WhatsApp-Image-2022-09-29-at-13.44.30-3.jpeg\"><img loading=\"lazy\" decoding=\"async\" class=\"aligncenter size-full wp-image-14034\" src=\"http:\/\/www.miltonmarchioli.com.br\/blog\/wp-content\/uploads\/WhatsApp-Image-2022-09-29-at-13.44.30-3.jpeg\" alt=\"\" width=\"1599\" height=\"777\" srcset=\"https:\/\/miltonmarchioli.com.br\/blog\/wp-content\/uploads\/WhatsApp-Image-2022-09-29-at-13.44.30-3.jpeg 1599w, https:\/\/miltonmarchioli.com.br\/blog\/wp-content\/uploads\/WhatsApp-Image-2022-09-29-at-13.44.30-3-300x146.jpeg 300w, https:\/\/miltonmarchioli.com.br\/blog\/wp-content\/uploads\/WhatsApp-Image-2022-09-29-at-13.44.30-3-1024x498.jpeg 1024w, https:\/\/miltonmarchioli.com.br\/blog\/wp-content\/uploads\/WhatsApp-Image-2022-09-29-at-13.44.30-3-768x373.jpeg 768w, https:\/\/miltonmarchioli.com.br\/blog\/wp-content\/uploads\/WhatsApp-Image-2022-09-29-at-13.44.30-3-1536x746.jpeg 1536w\" sizes=\"auto, (max-width: 1599px) 100vw, 1599px\" \/><\/a><\/p>\n<p>&nbsp;<\/p>\n","protected":false},"excerpt":{"rendered":"<p>No dias 29 e 30 de setembro nas depend\u00eancias da faculdade houve manifesta\u00e7\u00e3o de alunos exigindo melhorias na infraestrutura do curso: mais laborat\u00f3rios e mais contrata\u00e7\u00e3o de professores. O movimento estudantil ocorreu durante dois per\u00edodos, manh\u00e3 e tarde, nos dias 29 e 30 de setembro com o intuito de se pretender por melhorias nos cursos &hellip; <a href=\"https:\/\/miltonmarchioli.com.br\/blog\/alunos-da-famema-protestam-por-melhorias-nos-cursos-de-enfermagem-e-medicina\/\" class=\"more-link\">Continue lendo <span class=\"screen-reader-text\">Alunos da Famema protestam por melhorias nos cursos de enfermagem e medicina<\/span> <span class=\"meta-nav\">&rarr;<\/span><\/a><\/p>\n","protected":false},"author":2,"featured_media":0,"comment_status":"open","ping_status":"closed","sticky":false,"template":"","format":"standard","meta":{"rop_custom_images_group":[],"rop_custom_messages_group":[],"rop_publish_now":"initial","rop_publish_now_accounts":[],"rop_publish_now_history":[],"rop_publish_now_status":"pending","footnotes":""},"categories":[332],"tags":[1315],"class_list":["post-14032","post","type-post","status-publish","format-standard","hentry","category-educacao","tag-protestos-de-alunos-na-famema-2022"],"_links":{"self":[{"href":"https:\/\/miltonmarchioli.com.br\/blog\/wp-json\/wp\/v2\/posts\/14032","targetHints":{"allow":["GET"]}}],"collection":[{"href":"https:\/\/miltonmarchioli.com.br\/blog\/wp-json\/wp\/v2\/posts"}],"about":[{"href":"https:\/\/miltonmarchioli.com.br\/blog\/wp-json\/wp\/v2\/types\/post"}],"author":[{"embeddable":true,"href":"https:\/\/miltonmarchioli.com.br\/blog\/wp-json\/wp\/v2\/users\/2"}],"replies":[{"embeddable":true,"href":"https:\/\/miltonmarchioli.com.br\/blog\/wp-json\/wp\/v2\/comments?post=14032"}],"version-history":[{"count":3,"href":"https:\/\/miltonmarchioli.com.br\/blog\/wp-json\/wp\/v2\/posts\/14032\/revisions"}],"predecessor-version":[{"id":14041,"href":"https:\/\/miltonmarchioli.com.br\/blog\/wp-json\/wp\/v2\/posts\/14032\/revisions\/14041"}],"wp:attachment":[{"href":"https:\/\/miltonmarchioli.com.br\/blog\/wp-json\/wp\/v2\/media?parent=14032"}],"wp:term":[{"taxonomy":"category","embeddable":true,"href":"https:\/\/miltonmarchioli.com.br\/blog\/wp-json\/wp\/v2\/categories?post=14032"},{"taxonomy":"post_tag","embeddable":true,"href":"https:\/\/miltonmarchioli.com.br\/blog\/wp-json\/wp\/v2\/tags?post=14032"}],"curies":[{"name":"wp","href":"https:\/\/api.w.org\/{rel}","templated":true}]}}