{"id":14183,"date":"2025-04-10T23:10:13","date_gmt":"2025-04-11T02:10:13","guid":{"rendered":"https:\/\/miltonmarchioli.com.br\/blog\/?p=14183"},"modified":"2025-05-03T18:42:57","modified_gmt":"2025-05-03T21:42:57","slug":"cristianismo-se-vive-na-vida-e-nao-quando-se-morre-depois-da-morte-vem-o-julgamento-de-cristo-jesus","status":"publish","type":"post","link":"https:\/\/miltonmarchioli.com.br\/blog\/cristianismo-se-vive-na-vida-e-nao-quando-se-morre-depois-da-morte-vem-o-julgamento-de-cristo-jesus\/","title":{"rendered":"Cristianismo se vive na vida e n\u00e3o quando se morre ! Depois da morte vem o julgamento de Cristo Jesus!"},"content":{"rendered":"<p><a href=\"https:\/\/miltonmarchioli.com.br\/blog\/wp-content\/uploads\/FOTO-CULTO-IGREJA-ASSEMBLEIA-DE-DEUS.jpg\"><img loading=\"lazy\" decoding=\"async\" class=\"alignleft size-medium wp-image-14184\" src=\"https:\/\/miltonmarchioli.com.br\/blog\/wp-content\/uploads\/FOTO-CULTO-IGREJA-ASSEMBLEIA-DE-DEUS-225x300.jpg\" alt=\"\" width=\"225\" height=\"300\" srcset=\"https:\/\/miltonmarchioli.com.br\/blog\/wp-content\/uploads\/FOTO-CULTO-IGREJA-ASSEMBLEIA-DE-DEUS-225x300.jpg 225w, https:\/\/miltonmarchioli.com.br\/blog\/wp-content\/uploads\/FOTO-CULTO-IGREJA-ASSEMBLEIA-DE-DEUS-768x1024.jpg 768w, https:\/\/miltonmarchioli.com.br\/blog\/wp-content\/uploads\/FOTO-CULTO-IGREJA-ASSEMBLEIA-DE-DEUS-1152x1536.jpg 1152w, https:\/\/miltonmarchioli.com.br\/blog\/wp-content\/uploads\/FOTO-CULTO-IGREJA-ASSEMBLEIA-DE-DEUS.jpg 1200w\" sizes=\"auto, (max-width: 225px) 100vw, 225px\" \/><\/a><\/p>\n<p>No dia 10 de abril de 2025\u00a0 estive na Assembleia de Deus, Minist\u00e9rio Mar\u00edlia,\u00a0 Jardim , bairro\u00a0 Flamingo,\u00a0 sendo convidado pela Pastora Lourdes Santana e do Pastor Anselmo para anunciar a palavra de Deus\u00a0 aos irm\u00e3os da cidade de Mar\u00edlia.<\/p>\n<p>A mensagem\u00a0 foi esta\u00a0 pregada aos irm\u00e3os:<\/p>\n<p><strong>Lucas 16:19-31<\/strong><\/p>\n<p>\u00b9\u2079 Ora, havia um homem rico, e vestia-se de p\u00farpura e de linho fin\u00edssimo, e vivia todos os dias regalada e esplendidamente.<br \/>\n\u00b2\u2070 Havia tamb\u00e9m um certo mendigo, chamado L\u00e1zaro, que jazia cheio de chagas \u00e0 porta daquele;<br \/>\n\u00b2\u00b9 E desejava alimentar-se com as migalhas que ca\u00edam da mesa do rico; e os pr\u00f3prios c\u00e3es vinham lamber-lhe as chagas.<br \/>\n\u00b2\u00b2 E aconteceu que o mendigo morreu, e foi levado pelos anjos para o seio de Abra\u00e3o; e morreu tamb\u00e9m o rico, e foi sepultado.<br \/>\n\u00b2\u00b3 E no inferno, ergueu os olhos, estando em tormentos, e viu ao longe Abra\u00e3o, e L\u00e1zaro no seu seio.<br \/>\n\u00b2\u2074 E, clamando, disse: Pai Abra\u00e3o, tem miseric\u00f3rdia de mim, e manda a L\u00e1zaro, que molhe na \u00e1gua a ponta do seu dedo e me refresque a l\u00edngua, porque estou atormentado nesta chama.<br \/>\n\u00b2\u2075 Disse, por\u00e9m, Abra\u00e3o: Filho, lembra-te de que recebeste os teus bens em tua vida, e L\u00e1zaro somente males; e agora este \u00e9 consolado e tu atormentado.<br \/>\n\u00b2\u2076 E, al\u00e9m de tudo isto, est\u00e1 posto um grande abismo entre n\u00f3s e v\u00f3s, de sorte que os que quisessem passar daqui para v\u00f3s n\u00e3o poderiam, nem tampouco os de l\u00e1 passar para c\u00e1.<br \/>\n\u00b2\u2077 E disse ele: Rogo-te, pois, \u00f3 pai, que o mandes \u00e0 casa de meu pai,<br \/>\n\u00b2\u2078 Pois tenho cinco irm\u00e3os; para que lhes d\u00ea testemunho, a fim de que n\u00e3o venham tamb\u00e9m para este lugar de tormento.<br \/>\n\u00b2\u2079 Disse-lhe Abra\u00e3o: T\u00eam Mois\u00e9s e os profetas; ou\u00e7am-nos.<br \/>\n\u00b3\u2070 E disse ele: N\u00e3o, pai Abra\u00e3o; mas, se algum dentre os mortos fosse ter com eles, arrepender-se-iam.<br \/>\n\u00b3\u00b9 Por\u00e9m, ele lhe disse: Se n\u00e3o ouvem a Mois\u00e9s e aos profetas, tampouco ser\u00e3o persuadidos, ainda que algum dos mortos ressuscite.<\/p>\n<p>Lucas 16:19-31<\/p>\n<p>Agrade\u00e7o aos irm\u00e3os\u00a0 da Igreja de Jesus Cristo pela recep\u00e7\u00e3o.<\/p>\n<p>Que o Senhor Jesus\u00a0 aben\u00e7\u00f5e a todos os seus servos e servas que o receberam como autor e consumador da nossa f\u00e9!<\/p>\n<p><a href=\"https:\/\/miltonmarchioli.com.br\/blog\/wp-content\/uploads\/FOTO-CULTO-IGREJA-ASSEMBLEIA-DE-DEUS-2.jpg\"><img loading=\"lazy\" decoding=\"async\" class=\"aligncenter size-large wp-image-14185\" src=\"https:\/\/miltonmarchioli.com.br\/blog\/wp-content\/uploads\/FOTO-CULTO-IGREJA-ASSEMBLEIA-DE-DEUS-2-768x1024.jpg\" alt=\"\" width=\"474\" height=\"632\" srcset=\"https:\/\/miltonmarchioli.com.br\/blog\/wp-content\/uploads\/FOTO-CULTO-IGREJA-ASSEMBLEIA-DE-DEUS-2-768x1024.jpg 768w, https:\/\/miltonmarchioli.com.br\/blog\/wp-content\/uploads\/FOTO-CULTO-IGREJA-ASSEMBLEIA-DE-DEUS-2-225x300.jpg 225w, https:\/\/miltonmarchioli.com.br\/blog\/wp-content\/uploads\/FOTO-CULTO-IGREJA-ASSEMBLEIA-DE-DEUS-2-1152x1536.jpg 1152w, https:\/\/miltonmarchioli.com.br\/blog\/wp-content\/uploads\/FOTO-CULTO-IGREJA-ASSEMBLEIA-DE-DEUS-2.jpg 1200w\" sizes=\"auto, (max-width: 474px) 100vw, 474px\" \/><\/a><\/p>\n","protected":false},"excerpt":{"rendered":"<p>No dia 10 de abril de 2025\u00a0 estive na Assembleia de Deus, Minist\u00e9rio Mar\u00edlia,\u00a0 Jardim , bairro\u00a0 Flamingo,\u00a0 sendo convidado pela Pastora Lourdes Santana e do Pastor Anselmo para anunciar a palavra de Deus\u00a0 aos irm\u00e3os da cidade de Mar\u00edlia. A mensagem\u00a0 foi esta\u00a0 pregada aos irm\u00e3os: Lucas 16:19-31 \u00b9\u2079 Ora, havia um homem rico, &hellip; <a href=\"https:\/\/miltonmarchioli.com.br\/blog\/cristianismo-se-vive-na-vida-e-nao-quando-se-morre-depois-da-morte-vem-o-julgamento-de-cristo-jesus\/\" class=\"more-link\">Continue lendo <span class=\"screen-reader-text\">Cristianismo se vive na vida e n\u00e3o quando se morre ! Depois da morte vem o julgamento de Cristo Jesus!<\/span> <span class=\"meta-nav\">&rarr;<\/span><\/a><\/p>\n","protected":false},"author":2,"featured_media":0,"comment_status":"open","ping_status":"closed","sticky":false,"template":"","format":"standard","meta":{"rop_custom_images_group":[],"rop_custom_messages_group":[],"rop_publish_now":"initial","rop_publish_now_accounts":[],"rop_publish_now_history":[],"rop_publish_now_status":"pending","footnotes":""},"categories":[298],"tags":[1342,1343],"class_list":["post-14183","post","type-post","status-publish","format-standard","hentry","category-teologia","tag-jesus-cristo-autor-e-consumador-da-nossa-fe","tag-jesus-cristo-o-nosso-salvador"],"_links":{"self":[{"href":"https:\/\/miltonmarchioli.com.br\/blog\/wp-json\/wp\/v2\/posts\/14183","targetHints":{"allow":["GET"]}}],"collection":[{"href":"https:\/\/miltonmarchioli.com.br\/blog\/wp-json\/wp\/v2\/posts"}],"about":[{"href":"https:\/\/miltonmarchioli.com.br\/blog\/wp-json\/wp\/v2\/types\/post"}],"author":[{"embeddable":true,"href":"https:\/\/miltonmarchioli.com.br\/blog\/wp-json\/wp\/v2\/users\/2"}],"replies":[{"embeddable":true,"href":"https:\/\/miltonmarchioli.com.br\/blog\/wp-json\/wp\/v2\/comments?post=14183"}],"version-history":[{"count":2,"href":"https:\/\/miltonmarchioli.com.br\/blog\/wp-json\/wp\/v2\/posts\/14183\/revisions"}],"predecessor-version":[{"id":14187,"href":"https:\/\/miltonmarchioli.com.br\/blog\/wp-json\/wp\/v2\/posts\/14183\/revisions\/14187"}],"wp:attachment":[{"href":"https:\/\/miltonmarchioli.com.br\/blog\/wp-json\/wp\/v2\/media?parent=14183"}],"wp:term":[{"taxonomy":"category","embeddable":true,"href":"https:\/\/miltonmarchioli.com.br\/blog\/wp-json\/wp\/v2\/categories?post=14183"},{"taxonomy":"post_tag","embeddable":true,"href":"https:\/\/miltonmarchioli.com.br\/blog\/wp-json\/wp\/v2\/tags?post=14183"}],"curies":[{"name":"wp","href":"https:\/\/api.w.org\/{rel}","templated":true}]}}