{"id":14191,"date":"2025-05-04T20:27:10","date_gmt":"2025-05-04T23:27:10","guid":{"rendered":"https:\/\/miltonmarchioli.com.br\/blog\/?p=14191"},"modified":"2025-05-04T20:48:06","modified_gmt":"2025-05-04T23:48:06","slug":"lancamento-da-pedra-fundamental-da-famema-em-2022-em-2025-ainda-se-aguarda-verbas-da-uniao-para-iniciar-o-campus-da-famema","status":"publish","type":"post","link":"https:\/\/miltonmarchioli.com.br\/blog\/lancamento-da-pedra-fundamental-da-famema-em-2022-em-2025-ainda-se-aguarda-verbas-da-uniao-para-iniciar-o-campus-da-famema\/","title":{"rendered":"Lan\u00e7amento da Pedra Fundamental da Famema em 2022. Em 2025 ainda se aguardam verbas da uni\u00e3o para iniciar o c\u00e2mpus da Famema"},"content":{"rendered":"<p><a href=\"https:\/\/miltonmarchioli.com.br\/blog\/wp-content\/uploads\/PLACA-LANCAMENTO-PEDRA-FUINDAMENTAL-CAMPUS-FAMEMA.jpg\"><img loading=\"lazy\" decoding=\"async\" class=\"alignleft wp-image-14193\" src=\"https:\/\/miltonmarchioli.com.br\/blog\/wp-content\/uploads\/PLACA-LANCAMENTO-PEDRA-FUINDAMENTAL-CAMPUS-FAMEMA-364x1024.jpg\" alt=\"\" width=\"257\" height=\"723\" srcset=\"https:\/\/miltonmarchioli.com.br\/blog\/wp-content\/uploads\/PLACA-LANCAMENTO-PEDRA-FUINDAMENTAL-CAMPUS-FAMEMA-364x1024.jpg 364w, https:\/\/miltonmarchioli.com.br\/blog\/wp-content\/uploads\/PLACA-LANCAMENTO-PEDRA-FUINDAMENTAL-CAMPUS-FAMEMA-107x300.jpg 107w, https:\/\/miltonmarchioli.com.br\/blog\/wp-content\/uploads\/PLACA-LANCAMENTO-PEDRA-FUINDAMENTAL-CAMPUS-FAMEMA-545x1536.jpg 545w, https:\/\/miltonmarchioli.com.br\/blog\/wp-content\/uploads\/PLACA-LANCAMENTO-PEDRA-FUINDAMENTAL-CAMPUS-FAMEMA.jpg 710w\" sizes=\"auto, (max-width: 257px) 100vw, 257px\" \/><\/a>Em 28 de maio de 2022 realizou-se o lan\u00e7amento da Pedra Fundamental do C\u00e2mpus da Faculdade de Medicina de Mar\u00edlia.<\/p>\n<p>Ap\u00f3s quase tr\u00eas anos, ainda\u00a0 n\u00e3o se iniciaram as obras de constru\u00e7\u00e3o do C\u00e2mpus\u00a0 da Famema.<\/p>\n<p>O terreno\u00a0 ao lado do Tauste \u00e9 de propriedade da Uni\u00e3o\u00a0 e a forma encontrada entre o Governo Federal e a Famema foi a de cess\u00e3o de direitos, e n\u00e3o de doa\u00e7\u00e3o onerosa, e por ser assim, as verbas devem vir da Uni\u00e3o e n\u00e3o do Governo do Estado de S\u00e3o Paulo.<\/p>\n<p>Custo estimado, \u00e0 \u00e9poca, de 100 milh\u00f5es de reais, e nos dias atuais, talvez seja de 200 milh\u00f5es de reais.<\/p>\n<p>Que o C\u00e2mpus da Famema possa se iniciado com a mudan\u00e7a da Diretoria Geral da Famema nesse ano de 2025.<\/p>\n<p><a href=\"https:\/\/www.youtube.com\/watch?v=bfFZBYi_gP0\">A \u00e9poca, o Deputado Federal Vin\u00edcius Carvalho informou que autoriza\u00e7\u00e3o havia acontecido em 2019, e verbas de 62 milh\u00f5es autorizados para in\u00edcio das obras. O Prefeito de Mar\u00edlia, Daniel Alonso, desejou a todos os presentes na inaugura\u00e7\u00e3o que o projeto seria uma grande conquista da cidade de\u00a0 Mar\u00edlia.<\/a><\/p>\n<p><a href=\"https:\/\/miltonmarchioli.com.br\/blog\/wp-content\/uploads\/LOGO-CAMPUS-NOVO-NA-FAMEMA.jpg\"><img loading=\"lazy\" decoding=\"async\" class=\"aligncenter size-full wp-image-14192\" src=\"https:\/\/miltonmarchioli.com.br\/blog\/wp-content\/uploads\/LOGO-CAMPUS-NOVO-NA-FAMEMA.jpg\" alt=\"\" width=\"688\" height=\"362\" srcset=\"https:\/\/miltonmarchioli.com.br\/blog\/wp-content\/uploads\/LOGO-CAMPUS-NOVO-NA-FAMEMA.jpg 688w, https:\/\/miltonmarchioli.com.br\/blog\/wp-content\/uploads\/LOGO-CAMPUS-NOVO-NA-FAMEMA-300x158.jpg 300w\" sizes=\"auto, (max-width: 688px) 100vw, 688px\" \/><\/a><\/p>\n<p>&nbsp;<\/p>\n","protected":false},"excerpt":{"rendered":"<p>Em 28 de maio de 2022 realizou-se o lan\u00e7amento da Pedra Fundamental do C\u00e2mpus da Faculdade de Medicina de Mar\u00edlia. Ap\u00f3s quase tr\u00eas anos, ainda\u00a0 n\u00e3o se iniciaram as obras de constru\u00e7\u00e3o do C\u00e2mpus\u00a0 da Famema. O terreno\u00a0 ao lado do Tauste \u00e9 de propriedade da Uni\u00e3o\u00a0 e a forma encontrada entre o Governo Federal &hellip; <a href=\"https:\/\/miltonmarchioli.com.br\/blog\/lancamento-da-pedra-fundamental-da-famema-em-2022-em-2025-ainda-se-aguarda-verbas-da-uniao-para-iniciar-o-campus-da-famema\/\" class=\"more-link\">Continue lendo <span class=\"screen-reader-text\">Lan\u00e7amento da Pedra Fundamental da Famema em 2022. Em 2025 ainda se aguardam verbas da uni\u00e3o para iniciar o c\u00e2mpus da Famema<\/span> <span class=\"meta-nav\">&rarr;<\/span><\/a><\/p>\n","protected":false},"author":2,"featured_media":0,"comment_status":"open","ping_status":"closed","sticky":false,"template":"","format":"standard","meta":{"rop_custom_images_group":[],"rop_custom_messages_group":[],"rop_publish_now":"initial","rop_publish_now_accounts":[],"rop_publish_now_history":[],"rop_publish_now_status":"pending","footnotes":""},"categories":[332,1075,9],"tags":[1347,1348],"class_list":["post-14191","post","type-post","status-publish","format-standard","hentry","category-educacao","category-medicina","category-saude-publica","tag-campus-da-famema","tag-lancamento-da-pedra-fundamental-em-2022"],"_links":{"self":[{"href":"https:\/\/miltonmarchioli.com.br\/blog\/wp-json\/wp\/v2\/posts\/14191","targetHints":{"allow":["GET"]}}],"collection":[{"href":"https:\/\/miltonmarchioli.com.br\/blog\/wp-json\/wp\/v2\/posts"}],"about":[{"href":"https:\/\/miltonmarchioli.com.br\/blog\/wp-json\/wp\/v2\/types\/post"}],"author":[{"embeddable":true,"href":"https:\/\/miltonmarchioli.com.br\/blog\/wp-json\/wp\/v2\/users\/2"}],"replies":[{"embeddable":true,"href":"https:\/\/miltonmarchioli.com.br\/blog\/wp-json\/wp\/v2\/comments?post=14191"}],"version-history":[{"count":4,"href":"https:\/\/miltonmarchioli.com.br\/blog\/wp-json\/wp\/v2\/posts\/14191\/revisions"}],"predecessor-version":[{"id":14197,"href":"https:\/\/miltonmarchioli.com.br\/blog\/wp-json\/wp\/v2\/posts\/14191\/revisions\/14197"}],"wp:attachment":[{"href":"https:\/\/miltonmarchioli.com.br\/blog\/wp-json\/wp\/v2\/media?parent=14191"}],"wp:term":[{"taxonomy":"category","embeddable":true,"href":"https:\/\/miltonmarchioli.com.br\/blog\/wp-json\/wp\/v2\/categories?post=14191"},{"taxonomy":"post_tag","embeddable":true,"href":"https:\/\/miltonmarchioli.com.br\/blog\/wp-json\/wp\/v2\/tags?post=14191"}],"curies":[{"name":"wp","href":"https:\/\/api.w.org\/{rel}","templated":true}]}}