{"id":14225,"date":"2025-05-24T16:34:45","date_gmt":"2025-05-24T19:34:45","guid":{"rendered":"https:\/\/miltonmarchioli.com.br\/blog\/?p=14225"},"modified":"2025-10-24T16:46:49","modified_gmt":"2025-10-24T19:46:49","slug":"reintegracao-de-cargo-unesp-faculdade-de-filosofia-e-ciencias-campus-de-marilia","status":"publish","type":"post","link":"https:\/\/miltonmarchioli.com.br\/blog\/reintegracao-de-cargo-unesp-faculdade-de-filosofia-e-ciencias-campus-de-marilia\/","title":{"rendered":"Reintegra\u00e7\u00e3o de cargo Unesp. Faculdade de Filosofia e Ci\u00eancias &#8211; C\u00e2mpus de Mar\u00edlia"},"content":{"rendered":"<p><a href=\"https:\/\/miltonmarchioli.com.br\/blog\/wp-content\/uploads\/MILTON-MARCHIOLI-REINTEGRACAO-8.jpg\"><img loading=\"lazy\" decoding=\"async\" class=\"alignleft size-full wp-image-14226\" src=\"https:\/\/miltonmarchioli.com.br\/blog\/wp-content\/uploads\/MILTON-MARCHIOLI-REINTEGRACAO-8.jpg\" alt=\"\" width=\"1600\" height=\"1200\" srcset=\"https:\/\/miltonmarchioli.com.br\/blog\/wp-content\/uploads\/MILTON-MARCHIOLI-REINTEGRACAO-8.jpg 1600w, https:\/\/miltonmarchioli.com.br\/blog\/wp-content\/uploads\/MILTON-MARCHIOLI-REINTEGRACAO-8-300x225.jpg 300w, https:\/\/miltonmarchioli.com.br\/blog\/wp-content\/uploads\/MILTON-MARCHIOLI-REINTEGRACAO-8-1024x768.jpg 1024w, https:\/\/miltonmarchioli.com.br\/blog\/wp-content\/uploads\/MILTON-MARCHIOLI-REINTEGRACAO-8-768x576.jpg 768w, https:\/\/miltonmarchioli.com.br\/blog\/wp-content\/uploads\/MILTON-MARCHIOLI-REINTEGRACAO-8-1536x1152.jpg 1536w\" sizes=\"auto, (max-width: 1600px) 100vw, 1600px\" \/><\/a>No dia 23 de maio de 2025 efetivou-se reintegra\u00e7\u00e3o do docente Milton Marchioli ao quadro de docentes da Unesp .<\/p>\n<p>O servidor foi aprovado em concurso p\u00fablico em maio de 2014, e o t\u00e9rmino do est\u00e1gio probat\u00f3rio ocorreu em maio de 2017.<\/p>\n<p>Tr\u00eas anos conforme prev\u00ea o artigo 41 da Constitui\u00e7\u00e3o Federal.<\/p>\n<p>Em 2020 deu-se in\u00edcio de avalia\u00e7\u00e3o do servidor fora do prazo legal de avalia\u00e7\u00e3o do docente, e no entender da Comiss\u00e3o do Processo Administrativo Disciplinar (PAD) , entendeu-se de forma equivocada de que o servidor n\u00e3o havia cumprido atividades de extens\u00e3o, embora tenha criado o Ambulat\u00f3rio de Neurologia no CEES da Unesp em 2014, inicialmente na Rua Vicente Ferreira, e posteriormente transferido para a Avenida Hygino Muzzini Filho, 737, e outrossim n\u00e3o tivesse orientado alunos da p\u00f3s-gradua\u00e7\u00e3o, contudo houve orienta\u00e7\u00e3o de\u00a0 alunos do Departamento de Educa\u00e7\u00e3o ( alunos bolsistas do aprimoramento).<\/p>\n<p>Sendo assim, n\u00e3o restou outra alternativa, ap\u00f3s desligamento de forma ilegal em 12\/07\/2021, recorrer-se ao Poder Judici\u00e1rio, por meio de Reclama\u00e7\u00e3o Trabalhista, processo 0011323.89.2022.5.15.033 a fim de se reintegrar o servidor e dar continuidade ao contrato laboral do servidor, o qual foi restabelecido em \u00faltima inst\u00e2ncia pelo Tribunal Superior do Trabalho em fevereiro de 2025.<\/p>\n<p>Sendo assim, o desligamento realizado em 12 julho de 2021, se encerrou com a reintegra\u00e7\u00e3o do docente Milton Marchioli em 23 de maio de 2025.<\/p>\n<p><a href=\"https:\/\/miltonmarchioli.com.br\/blog\/wp-content\/uploads\/TERMO-DE-REINTEGRACAO.jpg\"><img loading=\"lazy\" decoding=\"async\" class=\"aligncenter size-large wp-image-14232\" src=\"https:\/\/miltonmarchioli.com.br\/blog\/wp-content\/uploads\/TERMO-DE-REINTEGRACAO-768x1024.jpg\" alt=\"\" width=\"474\" height=\"632\" srcset=\"https:\/\/miltonmarchioli.com.br\/blog\/wp-content\/uploads\/TERMO-DE-REINTEGRACAO-768x1024.jpg 768w, https:\/\/miltonmarchioli.com.br\/blog\/wp-content\/uploads\/TERMO-DE-REINTEGRACAO-225x300.jpg 225w, https:\/\/miltonmarchioli.com.br\/blog\/wp-content\/uploads\/TERMO-DE-REINTEGRACAO-1152x1536.jpg 1152w, https:\/\/miltonmarchioli.com.br\/blog\/wp-content\/uploads\/TERMO-DE-REINTEGRACAO.jpg 1200w\" sizes=\"auto, (max-width: 474px) 100vw, 474px\" \/><\/a><\/p>\n<p>Na efetiva reintegra\u00e7\u00e3o nossos agradecimentos a servidora Deise Araujo Giovanini Borba que nos acolheu\u00a0 no Departamento de Recursos Humanos da Unesp Mar\u00edlia , e nossa gratid\u00e3o a equipe do escrit\u00f3rio de advocacia tendo como patronos Roberto da Freiria Estev\u00e3o e Danilo Pierote Silva.<\/p>\n<p>&#8221; Porque o Senhor\u00a0ama o ju\u00edzo<br \/>\ne n\u00e3o desampara os seus santos;<br \/>\neles s\u00e3o preservados para sempre;<br \/>\nmas a descend\u00eancia dos \u00edmpios ser\u00e1 desarraigada&#8221;.<\/p>\n<p>Salmo 37:28<\/p>\n<p><a href=\"https:\/\/miltonmarchioli.com.br\/blog\/wp-content\/uploads\/MILTON-MARCHIOLI-REINTEGRACAO-1.jpg\"><img loading=\"lazy\" decoding=\"async\" class=\"alignleft size-full wp-image-14227\" src=\"https:\/\/miltonmarchioli.com.br\/blog\/wp-content\/uploads\/MILTON-MARCHIOLI-REINTEGRACAO-1.jpg\" alt=\"\" width=\"1200\" height=\"1600\" srcset=\"https:\/\/miltonmarchioli.com.br\/blog\/wp-content\/uploads\/MILTON-MARCHIOLI-REINTEGRACAO-1.jpg 1200w, https:\/\/miltonmarchioli.com.br\/blog\/wp-content\/uploads\/MILTON-MARCHIOLI-REINTEGRACAO-1-225x300.jpg 225w, https:\/\/miltonmarchioli.com.br\/blog\/wp-content\/uploads\/MILTON-MARCHIOLI-REINTEGRACAO-1-768x1024.jpg 768w, https:\/\/miltonmarchioli.com.br\/blog\/wp-content\/uploads\/MILTON-MARCHIOLI-REINTEGRACAO-1-1152x1536.jpg 1152w\" sizes=\"auto, (max-width: 1200px) 100vw, 1200px\" \/><\/a><\/p>\n<p>&nbsp;<\/p>\n<p>&nbsp;<\/p>\n","protected":false},"excerpt":{"rendered":"<p>No dia 23 de maio de 2025 efetivou-se reintegra\u00e7\u00e3o do docente Milton Marchioli ao quadro de docentes da Unesp . O servidor foi aprovado em concurso p\u00fablico em maio de 2014, e o t\u00e9rmino do est\u00e1gio probat\u00f3rio ocorreu em maio de 2017. Tr\u00eas anos conforme prev\u00ea o artigo 41 da Constitui\u00e7\u00e3o Federal. Em 2020 deu-se &hellip; <a href=\"https:\/\/miltonmarchioli.com.br\/blog\/reintegracao-de-cargo-unesp-faculdade-de-filosofia-e-ciencias-campus-de-marilia\/\" class=\"more-link\">Continue lendo <span class=\"screen-reader-text\">Reintegra\u00e7\u00e3o de cargo Unesp. Faculdade de Filosofia e Ci\u00eancias &#8211; C\u00e2mpus de Mar\u00edlia<\/span> <span class=\"meta-nav\">&rarr;<\/span><\/a><\/p>\n","protected":false},"author":2,"featured_media":0,"comment_status":"open","ping_status":"closed","sticky":false,"template":"","format":"standard","meta":{"rop_custom_images_group":[],"rop_custom_messages_group":[],"rop_publish_now":"initial","rop_publish_now_accounts":[],"rop_publish_now_history":[],"rop_publish_now_status":"pending","footnotes":""},"categories":[18,332],"tags":[1354,193,1353],"class_list":["post-14225","post","type-post","status-publish","format-standard","hentry","category-direito","category-educacao","tag-departamento-de-fonoaudiologia","tag-milton-marchioli","tag-reintegracao-de-cargo-docencia-unesp-marilia"],"_links":{"self":[{"href":"https:\/\/miltonmarchioli.com.br\/blog\/wp-json\/wp\/v2\/posts\/14225","targetHints":{"allow":["GET"]}}],"collection":[{"href":"https:\/\/miltonmarchioli.com.br\/blog\/wp-json\/wp\/v2\/posts"}],"about":[{"href":"https:\/\/miltonmarchioli.com.br\/blog\/wp-json\/wp\/v2\/types\/post"}],"author":[{"embeddable":true,"href":"https:\/\/miltonmarchioli.com.br\/blog\/wp-json\/wp\/v2\/users\/2"}],"replies":[{"embeddable":true,"href":"https:\/\/miltonmarchioli.com.br\/blog\/wp-json\/wp\/v2\/comments?post=14225"}],"version-history":[{"count":3,"href":"https:\/\/miltonmarchioli.com.br\/blog\/wp-json\/wp\/v2\/posts\/14225\/revisions"}],"predecessor-version":[{"id":14233,"href":"https:\/\/miltonmarchioli.com.br\/blog\/wp-json\/wp\/v2\/posts\/14225\/revisions\/14233"}],"wp:attachment":[{"href":"https:\/\/miltonmarchioli.com.br\/blog\/wp-json\/wp\/v2\/media?parent=14225"}],"wp:term":[{"taxonomy":"category","embeddable":true,"href":"https:\/\/miltonmarchioli.com.br\/blog\/wp-json\/wp\/v2\/categories?post=14225"},{"taxonomy":"post_tag","embeddable":true,"href":"https:\/\/miltonmarchioli.com.br\/blog\/wp-json\/wp\/v2\/tags?post=14225"}],"curies":[{"name":"wp","href":"https:\/\/api.w.org\/{rel}","templated":true}]}}