{"id":14270,"date":"2026-01-28T18:19:02","date_gmt":"2026-01-28T21:19:02","guid":{"rendered":"https:\/\/miltonmarchioli.com.br\/blog\/?p=14270"},"modified":"2026-01-28T18:22:51","modified_gmt":"2026-01-28T21:22:51","slug":"enamed-2026-peso-ou-leveza-na-formacao-medica-sem-o-fardo-da-responsabilidade-tudo-se-torna-insignificante","status":"publish","type":"post","link":"https:\/\/miltonmarchioli.com.br\/blog\/enamed-2026-peso-ou-leveza-na-formacao-medica-sem-o-fardo-da-responsabilidade-tudo-se-torna-insignificante\/","title":{"rendered":"ENAMED 2026. \u201cPeso ou leveza? Na forma\u00e7\u00e3o m\u00e9dica, sem o fardo da responsabilidade, tudo se torna insignificante.\u201d"},"content":{"rendered":"<p><a href=\"https:\/\/miltonmarchioli.com.br\/blog\/wp-content\/uploads\/AVALIACAO.jpeg\"><img loading=\"lazy\" decoding=\"async\" class=\"aligncenter size-medium wp-image-14220\" src=\"https:\/\/miltonmarchioli.com.br\/blog\/wp-content\/uploads\/AVALIACAO-300x189.jpeg\" alt=\"\" width=\"300\" height=\"189\" srcset=\"https:\/\/miltonmarchioli.com.br\/blog\/wp-content\/uploads\/AVALIACAO-300x189.jpeg 300w, https:\/\/miltonmarchioli.com.br\/blog\/wp-content\/uploads\/AVALIACAO-768x484.jpeg 768w, https:\/\/miltonmarchioli.com.br\/blog\/wp-content\/uploads\/AVALIACAO.jpeg 1007w\" sizes=\"auto, (max-width: 300px) 100vw, 300px\" \/><\/a><\/p>\n<p style=\"text-align: left;\"><em>&#8220;A Insustent\u00e1vel Leveza do Ser&#8221;, de Milan Kundera, \u00e9 um romance\u00a0 profundo que explora a dualidade entre leveza e peso na exist\u00eancia humana, ambientado na Tchecoslov\u00e1quia durante a invas\u00e3o sovi\u00e9tica de 1968.<\/em><\/p>\n<p><em>A met\u00e1fora central do livro contrap\u00f5e a leveza e o peso: a leveza pode ser libertadora, mas tamb\u00e9m insignificante; o peso pode ser opressor, mas confere sentido \u00e0 vida. Essa dualidade permeia todas as decis\u00f5es dos personagens, mostrando que n\u00e3o h\u00e1 respostas definitivas&#8230;<\/em><\/p>\n<p><em>Pois bem&#8230;<\/em><\/p>\n<p><em>Analogia Kundera &amp; ENAMED<\/em><\/p>\n<ul>\n<li><em>Milan Kundera abre sua obra com uma provoca\u00e7\u00e3o: viver \u00e9 leveza ou peso?<\/em><\/li>\n<li><em>O eterno retorno de Nietzsche sugere que tudo se repete infinitamente.<\/em><\/li>\n<li><em>Se a vida fosse repetida, cada erro teria peso insuport\u00e1vel.<\/em><\/li>\n<li><em>Mas se ela acontece apenas uma vez, cada falha se dissolve na leveza.<\/em><\/li>\n<li><em>O estudante diante do ENAMED sente exatamente esse dilema.<\/em><\/li>\n<li><em>O peso da prova parece esmagador, como se definisse toda a trajet\u00f3ria.<\/em><\/li>\n<li><em>Cada quest\u00e3o errada \u00e9 vivida como uma marca eterna.<\/em><\/li>\n<li><em>Cada nota baixa \u00e9 sentida como senten\u00e7a definitiva.<\/em><\/li>\n<li><em>Mas Kundera nos lembra: talvez seja apenas leveza.<\/em><\/li>\n<li><em>Talvez o fracasso n\u00e3o seja repetido, mas vivido uma \u00fanica vez.<\/em><\/li>\n<li><em>O erro n\u00e3o precisa ser pris\u00e3o, pode ser aprendizado.<\/em><\/li>\n<li><em>O peso \u00e9 a responsabilidade, a cobran\u00e7a, o medo de n\u00e3o ser suficiente.<\/em><\/li>\n<li><em>A leveza \u00e9 a liberdade de recome\u00e7ar, de tentar de novo.<\/em><\/li>\n<li><em>Alunos que foram considerados incompetentes carregam o peso da avalia\u00e7\u00e3o.<\/em><\/li>\n<li><em>Mas tamb\u00e9m podem escolher a leveza da experi\u00eancia \u00fanica.<\/em><\/li>\n<li><em>O ENAMED n\u00e3o \u00e9 eterno retorno, \u00e9 apenas um momento.<\/em><\/li>\n<li><em>O peso pode esmagar, mas a leveza pode libertar.<\/em><\/li>\n<li><em>O fracasso n\u00e3o define, apenas revela caminhos.<\/em><\/li>\n<li><em>Kundera nos ensina: viver \u00e9 oscilar entre peso e leveza.<\/em><\/li>\n<li><em>E o estudante precisa aprender que at\u00e9 o \u201cincompetente\u201d pode ser leve.<\/em><\/li>\n<\/ul>\n<p><em>No\u00a0<strong>Enamed\u00a02026 <\/strong>foram\u00a0avaliados\u00a0<strong>351\u00a0cursos\u00a0de\u00a0Medicina<\/strong> no Brasil (conceitos de 1 a 5).<\/em><\/p>\n<p><em>Destes,\u00a0<strong>163\u00a0cursos<\/strong> obtiveram excel\u00eancia acad\u00eamica, com conceitos de 4 ou 5, enquanto <strong>107\u00a0cursos<\/strong>\u00a0ficaram\u00a0abaixo\u00a0do\u00a0padr\u00e3o esperado\u00a0e poder\u00e3o enfrentar san\u00e7\u00f5es futuras pelo Minist\u00e9rio da Educa\u00e7\u00e3o: impossibilidade de novos vestibulares e ou redu\u00e7\u00e3o de vagas.<\/em><\/p>\n<p><em>No link\u00a0 todas as faculdades avaliadas e as notas <a href=\"https:\/\/g1.globo.com\/educacao\/noticia\/2026\/01\/19\/desempenho-cursos-de-medicina-enamed.ghtml\">Veja lista e notas dos 351 cursos de Medicina avaliados no Enamed | G1<\/a>\u00a0<\/em><\/p>\n<p><em>A persist\u00eancia de tantos cursos de Medicina em conceitos <strong>1 e 2<\/strong> no ENAMED n\u00e3o pode ser atribu\u00edda apenas aos alunos considerados incompetentes. <\/em><\/p>\n<p><em>O resultado reflete tamb\u00e9m a pr\u00f3pria <strong>estrutura das faculdades<\/strong>, suas metodologias, investimentos e compromisso com a forma\u00e7\u00e3o m\u00e9dica. <\/em><\/p>\n<p><em>Quando o fracasso se repete, n\u00e3o \u00e9 apenas o estudante que falha \u2014 \u00e9 a institui\u00e7\u00e3o que insiste em oferecer uma forma\u00e7\u00e3o insuficiente. <\/em><\/p>\n<p><em>O peso da avalia\u00e7\u00e3o, portanto, recai sobre ambos: alunos e faculdades. Mas \u00e9 nas institui\u00e7\u00f5es que se encontra a responsabilidade maior, pois delas depende a qualidade da educa\u00e7\u00e3o e, em \u00faltima inst\u00e2ncia, a seguran\u00e7a da sociedade que receber\u00e1 esses futuros m\u00e9dicos.<\/em><\/p>\n<p><em>Citando trechos da\u00a0obra de Kundera para o momento real que ocorre na forma\u00e7\u00e3o m\u00e9dica no Brasil:<\/em><\/p>\n<p><strong>&#8220;Quanto mais pesado o fardo, mais perto nossas vidas chegam da terra, mais reais e verdadeiras elas se tornam. Inversamente, a absoluta aus\u00eancia de fardo faz com que o homem seja mais leve que o ar, elevando-se \u00e0s alturas, despedindo-se da terra e de seu ser terreno, e tornando-se apenas meio real, seus movimentos t\u00e3o livres quanto insignificantes. O que ent\u00e3o escolheremos? Peso ou leveza? &#8230; Quando queremos dar express\u00e3o a uma situa\u00e7\u00e3o dram\u00e1tica em nossas vidas, tendemos a usar met\u00e1foras de peso. Dizemos que algo se tornou um grande fardo para n\u00f3s. Ou suportamos o fardo ou falhamos e sucumbimos a ele, lutamos contra ele, vencemos ou perdemos. E Sabina \u2013 o que aconteceu com ela? Nada. Ela havia deixado um homem porque sentiu vontade de deix\u00e1-lo. Ele a havia perseguido? Ele tentou se vingar dela? N\u00e3o. Seu drama n\u00e3o era um drama de peso, mas de leveza. O que lhe coube n\u00e3o foi o fardo, mas a insuport\u00e1vel leveza do ser &#8220;<\/strong><\/p>\n<p>\u201cQuanto mais pesado o fardo, mais reais e verdadeiras nossas vidas se tornam&#8230;\u201d \u2014 Kundera.<\/p>\n<p>No ENAMED, o <strong>peso<\/strong> \u00e9 a responsabilidade das faculdades em formar m\u00e9dicos competentes. Cada conceito 1 ou 2 n\u00e3o \u00e9 apenas reflexo de alunos incompetentes, mas tamb\u00e9m da <strong>insustent\u00e1vel leveza institucional<\/strong>: cursos que se multiplicam sem estrutura, sem compromisso, sem fardo real.<\/p>\n<p>Enquanto os estudantes carregam o peso da reprova\u00e7\u00e3o, muitas faculdades vivem na leveza \u2014 livres de consequ\u00eancias, oferecendo diplomas sem solidez. Mas agora o MEC imp\u00f5e san\u00e7\u00f5es: redu\u00e7\u00e3o de vagas, suspens\u00e3o de vestibulares, supervis\u00e3o especial. O fardo finalmente chega \u00e0s institui\u00e7\u00f5es.<\/p>\n<p>Assim como Kundera nos provoca a escolher entre peso e leveza, o ENAMED mostra que a forma\u00e7\u00e3o m\u00e9dica n\u00e3o pode ser leve demais. Sem peso, ela se torna insignificante. Com peso, ela se torna verdadeira.<\/p>\n<p>Refer\u00eancia: Kundera, M. (2008). <em>A insustent\u00e1vel leveza do ser<\/em> (T. B. C. da Fonseca, Trad.). S\u00e3o Paulo: Companhia das Letras.<\/p>\n<p><a href=\"https:\/\/miltonmarchioli.com.br\/blog\/wp-content\/uploads\/ENAMED-MILAN-KUNDERA.png\"><img loading=\"lazy\" decoding=\"async\" class=\"aligncenter size-large wp-image-14271\" src=\"https:\/\/miltonmarchioli.com.br\/blog\/wp-content\/uploads\/ENAMED-MILAN-KUNDERA-683x1024.png\" alt=\"\" width=\"474\" height=\"711\" srcset=\"https:\/\/miltonmarchioli.com.br\/blog\/wp-content\/uploads\/ENAMED-MILAN-KUNDERA-683x1024.png 683w, https:\/\/miltonmarchioli.com.br\/blog\/wp-content\/uploads\/ENAMED-MILAN-KUNDERA-200x300.png 200w, https:\/\/miltonmarchioli.com.br\/blog\/wp-content\/uploads\/ENAMED-MILAN-KUNDERA-768x1152.png 768w, https:\/\/miltonmarchioli.com.br\/blog\/wp-content\/uploads\/ENAMED-MILAN-KUNDERA.png 1024w\" sizes=\"auto, (max-width: 474px) 100vw, 474px\" \/><\/a><\/p>\n","protected":false},"excerpt":{"rendered":"<p>&#8220;A Insustent\u00e1vel Leveza do Ser&#8221;, de Milan Kundera, \u00e9 um romance\u00a0 profundo que explora a dualidade entre leveza e peso na exist\u00eancia humana, ambientado na Tchecoslov\u00e1quia durante a invas\u00e3o sovi\u00e9tica de 1968. A met\u00e1fora central do livro contrap\u00f5e a leveza e o peso: a leveza pode ser libertadora, mas tamb\u00e9m insignificante; o peso pode ser &hellip; <a href=\"https:\/\/miltonmarchioli.com.br\/blog\/enamed-2026-peso-ou-leveza-na-formacao-medica-sem-o-fardo-da-responsabilidade-tudo-se-torna-insignificante\/\" class=\"more-link\">Continue lendo <span class=\"screen-reader-text\">ENAMED 2026. \u201cPeso ou leveza? Na forma\u00e7\u00e3o m\u00e9dica, sem o fardo da responsabilidade, tudo se torna insignificante.\u201d<\/span> <span class=\"meta-nav\">&rarr;<\/span><\/a><\/p>\n","protected":false},"author":2,"featured_media":0,"comment_status":"open","ping_status":"closed","sticky":false,"template":"","format":"standard","meta":{"rop_custom_images_group":[],"rop_custom_messages_group":[],"rop_publish_now":"initial","rop_publish_now_accounts":[],"rop_publish_now_history":[],"rop_publish_now_status":"pending","footnotes":""},"categories":[332,1075],"tags":[1361,1362],"class_list":["post-14270","post","type-post","status-publish","format-standard","hentry","category-educacao","category-medicina","tag-enamed-2026","tag-ministerio-da-educacao"],"_links":{"self":[{"href":"https:\/\/miltonmarchioli.com.br\/blog\/wp-json\/wp\/v2\/posts\/14270","targetHints":{"allow":["GET"]}}],"collection":[{"href":"https:\/\/miltonmarchioli.com.br\/blog\/wp-json\/wp\/v2\/posts"}],"about":[{"href":"https:\/\/miltonmarchioli.com.br\/blog\/wp-json\/wp\/v2\/types\/post"}],"author":[{"embeddable":true,"href":"https:\/\/miltonmarchioli.com.br\/blog\/wp-json\/wp\/v2\/users\/2"}],"replies":[{"embeddable":true,"href":"https:\/\/miltonmarchioli.com.br\/blog\/wp-json\/wp\/v2\/comments?post=14270"}],"version-history":[{"count":5,"href":"https:\/\/miltonmarchioli.com.br\/blog\/wp-json\/wp\/v2\/posts\/14270\/revisions"}],"predecessor-version":[{"id":14276,"href":"https:\/\/miltonmarchioli.com.br\/blog\/wp-json\/wp\/v2\/posts\/14270\/revisions\/14276"}],"wp:attachment":[{"href":"https:\/\/miltonmarchioli.com.br\/blog\/wp-json\/wp\/v2\/media?parent=14270"}],"wp:term":[{"taxonomy":"category","embeddable":true,"href":"https:\/\/miltonmarchioli.com.br\/blog\/wp-json\/wp\/v2\/categories?post=14270"},{"taxonomy":"post_tag","embeddable":true,"href":"https:\/\/miltonmarchioli.com.br\/blog\/wp-json\/wp\/v2\/tags?post=14270"}],"curies":[{"name":"wp","href":"https:\/\/api.w.org\/{rel}","templated":true}]}}